{"id":156470,"date":"2024-10-02T22:41:46","date_gmt":"2024-10-02T22:41:46","guid":{"rendered":"http:\/\/cordobadirecto.com\/index.php\/2024\/10\/02\/incendios-en-cordoba-se-origino-un-nuevo-foco-en-la-calera-ahora-com-ar\/"},"modified":"2024-10-02T22:41:46","modified_gmt":"2024-10-02T22:41:46","slug":"incendios-en-cordoba-se-origino-un-nuevo-foco-en-la-calera-ahora-com-ar","status":"publish","type":"post","link":"http:\/\/cordobadirecto.com\/index.php\/2024\/10\/02\/incendios-en-cordoba-se-origino-un-nuevo-foco-en-la-calera-ahora-com-ar\/","title":{"rendered":"Incendios en <b>C\u00f3rdoba<\/b>: se origin\u00f3 un <b>nuevo<\/b> foco en La Calera &#8211; ahora.com.ar"},"content":{"rendered":"<p>Este martes se llev\u00f3 a cabo una sesi\u00f3n especial donde se debati\u00f3 declarar la emergencia ambiental, <b>econ\u00f3mica<\/b> y habitacional por 180 d\u00edas. El&nbsp;&#8230; <\/p>\n","protected":false},"excerpt":{"rendered":"<p>Este martes se llev\u00f3 a cabo una sesi\u00f3n especial donde se debati\u00f3 declarar la emergencia ambiental, econ\u00f3mica y habitacional por 180 d\u00edas. El&nbsp;&#8230;<\/p>\n","protected":false},"author":1,"featured_media":0,"comment_status":"closed","ping_status":"closed","sticky":false,"template":"","format":"standard","meta":[],"categories":[40],"tags":[],"_links":{"self":[{"href":"http:\/\/cordobadirecto.com\/index.php\/wp-json\/wp\/v2\/posts\/156470"}],"collection":[{"href":"http:\/\/cordobadirecto.com\/index.php\/wp-json\/wp\/v2\/posts"}],"about":[{"href":"http:\/\/cordobadirecto.com\/index.php\/wp-json\/wp\/v2\/types\/post"}],"author":[{"embeddable":true,"href":"http:\/\/cordobadirecto.com\/index.php\/wp-json\/wp\/v2\/users\/1"}],"replies":[{"embeddable":true,"href":"http:\/\/cordobadirecto.com\/index.php\/wp-json\/wp\/v2\/comments?post=156470"}],"version-history":[{"count":0,"href":"http:\/\/cordobadirecto.com\/index.php\/wp-json\/wp\/v2\/posts\/156470\/revisions"}],"wp:attachment":[{"href":"http:\/\/cordobadirecto.com\/index.php\/wp-json\/wp\/v2\/media?parent=156470"}],"wp:term":[{"taxonomy":"category","embeddable":true,"href":"http:\/\/cordobadirecto.com\/index.php\/wp-json\/wp\/v2\/categories?post=156470"},{"taxonomy":"post_tag","embeddable":true,"href":"http:\/\/cordobadirecto.com\/index.php\/wp-json\/wp\/v2\/tags?post=156470"}],"curies":[{"name":"wp","href":"https:\/\/api.w.org\/{rel}","templated":true}]}}