{"id":156476,"date":"2024-10-03T12:14:03","date_gmt":"2024-10-03T12:14:03","guid":{"rendered":"https:\/\/cordoba.gob.ar\/?p=62006"},"modified":"2024-10-03T12:14:03","modified_gmt":"2024-10-03T12:14:03","slug":"continua-la-colocacion-de-carteleria-inclusiva-en-los-parques-y-plazas-de-la-ciudad","status":"publish","type":"post","link":"http:\/\/cordobadirecto.com\/index.php\/2024\/10\/03\/continua-la-colocacion-de-carteleria-inclusiva-en-los-parques-y-plazas-de-la-ciudad\/","title":{"rendered":"Contin\u00faa la colocaci\u00f3n de carteler\u00eda inclusiva en los parques y plazas de la ciudad"},"content":{"rendered":"<div><img src=\"http:\/\/cordobadirecto.com\/wp-content\/uploads\/2024\/10\/continua-la-colocacion-de-carteleria-inclusiva-en-los-parques-y-plazas-de-la-ciudad.jpg\" class=\"ff-og-image-inserted\"><\/div>\n<ul>\n<li><strong>Ya cuentan con este tipo de carteler\u00eda el Parque Las Heras Elisa, Plaza Alberdi, Plaza de la Intendencia- H\u00e9roes de Malvinas y la Plaza Jer\u00f3nimo del Barco.<\/strong><\/li>\n<li><strong><strong>Estas acciones buscan promover la inclusi\u00f3n social y la mejora de la calidad de vida de las personas con discapacidad.<\/strong><\/strong><br \/>\n<hr>\n<\/li>\n<\/ul>\n<p>Siguiendo el lineamiento de la actual gesti\u00f3n del intendente Daniel Passerini de integrar, conectar y humanizar, la Municipalidad contin\u00faa la campa\u00f1a de se\u00f1alizaci\u00f3n en espacios verdes de la ciudad.<\/p>\n<p>Con el objetivo de garantizar la accesibilidad y la inclusi\u00f3n de todas las personas, se est\u00e1n llevando a cabo tareas para efectuar la instalaci\u00f3n de carteles informativos en parques y plazas. Estos carteles se ilustran con pictogramas claros y concisos, que facilitan la orientaci\u00f3n y el uso de los espacios a personas con discapacidad.<\/p>\n<p>La acci\u00f3n es coordinada a trav\u00e9s de la Direcci\u00f3n General de Discapacidad, perteneciente a la Secretar\u00eda de Pol\u00edticas Sociales y Desarrollo Humano; en un trabajo articulado con organizaciones de la sociedad civil como Fundaci\u00f3n Un Tatuaje por una Sonrisa, Ibis y la comunidad sorda de C\u00f3rdoba.<\/p>\n<p>Ya cuentan con este tipo de carteler\u00eda el Parque Las Heras Elisa, Plaza Alberdi, Plaza de la Intendencia- H\u00e9roes de Malvinas y la Plaza Jer\u00f3nimo del Barco.<\/p>\n<p>La colocaci\u00f3n de carteles continuar\u00e1 en plazas especialmente elegidas por su cercan\u00eda a las fundaciones\/instituciones\/asociaciones civiles con las cuales se trabaja desde la Direcci\u00f3n General de Discapacidad. Las mismas son:<\/p>\n<p>Plaza Los Naranjos, ubicada en barrio Los Naranjos; Plaza Col\u00f3n, en barrio Alberdi; Plaza Polic\u00eda Federal, de&nbsp; barrio San Mart\u00edn Norte, y Plaza Lavalle, que se encuentra en barrio San Vicente<\/p>\n<p>Los pictogramas son s\u00edmbolos visuales que trascienden las barreras ling\u00fc\u00edsticas, permitiendo que personas de diferentes nacionalidades y con distintos niveles de alfabetizaci\u00f3n puedan comprender la informaci\u00f3n de manera r\u00e1pida y sencilla.<\/p>\n<p>Se trata de representaciones gr\u00e1ficas de conceptos, lo que facilita su comprensi\u00f3n. Al poder identificar los servicios y las instalaciones disponibles en un espacio, permite a todas las personas moverse de manera m\u00e1s independiente y segura.<\/p>\n<p>Esta carteler\u00eda tambi\u00e9n expresa un alfabeto en lengua de se\u00f1as argentina, promoviendo su reconocimiento como idioma y contribuyendo a la visibilizaci\u00f3n de la cultura sorda. Esto facilita la interacci\u00f3n entre personas oyentes y sordas, creando un ambiente m\u00e1s inclusivo y respetuoso.<\/p>\n<p>Estas acciones son pol\u00edticas p\u00fablicas que promueven la inclusi\u00f3n social y la mejora de la calidad de vida de las personas con discapacidad. La combinaci\u00f3n de pictogramas y lengua de se\u00f1as garantiza que la informaci\u00f3n sea accesible para personas con discapacidad visual, auditiva, intelectual y del desarrollo.<\/p>\n<p>A su vez, quienes se acerquen podr\u00e1n acceder con su tel\u00e9fono celular desde un QR que lleva a un v\u00eddeo, en donde dos ni\u00f1os sordos cuentan acerca de c\u00f3mo est\u00e1 distribuida la plaza y cu\u00e1les son los juegos que en ella se encuentran y se realiza una traducci\u00f3n oral de la comunicaci\u00f3n que establecen.<\/p>\n<p>Esta gesti\u00f3n municipal entiende que la accesibilidad en los espacios p\u00fablicos es un derecho fundamental para que todas las personas puedan disfrutar de parques y plazas en igualdad de condiciones en toda la ciudad.<\/p>\n","protected":false},"excerpt":{"rendered":"<p>Ya cuentan con este tipo de carteler\u00eda el Parque Las Heras Elisa, Plaza Alberdi, Plaza de la Intendencia- H\u00e9roes de Malvinas y la Plaza Jer\u00f3nimo del Barco. Estas acciones buscan promover la inclusi\u00f3n social y la mejora de la calidad de vida de las personas con discapacidad. Siguiendo el lineamiento de la actual gesti\u00f3n del [&hellip;]<\/p>\n","protected":false},"author":1,"featured_media":156477,"comment_status":"closed","ping_status":"closed","sticky":false,"template":"","format":"standard","meta":[],"categories":[44],"tags":[],"_links":{"self":[{"href":"http:\/\/cordobadirecto.com\/index.php\/wp-json\/wp\/v2\/posts\/156476"}],"collection":[{"href":"http:\/\/cordobadirecto.com\/index.php\/wp-json\/wp\/v2\/posts"}],"about":[{"href":"http:\/\/cordobadirecto.com\/index.php\/wp-json\/wp\/v2\/types\/post"}],"author":[{"embeddable":true,"href":"http:\/\/cordobadirecto.com\/index.php\/wp-json\/wp\/v2\/users\/1"}],"replies":[{"embeddable":true,"href":"http:\/\/cordobadirecto.com\/index.php\/wp-json\/wp\/v2\/comments?post=156476"}],"version-history":[{"count":0,"href":"http:\/\/cordobadirecto.com\/index.php\/wp-json\/wp\/v2\/posts\/156476\/revisions"}],"wp:featuredmedia":[{"embeddable":true,"href":"http:\/\/cordobadirecto.com\/index.php\/wp-json\/wp\/v2\/media\/156477"}],"wp:attachment":[{"href":"http:\/\/cordobadirecto.com\/index.php\/wp-json\/wp\/v2\/media?parent=156476"}],"wp:term":[{"taxonomy":"category","embeddable":true,"href":"http:\/\/cordobadirecto.com\/index.php\/wp-json\/wp\/v2\/categories?post=156476"},{"taxonomy":"post_tag","embeddable":true,"href":"http:\/\/cordobadirecto.com\/index.php\/wp-json\/wp\/v2\/tags?post=156476"}],"curies":[{"name":"wp","href":"https:\/\/api.w.org\/{rel}","templated":true}]}}