{"id":156479,"date":"2024-10-02T15:41:50","date_gmt":"2024-10-02T15:41:50","guid":{"rendered":"https:\/\/cordoba.gob.ar\/?p=62079"},"modified":"2024-10-02T15:41:50","modified_gmt":"2024-10-02T15:41:50","slug":"feria-internacional-de-turismo-2024-destacada-participacion-de-la-ciudad-de-cordoba","status":"publish","type":"post","link":"http:\/\/cordobadirecto.com\/index.php\/2024\/10\/02\/feria-internacional-de-turismo-2024-destacada-participacion-de-la-ciudad-de-cordoba\/","title":{"rendered":"Feria Internacional de Turismo 2024: destacada participaci\u00f3n de la ciudad de C\u00f3rdoba"},"content":{"rendered":"<div><img src=\"http:\/\/cordobadirecto.com\/wp-content\/uploads\/2024\/10\/feria-internacional-de-turismo-2024-destacada-participacion-de-la-ciudad-de-cordoba.jpg\" class=\"ff-og-image-inserted\"><\/div>\n<ul>\n<li><strong>La \u00abDocta\u00bb es l\u00edder del interior del pa\u00eds en el turismo de convenciones, seg\u00fan la Asociaci\u00f3n Internacional de Congresos y Convenciones.<\/strong><\/li>\n<li><strong>La ciudad lanz\u00f3 nuevas propuestas tur\u00edsticas y se profundiz\u00f3 la conexi\u00f3n con otros destinos a nivel nacional e internacional.<\/strong><\/li>\n<\/ul>\n<hr>\n<p>La capital cordobesa brill\u00f3 en su participaci\u00f3n en la 28\u00b0 edici\u00f3n de la Feria Internacional de Turismo, la reuni\u00f3n m\u00e1s grande del sector desarrollada en el predio de la Rural de Buenos Aires.<\/p>\n<p>La Municipalidad de C\u00f3rdoba promocion\u00f3 sus virtudes como destino tur\u00edstico ante m\u00e1s de 120 mil personas, entre las cuales se encontraban p\u00fablico general, expositores, profesionales del sector y representantes de destinos tur\u00edsticos de todo el mundo.<\/p>\n<p>El evento se extendi\u00f3 durante cuatro d\u00edas y tuvo una intensa agenda de presentaciones, reuniones de vinculaci\u00f3n institucional y un stand propio con juegos interactivos.<\/p>\n<p>C\u00f3rdoba lanz\u00f3 las nuevas propuestas tur\u00edsticas de la ciudad, entre las que se destacan el Turismo Cultural y Religioso, el Gastron\u00f3mico, Reuniones y Eventos Deportivos, Turismo de Bienestar y Turismo de Naturaleza. Las iniciativas fueron potenciadas gracias al trabajo junto con el sector privado, grandes referentes del espect\u00e1culo y del deporte cordob\u00e9s.<\/p>\n<p>El encuentro cont\u00f3 con la presencia del secretario de Gobierno, Fiscalizaci\u00f3n y Control, Rodrigo Fern\u00e1ndez, y el subsecretario de Turismo, Marcelo Valdomero.<\/p>\n<p>El espacio cont\u00f3 con la visita de referentes del espect\u00e1culo y el deporte como Lizy Tagliani, Ariel Tarico, Flavio Mendoza, Julio Ch\u00e1vez, y representantes de los clubes de f\u00fatbol locales Talleres, Belgrano e Instituto como tambi\u00e9n, la destacada presencia del campe\u00f3n ol\u00edmpico, Maligno Torres.<\/p>\n<p>Tambi\u00e9n fue parte de la presentaci\u00f3n el representante del Cluster de Turismo Salud, Javier Romero Segura.<\/p>\n<p><strong>Inteligente y sostenible<\/strong><\/p>\n<p>La ciudad tambi\u00e9n fue reconocida por la Red Argentina de Destinos Tur\u00edsticos Inteligentes como l\u00edder en la materia por su adhesi\u00f3n a la implementaci\u00f3n de la norma IRAM DTI 42.101.<\/p>\n<p>\u00abLa Docta\u00bb adem\u00e1s es el \u00fanico municipio de la provincia en adherir al Programa \u201cMunicipios Tur\u00edsticos Sostenibles\u201d, desarrollado por la secretaria de Turismo, Ambiente y Deportes de la Naci\u00f3n.<\/p>\n<p>A su vez, durante la FIT se firmaron importantes acuerdos para el desarrollo del turismo de la ciudad. Uno de ellos fue el de cooperaci\u00f3n mutua entre C\u00f3rdoba y las ciudades de Santa Fe, Rosario y Paran\u00e1 y otro con la Asociaci\u00f3n de Hoteles de Turismo de la Rep\u00fablica Argentina (AHT), para promover la sostenibilidad en el hoteler\u00eda.<\/p>\n<p>A la par se desarrollaron reuniones para profundizar la conexi\u00f3n de C\u00f3rdoba con el resto de los destinos a nivel nacional e internacional, entre las que se destacan Costa Rica, Per\u00fa, Guatemala, Montevideo, Punta del Este, Trelew, Cosqu\u00edn y R\u00edo Cuarto.<\/p>\n<p><strong>Turismo de reuniones<\/strong><\/p>\n<p>La ciudad de C\u00f3rdoba es el destino tur\u00edstico n\u00famero uno del interior del pa\u00eds en este segmento, seg\u00fan la calificaci\u00f3n que hizo asociaci\u00f3n internacional de congresos y convenciones IICA.<\/p>\n<p>En ese marco de acciones junto al sector privado, se llev\u00f3 a cabo una reuni\u00f3n con representantes del Cluster de eventos y espect\u00e1culos de la ciudad y el C\u00f3rdoba Bureau.<\/p>\n<p><strong>Turismo Religioso<\/strong><\/p>\n<p>Tambi\u00e9n, y como parte de las actividades de agenda de la ciudad, se realiz\u00f3 la presentaci\u00f3n del Camino de Brochero, &nbsp;y la participaci\u00f3n del Municipio en el Plenario de la Comisi\u00f3n Argentina de Turismo Religioso de Argentina.<\/p>\n<p><strong>Juegos interactivos<\/strong><\/p>\n<p>Adem\u00e1s del stand integrado con la provincia, la capital se destac\u00f3 este a\u00f1o con un puesto promocional propio donde los visitantes de la feria pudieron descubrir y vivenciar las experiencias que ofrece la ciudad a trav\u00e9s de juegos interactivos.<\/p>\n","protected":false},"excerpt":{"rendered":"<p>La \u00abDocta\u00bb es l\u00edder del interior del pa\u00eds en el turismo de convenciones, seg\u00fan la Asociaci\u00f3n Internacional de Congresos y Convenciones. La ciudad lanz\u00f3 nuevas propuestas tur\u00edsticas y se profundiz\u00f3 la conexi\u00f3n con otros destinos a nivel nacional e internacional. La capital cordobesa brill\u00f3 en su participaci\u00f3n en la 28\u00b0 edici\u00f3n de la Feria Internacional [&hellip;]<\/p>\n","protected":false},"author":1,"featured_media":156480,"comment_status":"closed","ping_status":"closed","sticky":false,"template":"","format":"standard","meta":[],"categories":[44],"tags":[],"_links":{"self":[{"href":"http:\/\/cordobadirecto.com\/index.php\/wp-json\/wp\/v2\/posts\/156479"}],"collection":[{"href":"http:\/\/cordobadirecto.com\/index.php\/wp-json\/wp\/v2\/posts"}],"about":[{"href":"http:\/\/cordobadirecto.com\/index.php\/wp-json\/wp\/v2\/types\/post"}],"author":[{"embeddable":true,"href":"http:\/\/cordobadirecto.com\/index.php\/wp-json\/wp\/v2\/users\/1"}],"replies":[{"embeddable":true,"href":"http:\/\/cordobadirecto.com\/index.php\/wp-json\/wp\/v2\/comments?post=156479"}],"version-history":[{"count":0,"href":"http:\/\/cordobadirecto.com\/index.php\/wp-json\/wp\/v2\/posts\/156479\/revisions"}],"wp:featuredmedia":[{"embeddable":true,"href":"http:\/\/cordobadirecto.com\/index.php\/wp-json\/wp\/v2\/media\/156480"}],"wp:attachment":[{"href":"http:\/\/cordobadirecto.com\/index.php\/wp-json\/wp\/v2\/media?parent=156479"}],"wp:term":[{"taxonomy":"category","embeddable":true,"href":"http:\/\/cordobadirecto.com\/index.php\/wp-json\/wp\/v2\/categories?post=156479"},{"taxonomy":"post_tag","embeddable":true,"href":"http:\/\/cordobadirecto.com\/index.php\/wp-json\/wp\/v2\/tags?post=156479"}],"curies":[{"name":"wp","href":"https:\/\/api.w.org\/{rel}","templated":true}]}}