{"id":156514,"date":"2024-10-04T01:28:22","date_gmt":"2024-10-04T01:28:22","guid":{"rendered":"https:\/\/cordoba.gob.ar\/?p=62159"},"modified":"2024-10-04T01:28:22","modified_gmt":"2024-10-04T01:28:22","slug":"passerini-inauguro-el-cpc-general-paz-el-municipio-mas-cerca-de-20-mil-vecinos-y-vecinas","status":"publish","type":"post","link":"http:\/\/cordobadirecto.com\/index.php\/2024\/10\/04\/passerini-inauguro-el-cpc-general-paz-el-municipio-mas-cerca-de-20-mil-vecinos-y-vecinas\/","title":{"rendered":"Passerini inaugur\u00f3 el CPC General Paz: el municipio m\u00e1s cerca de 20 mil vecinos y vecinas"},"content":{"rendered":"<div><img src=\"http:\/\/cordobadirecto.com\/wp-content\/uploads\/2024\/10\/passerini-inauguro-el-cpc-general-paz-el-municipio-mas-cerca-de-20-mil-vecinos-y-vecinas.jpg\" class=\"ff-og-image-inserted\"><\/div>\n<ul class=\"ak-ul\">\n<li><strong>Con el recientemente inaugurado suman 17 los Centros de Participaci\u00f3n Comunal en la ciudad. Es el primero que se pone en marcha durante la actual gesti\u00f3n.<\/strong><\/li>\n<li><strong>Adem\u00e1s de los tr\u00e1mites usuales que realizan todos los entes descentralizados, tendr\u00e1 Nodo Joven, Punto Mujer y aulas para el desarrollo de actividades, cursos y talleres.<\/strong><\/li>\n<\/ul>\n<hr>\n<p>El Centro de Participaci\u00f3n Comunal n\u00famero 17 ya se encuentra operativo: llevar\u00e1 soluciones y respuestas a m\u00e1s de 20 mil vecinos y vecinas, en la jurisdicci\u00f3n que comprende los barrios General Paz, Juniors, Bajo General Paz y Patria.<\/p>\n<p>El intendente Daniel Passerini presidi\u00f3 el acto inaugural y apertura del flamante CPC, que ya desde ma\u00f1ana atender\u00e1 a los ciudadanas y ciudadanos de la zona este.<\/p>\n<p>\u201cHace cuatro a\u00f1os y diez meses nos toco la oportunidad junto a Martin Llaryora nuestro actual gobernador, de asumir la responsabilidad de gobernar la ciudad y decidimos retomar la agenda de descentralizaci\u00f3n de Rub\u00e9n Am\u00e9rico Mart\u00ed: creamos 14 Centros Operativos, 3 CPC y fortalecimos los lazos sociales en los Centros de Encuentro Barrial. Pero la gran decisi\u00f3n fue que Municipio y Provincia trabajen en un mismo sentido\u201d, resalt\u00f3 Passerini.<\/p>\n<p>\u201cEn momentos tan dif\u00edciles que atraviesa mucha gente, no sirve implantar discursos de violencia, no sirve seguir abriendo grietas. Frente a tanta indiferencia, para nosotros la gente sigue teniendo cara, sigue teniendo coraz\u00f3n y sigue teniendo esp\u00edritu. Vamos a seguir defendiendo cada uno de los derechos conquistados y los valores de la historia de C\u00f3rdoba que es la vanguardia para el futuro\u201d, sentenci\u00f3.<\/p>\n<p>\u201cUn lugar con historia va a ser un portal para el futuro, garantizando derechos que nunca vamos a dejar de defender\u201d, cerr\u00f3 su discurso el intendente Daniel Passerini.<\/p>\n<p>Por su parte, el secretario de Participaci\u00f3n ciudadana y Juventud, Juan Domingo Viola, expres\u00f3: \u201c Hoy, en esta l\u00f3gica de la ciudad en donde los barrios van cambiando, los Estados tienen que ir modificando, adapt\u00e1ndose, acompa\u00f1ando y siendo motores de los cambios que se interpretan y se consideran como positivos. Y este es uno\u201d.<\/p>\n<p>\u201cEl Municipio se agranda y pone un pie en una zona para transformarla y tener presencia. No es \u00fanicamente la oficina de carnet de conducir o registro civil, ac\u00e1 hay una mesa atendida para los comerciantes de la zona, para los clubes, para las actividades de los centros vecinales y para que los vecinos y vecinas puedan realizar tr\u00e1mites y la gente de esta zona pueda estar mejor, colaborando con el desarrollo del lugar\u201d, concluy\u00f3.<\/p>\n<p>Este CPC, al igual que los dem\u00e1s, brindar\u00e1 servicios relacionados con tr\u00e1mites de cambio de domicilio, matrimonio, licencias de conducir, renovaci\u00f3n o nuevo DNI, partidas de nacimiento y defunci\u00f3n, obras privadas y recursos tributarios.<\/p>\n<p>El horario de atenci\u00f3n ser\u00e1 de lunes a viernes de 08:00 a 14:00 horas.<\/p>\n<p>Donato Latella Fr\u00edas, vecino de barrio General Paz, expres\u00f3 con alegr\u00eda la apertura del nuevo CPC, \u201cPara m\u00ed es muy importante estar hoy ac\u00e1 porque es recuperar un espacio que estuvo tanto tiempo abandonado y es saber que vamos a tener una atenci\u00f3n puntual para nuestros problemas. La descentralizaci\u00f3n es algo fundamental para poder atender las necesidades de cada sector\u201d<\/p>\n<p>Por su parte, Yolanda L\u00f3pez Lara, secretaria del Colegio de Arquitectos de la provincia de C\u00f3rdoba y presidenta de la Asociaci\u00f3n de Amigos del Museo de la Industria manifest\u00f3 el orgullo de estar en el nuevo espacio y agradeci\u00f3 a la gesti\u00f3n del intendente Daniel Passerini por la concreci\u00f3n del CPC.<\/p>\n<p><strong>La puesta a punto del CPC<\/strong><\/p>\n<p>El arquitecto Miguel \u00c1ngel Roca dise\u00f1\u00f3 y ejecut\u00f3 esta estructura en \u201cele\u201d que abraza al Centro Cultural en 1982.<\/p>\n<p>Con el tiempo y la falta de mantenimiento, el espacio que llevaba adelante talleres de canto, danza, tango, entre otros, comenz\u00f3 a menguar su actividad.<\/p>\n<p>Durante los \u00faltimos a\u00f1os como intendente del hoy gobernador, Mart\u00edn Llaryora, se realizaron tareas de impermeabilizaci\u00f3n, reparaci\u00f3n de humedades y restauraci\u00f3n de ba\u00f1os e instalaci\u00f3n de artefactos sanitarios modernos; obras que devolvieron la vida social del lugar.<\/p>\n<p>Para su adecuaci\u00f3n como CPC, la actual gesti\u00f3n municipal del intendente Daniel Passerini realiz\u00f3 trabajos de mamposter\u00eda para adaptar cada una de las nuevas secciones que componen el Centro de Participaci\u00f3n Comunal.<\/p>\n<p>Se realiz\u00f3 nuevo tendido el\u00e9ctrico y de red, se construyeron ba\u00f1os para personas con discapacidad y se brind\u00f3 accesibilidad con nuevas rampas de acceso.<\/p>\n<p>Las tareas respetaron las construcciones existentes, al mismo tiempo que embellecieron el espacio, que ahora se ve revitalizado.<\/p>\n<p><strong>C\u00f3mo se compone el nuevo CPC<\/strong><\/p>\n<p>Tendr\u00e1 un total de 16 espacios, entre los que se encuentran el Nodo Joven, una de las nuevas propuestas de la actual gesti\u00f3n municipal para las nuevas generaciones, y un Punto Mujer para la protecci\u00f3n de los derechos de las mujeres.<\/p>\n<p>Tambi\u00e9n dispone de dos aulas para el desarrollo de cursos, talleres y actividades educativas, deportivas y culturales, que estar\u00e1n a disposici\u00f3n de todos los vecinos y vecinas.<\/p>\n<p>De esta forma, el lugar se levanta como un espacio no solo de atenci\u00f3n, sino tambi\u00e9n de activa participaci\u00f3n ciudadana, educaci\u00f3n, recreaci\u00f3n y entretenimiento.<\/p>\n<p><strong>La jurisdicci\u00f3n del CPC<\/strong><\/p>\n<p>El \u00e1rea de incidencia del CPC General Paz abarca un importante cuadrante de la zona este de la ciudad, delimitados entre el Suqu\u00eda, la calle Libertad y la Avenida Patria.<\/p>\n<p>A partir de hoy, quienes residen en los barrios General Paz, Juniors, Bajo General Paz y Patria, tienen al municipio m\u00e1s cerca de su hogar.<\/p>\n","protected":false},"excerpt":{"rendered":"<p>Con el recientemente inaugurado suman 17 los Centros de Participaci\u00f3n Comunal en la ciudad. Es el primero que se pone en marcha durante la actual gesti\u00f3n. Adem\u00e1s de los tr\u00e1mites usuales que realizan todos los entes descentralizados, tendr\u00e1 Nodo Joven, Punto Mujer y aulas para el desarrollo de actividades, cursos y talleres. El Centro de [&hellip;]<\/p>\n","protected":false},"author":1,"featured_media":156515,"comment_status":"closed","ping_status":"closed","sticky":false,"template":"","format":"standard","meta":[],"categories":[44],"tags":[],"_links":{"self":[{"href":"http:\/\/cordobadirecto.com\/index.php\/wp-json\/wp\/v2\/posts\/156514"}],"collection":[{"href":"http:\/\/cordobadirecto.com\/index.php\/wp-json\/wp\/v2\/posts"}],"about":[{"href":"http:\/\/cordobadirecto.com\/index.php\/wp-json\/wp\/v2\/types\/post"}],"author":[{"embeddable":true,"href":"http:\/\/cordobadirecto.com\/index.php\/wp-json\/wp\/v2\/users\/1"}],"replies":[{"embeddable":true,"href":"http:\/\/cordobadirecto.com\/index.php\/wp-json\/wp\/v2\/comments?post=156514"}],"version-history":[{"count":0,"href":"http:\/\/cordobadirecto.com\/index.php\/wp-json\/wp\/v2\/posts\/156514\/revisions"}],"wp:featuredmedia":[{"embeddable":true,"href":"http:\/\/cordobadirecto.com\/index.php\/wp-json\/wp\/v2\/media\/156515"}],"wp:attachment":[{"href":"http:\/\/cordobadirecto.com\/index.php\/wp-json\/wp\/v2\/media?parent=156514"}],"wp:term":[{"taxonomy":"category","embeddable":true,"href":"http:\/\/cordobadirecto.com\/index.php\/wp-json\/wp\/v2\/categories?post=156514"},{"taxonomy":"post_tag","embeddable":true,"href":"http:\/\/cordobadirecto.com\/index.php\/wp-json\/wp\/v2\/tags?post=156514"}],"curies":[{"name":"wp","href":"https:\/\/api.w.org\/{rel}","templated":true}]}}