{"id":156516,"date":"2024-10-03T23:05:31","date_gmt":"2024-10-03T23:05:31","guid":{"rendered":"https:\/\/cordoba.gob.ar\/?p=62155"},"modified":"2024-10-03T23:05:31","modified_gmt":"2024-10-03T23:05:31","slug":"durante-todo-octubre-la-rueda-eiffel-del-parque-sarmiento-se-iluminara-de-color-rosa","status":"publish","type":"post","link":"http:\/\/cordobadirecto.com\/index.php\/2024\/10\/03\/durante-todo-octubre-la-rueda-eiffel-del-parque-sarmiento-se-iluminara-de-color-rosa\/","title":{"rendered":"Durante todo octubre la Rueda Eiffel del Parque Sarmiento se iluminar\u00e1 de color rosa"},"content":{"rendered":"<div><img src=\"http:\/\/cordobadirecto.com\/wp-content\/uploads\/2024\/10\/durante-todo-octubre-la-rueda-eiffel-del-parque-sarmiento-se-iluminara-de-color-rosa.jpg\" class=\"ff-og-image-inserted\"><\/div>\n<p><strong>\u00b7&nbsp;&nbsp;&nbsp;&nbsp;&nbsp;&nbsp;&nbsp;&nbsp; El gran atractivo se suma a la campa\u00f1a \u201cC\u00f3rdoba Rosa-Elijo Cuidarme\u201d para crear conciencia y sensibilizaci\u00f3n sobre el C\u00e1ncer de Mama<\/strong><\/p>\n<hr>\n<p>La estructura, ubicada en el Parque de la Biodiversidad, que fuera recuperada por el ente BioC\u00f3rdoba, se enciende todos los d\u00edas a las 20.30 horas&nbsp; y queda prendida durante toda la noche , a la vez que gira durante 15 minutos.<\/p>\n<p>La Rueda Eiffel, uno de los s\u00edmbolos del Parque Sarmiento, se suma durante todo octubre al \u201cMes Rosa\u201d de concientizaci\u00f3n sobre el C\u00e1ncer de Mama.<\/p>\n<p>De este modo, la estructura circular de 27 metros de di\u00e1metro, se te\u00f1ir\u00e1 a lo largo de color rosado a lo largo de todo el mes.<\/p>\n<p>De este modo, se busca visibilizar la lucha contra el C\u00e1ncer de Mama, llamando a las mujeres a realizarse los estudios de control que colaboren con la detecci\u00f3n temprana de la enfermedad.<\/p>\n<p>Desde el Mirador del Coniferal se puede acceder, de manera libre y gratuita, se puede observar la ciudad en altura y acercarse a la noria iluminada.<\/p>\n","protected":false},"excerpt":{"rendered":"<p>\u00b7&nbsp;&nbsp;&nbsp;&nbsp;&nbsp;&nbsp;&nbsp;&nbsp; El gran atractivo se suma a la campa\u00f1a \u201cC\u00f3rdoba Rosa-Elijo Cuidarme\u201d para crear conciencia y sensibilizaci\u00f3n sobre el C\u00e1ncer de Mama La estructura, ubicada en el Parque de la Biodiversidad, que fuera recuperada por el ente BioC\u00f3rdoba, se enciende todos los d\u00edas a las 20.30 horas&nbsp; y queda prendida durante toda la noche , [&hellip;]<\/p>\n","protected":false},"author":1,"featured_media":156517,"comment_status":"closed","ping_status":"closed","sticky":false,"template":"","format":"standard","meta":[],"categories":[44],"tags":[],"_links":{"self":[{"href":"http:\/\/cordobadirecto.com\/index.php\/wp-json\/wp\/v2\/posts\/156516"}],"collection":[{"href":"http:\/\/cordobadirecto.com\/index.php\/wp-json\/wp\/v2\/posts"}],"about":[{"href":"http:\/\/cordobadirecto.com\/index.php\/wp-json\/wp\/v2\/types\/post"}],"author":[{"embeddable":true,"href":"http:\/\/cordobadirecto.com\/index.php\/wp-json\/wp\/v2\/users\/1"}],"replies":[{"embeddable":true,"href":"http:\/\/cordobadirecto.com\/index.php\/wp-json\/wp\/v2\/comments?post=156516"}],"version-history":[{"count":0,"href":"http:\/\/cordobadirecto.com\/index.php\/wp-json\/wp\/v2\/posts\/156516\/revisions"}],"wp:featuredmedia":[{"embeddable":true,"href":"http:\/\/cordobadirecto.com\/index.php\/wp-json\/wp\/v2\/media\/156517"}],"wp:attachment":[{"href":"http:\/\/cordobadirecto.com\/index.php\/wp-json\/wp\/v2\/media?parent=156516"}],"wp:term":[{"taxonomy":"category","embeddable":true,"href":"http:\/\/cordobadirecto.com\/index.php\/wp-json\/wp\/v2\/categories?post=156516"},{"taxonomy":"post_tag","embeddable":true,"href":"http:\/\/cordobadirecto.com\/index.php\/wp-json\/wp\/v2\/tags?post=156516"}],"curies":[{"name":"wp","href":"https:\/\/api.w.org\/{rel}","templated":true}]}}