{"id":156518,"date":"2024-10-04T11:16:35","date_gmt":"2024-10-04T11:16:35","guid":{"rendered":"http:\/\/cordobadirecto.com\/index.php\/2024\/10\/04\/a-partir-de-hoy-el-transporte-interurbano-sube-en-cordoba-un-6-cba24n\/"},"modified":"2024-10-04T11:16:35","modified_gmt":"2024-10-04T11:16:35","slug":"a-partir-de-hoy-el-transporte-interurbano-sube-en-cordoba-un-6-cba24n","status":"publish","type":"post","link":"http:\/\/cordobadirecto.com\/index.php\/2024\/10\/04\/a-partir-de-hoy-el-transporte-interurbano-sube-en-cordoba-un-6-cba24n\/","title":{"rendered":"A partir de hoy, el transporte interurbano sube en <b>C\u00f3rdoba<\/b> un 6% &#8211; Cba24n"},"content":{"rendered":"<p>&#8230; <b>nuevo<\/b> CPC de barrio General Paz. <b>C\u00f3rdoba<\/b>. El intendente Daniel &#8230; <b>econom\u00eda<\/b>. <b>C\u00f3rdoba<\/b>: en septiembre la recaudaci\u00f3n se mantuvo estable. <b>C\u00f3rdoba<\/b>&nbsp;&#8230; <\/p>\n","protected":false},"excerpt":{"rendered":"<p>&#8230; nuevo CPC de barrio General Paz. C\u00f3rdoba. El intendente Daniel &#8230; econom\u00eda. C\u00f3rdoba: en septiembre la recaudaci\u00f3n se mantuvo estable. C\u00f3rdoba&nbsp;&#8230;<\/p>\n","protected":false},"author":1,"featured_media":0,"comment_status":"closed","ping_status":"closed","sticky":false,"template":"","format":"standard","meta":[],"categories":[40],"tags":[],"_links":{"self":[{"href":"http:\/\/cordobadirecto.com\/index.php\/wp-json\/wp\/v2\/posts\/156518"}],"collection":[{"href":"http:\/\/cordobadirecto.com\/index.php\/wp-json\/wp\/v2\/posts"}],"about":[{"href":"http:\/\/cordobadirecto.com\/index.php\/wp-json\/wp\/v2\/types\/post"}],"author":[{"embeddable":true,"href":"http:\/\/cordobadirecto.com\/index.php\/wp-json\/wp\/v2\/users\/1"}],"replies":[{"embeddable":true,"href":"http:\/\/cordobadirecto.com\/index.php\/wp-json\/wp\/v2\/comments?post=156518"}],"version-history":[{"count":0,"href":"http:\/\/cordobadirecto.com\/index.php\/wp-json\/wp\/v2\/posts\/156518\/revisions"}],"wp:attachment":[{"href":"http:\/\/cordobadirecto.com\/index.php\/wp-json\/wp\/v2\/media?parent=156518"}],"wp:term":[{"taxonomy":"category","embeddable":true,"href":"http:\/\/cordobadirecto.com\/index.php\/wp-json\/wp\/v2\/categories?post=156518"},{"taxonomy":"post_tag","embeddable":true,"href":"http:\/\/cordobadirecto.com\/index.php\/wp-json\/wp\/v2\/tags?post=156518"}],"curies":[{"name":"wp","href":"https:\/\/api.w.org\/{rel}","templated":true}]}}