{"id":156799,"date":"2024-10-10T20:32:57","date_gmt":"2024-10-10T20:32:57","guid":{"rendered":"https:\/\/cordoba.gob.ar\/?p=62455"},"modified":"2024-10-10T20:32:57","modified_gmt":"2024-10-10T20:32:57","slug":"este-sabado-en-el-cementerio-san-vicente-la-historia-de-maquinaria-castillo-y-una-de-las-epocas-mas-oscuras-de-la-argentina","status":"publish","type":"post","link":"http:\/\/cordobadirecto.com\/index.php\/2024\/10\/10\/este-sabado-en-el-cementerio-san-vicente-la-historia-de-maquinaria-castillo-y-una-de-las-epocas-mas-oscuras-de-la-argentina\/","title":{"rendered":"Este s\u00e1bado en el cementerio San Vicente: la historia de \u201cMaquinaria\u201d Castillo y una de las \u00e9pocas m\u00e1s oscuras de la Argentina"},"content":{"rendered":"<div><img src=\"http:\/\/cordobadirecto.com\/wp-content\/uploads\/2024\/10\/este-sabado-en-el-cementerio-san-vicente-la-historia-de-maquinaria-castillo-y-una-de-las-epocas-mas-oscuras-de-la-argentina.jpg\" class=\"ff-og-image-inserted\"><\/div>\n<ul class=\"ak-ul\">\n<li><strong>Tras varios a\u00f1os de inactividad y en pleno proceso de puesta en valor, el camposanto revela la historia de quien fuera amigo y bajista de Rodrigo Bueno.<\/strong><\/li>\n<li><strong>El Memorial nos invita a reflexionar sobre los desaparecidos durante la \u00faltima dictadura militar.<\/strong><\/li>\n<\/ul>\n<hr>\n<p>Vecinos y vecinas podr\u00e1n realizar un recorrido guiado por el cementerio San Vicente, constituido en 1887 como consecuencia de una epidemia de c\u00f3lera, espacio donde descubrir\u00e1n historias y milagros ocultos.<\/p>\n<p>Quienes deseen realizar el recorrido, que es libre y gratuito, deben presentarse en el ingreso que el camposanto tiene sobre calle Soto a las 15.00 horas.<\/p>\n<p>Durante la visita guiada que atraviesa las 45 hect\u00e1reas del cementerio, los visitantes pasar\u00e1n por la zona COVID, lugar en donde descansan aquellos que perdieron la vida durante la Pandemia.<\/p>\n<p>El recorrido continuar\u00e1 por el Paseo del Consuelo, lugar en el que se encuentra el cenotafio en honor de Anah\u00ed Bulnes, docente asesinada y cuyo cuerpo no ha sido encontrado.<\/p>\n<p>El trayecto sigue hasta llegar a donde descansan los restos de Daniel \u201cMaquinaria\u201d Castillo, bajista y amigo de Rodrigo Bueno, y a quien este \u00faltimo le escribi\u00f3 a modo de despedida la canci\u00f3n \u201cUn Largo Camino al Cielo\u201d.<\/p>\n<p>La visita culmina en el crematorio, una verdadera reliquia que durante mucho tiempo estuvo en el olvido.<\/p>\n<p>La visita tendr\u00e1 como punto c\u00falmine \u201cEl Memorial\u201d en homenaje a los detenidos y desaparecidos durante la \u00faltima dictadura militar, una de las p\u00e1ginas negras y m\u00e1s macabras de la historia argentina.<\/p>\n<p>En el sitio se hicieron desaparecer, tras ser cremadas \u00f3 sepultadas en las denominadas fosas comunes, las personas que figuraban como detenidas durante esta \u00e9poca nefasta.<\/p>\n<p>Cabe destacar que en caso de lluvia, la actividad se suspende.<\/p>\n","protected":false},"excerpt":{"rendered":"<p>Tras varios a\u00f1os de inactividad y en pleno proceso de puesta en valor, el camposanto revela la historia de quien fuera amigo y bajista de Rodrigo Bueno. El Memorial nos invita a reflexionar sobre los desaparecidos durante la \u00faltima dictadura militar. Vecinos y vecinas podr\u00e1n realizar un recorrido guiado por el cementerio San Vicente, constituido [&hellip;]<\/p>\n","protected":false},"author":1,"featured_media":156800,"comment_status":"closed","ping_status":"closed","sticky":false,"template":"","format":"standard","meta":[],"categories":[44],"tags":[],"_links":{"self":[{"href":"http:\/\/cordobadirecto.com\/index.php\/wp-json\/wp\/v2\/posts\/156799"}],"collection":[{"href":"http:\/\/cordobadirecto.com\/index.php\/wp-json\/wp\/v2\/posts"}],"about":[{"href":"http:\/\/cordobadirecto.com\/index.php\/wp-json\/wp\/v2\/types\/post"}],"author":[{"embeddable":true,"href":"http:\/\/cordobadirecto.com\/index.php\/wp-json\/wp\/v2\/users\/1"}],"replies":[{"embeddable":true,"href":"http:\/\/cordobadirecto.com\/index.php\/wp-json\/wp\/v2\/comments?post=156799"}],"version-history":[{"count":0,"href":"http:\/\/cordobadirecto.com\/index.php\/wp-json\/wp\/v2\/posts\/156799\/revisions"}],"wp:featuredmedia":[{"embeddable":true,"href":"http:\/\/cordobadirecto.com\/index.php\/wp-json\/wp\/v2\/media\/156800"}],"wp:attachment":[{"href":"http:\/\/cordobadirecto.com\/index.php\/wp-json\/wp\/v2\/media?parent=156799"}],"wp:term":[{"taxonomy":"category","embeddable":true,"href":"http:\/\/cordobadirecto.com\/index.php\/wp-json\/wp\/v2\/categories?post=156799"},{"taxonomy":"post_tag","embeddable":true,"href":"http:\/\/cordobadirecto.com\/index.php\/wp-json\/wp\/v2\/tags?post=156799"}],"curies":[{"name":"wp","href":"https:\/\/api.w.org\/{rel}","templated":true}]}}