{"id":156824,"date":"2024-10-11T16:44:06","date_gmt":"2024-10-11T16:44:06","guid":{"rendered":"https:\/\/cordoba.gob.ar\/?p=62474"},"modified":"2024-10-11T16:44:06","modified_gmt":"2024-10-11T16:44:06","slug":"viernes-en-la-feria-del-libro","status":"publish","type":"post","link":"http:\/\/cordobadirecto.com\/index.php\/2024\/10\/11\/viernes-en-la-feria-del-libro\/","title":{"rendered":"Viernes en la Feria del Libro"},"content":{"rendered":"<div><img src=\"http:\/\/cordobadirecto.com\/wp-content\/uploads\/2024\/10\/viernes-en-la-feria-del-libro.jpg\" class=\"ff-og-image-inserted\"><\/div>\n<ul>\n<li>Rocambole se presentar\u00e1 a las 18 horas y Mart\u00edn Kohan a las 20 horas.<\/li>\n<\/ul>\n<hr>\n<p>La 38\u00b0 Feria del Libro C\u00f3rdoba ofrecer\u00e1 un especial inicio de fin de semana largo en la ciudad, con numerosas actividades gratuitas para disfrutar en familia y con amigos.<\/p>\n<p>A las 16 horas, el Espacio Vicente Luy ofrecer\u00e1 un \u201cTaller de historietas para chicas y chicos\u201d. A la misma hora, el Escenario Nury Taborda inaugurar\u00e1 la programaci\u00f3n musical del d\u00eda con la milonga y baile de Eclisse Tango.<\/p>\n<p>A las 17 horas, Ale de la O y Nati Moya presentar\u00e1n \u201cPostales de Pickwick\u201d en el Espacio Cristina Bajo; y a las 17:30 destaca la presentaci\u00f3n de los bookfluencers Agustina C\u00e1mara y Gonzalo Ludue\u00f1a, con \u201c\u00bfPor qu\u00e9 los j\u00f3venes no leen lo que los adultos quieren que lean?\u201d en el Escenario Nury Taborda.<\/p>\n<p>A las 18 horas, Rocambole llegar\u00e1 para presentar su libro \u201cLas Mil y una Noches de Patricio Rey\u201d en el Espacio Daniel Salzano; y la agenda ricotera no termina ah\u00ed, pues a las 20 horas tocar\u00e1 en el Escenario Nury Taborda la banda \u201cNene nena\u201d, en un homenaje a la m\u00edtica banda popular.<\/p>\n<p>A la misma hora, pero en el Espacio Daniel Salzano, el escritor Mart\u00edn Kohan ser\u00e1 entrevistado por Mart\u00edn Cristal en \u201cConfesiones de Mart\u00edn Kohan\u201d, donde conversar\u00e1n sobre los tel\u00e9fonos, la memoria y las redes sociales.<\/p>\n<p>A las 21 horas, la jornada finalizar\u00e1 con la presentaci\u00f3n de Licks, una agrupaci\u00f3n que interpreta canciones instrumentales del estilo jazz\/rock y el agregado de lat\u00edn pop.<\/p>\n<p>La grilla completa se puede consultar <a href=\"https:\/\/docs.google.com\/document\/d\/1NcIHWTbeOOp6j2ZyGq6iW_AZC2hpqxsg\/edit\">en este enlace<\/a>.<\/p>\n","protected":false},"excerpt":{"rendered":"<p>Rocambole se presentar\u00e1 a las 18 horas y Mart\u00edn Kohan a las 20 horas. La 38\u00b0 Feria del Libro C\u00f3rdoba ofrecer\u00e1 un especial inicio de fin de semana largo en la ciudad, con numerosas actividades gratuitas para disfrutar en familia y con amigos. A las 16 horas, el Espacio Vicente Luy ofrecer\u00e1 un \u201cTaller de [&hellip;]<\/p>\n","protected":false},"author":1,"featured_media":156825,"comment_status":"closed","ping_status":"closed","sticky":false,"template":"","format":"standard","meta":[],"categories":[44],"tags":[],"_links":{"self":[{"href":"http:\/\/cordobadirecto.com\/index.php\/wp-json\/wp\/v2\/posts\/156824"}],"collection":[{"href":"http:\/\/cordobadirecto.com\/index.php\/wp-json\/wp\/v2\/posts"}],"about":[{"href":"http:\/\/cordobadirecto.com\/index.php\/wp-json\/wp\/v2\/types\/post"}],"author":[{"embeddable":true,"href":"http:\/\/cordobadirecto.com\/index.php\/wp-json\/wp\/v2\/users\/1"}],"replies":[{"embeddable":true,"href":"http:\/\/cordobadirecto.com\/index.php\/wp-json\/wp\/v2\/comments?post=156824"}],"version-history":[{"count":0,"href":"http:\/\/cordobadirecto.com\/index.php\/wp-json\/wp\/v2\/posts\/156824\/revisions"}],"wp:featuredmedia":[{"embeddable":true,"href":"http:\/\/cordobadirecto.com\/index.php\/wp-json\/wp\/v2\/media\/156825"}],"wp:attachment":[{"href":"http:\/\/cordobadirecto.com\/index.php\/wp-json\/wp\/v2\/media?parent=156824"}],"wp:term":[{"taxonomy":"category","embeddable":true,"href":"http:\/\/cordobadirecto.com\/index.php\/wp-json\/wp\/v2\/categories?post=156824"},{"taxonomy":"post_tag","embeddable":true,"href":"http:\/\/cordobadirecto.com\/index.php\/wp-json\/wp\/v2\/tags?post=156824"}],"curies":[{"name":"wp","href":"https:\/\/api.w.org\/{rel}","templated":true}]}}