{"id":156841,"date":"2024-10-11T23:37:31","date_gmt":"2024-10-11T23:37:31","guid":{"rendered":"https:\/\/cordoba.gob.ar\/?p=62486"},"modified":"2024-10-11T23:37:31","modified_gmt":"2024-10-11T23:37:31","slug":"passerini-abrio-la-feria-del-libro-2024-y-recorrio-los-stands-de-la-supermanzana-de-la-intendencia","status":"publish","type":"post","link":"http:\/\/cordobadirecto.com\/index.php\/2024\/10\/11\/passerini-abrio-la-feria-del-libro-2024-y-recorrio-los-stands-de-la-supermanzana-de-la-intendencia\/","title":{"rendered":"Passerini abri\u00f3 la Feria del Libro 2024 y recorri\u00f3 los stands de la Supermanzana de la Intendencia"},"content":{"rendered":"<div><img src=\"http:\/\/cordobadirecto.com\/wp-content\/uploads\/2024\/10\/passerini-abrio-la-feria-del-libro-2024-y-recorrio-los-stands-de-la-supermanzana-de-la-intendencia.jpg\" class=\"ff-og-image-inserted\"><\/div>\n<p>El intendente Daniel Passerini encabez\u00f3 el acto formal de inauguraci\u00f3n de la 38\u00b0 edici\u00f3n de la Feria del Libro C\u00f3rdoba, que se realiza en nuestra ciudad hasta el 20 de octubre.<\/p>\n<p>Durante el acto formal de apertura, el intendente expres\u00f3: \u00abHoy reivindicamos los valores que la historia de C\u00f3rdoba nos compromete a defender: la literatura y el arte acompa\u00f1ados de la pol\u00edtica p\u00fablica\u00bb.<\/p>\n<p>\u00abLa circunstancia que nos atraviesa hoy como pa\u00eds nos compromete, por eso celebro la voluntad de trabajar para que la Feria siga los lineamientos que nos propusimos como gesti\u00f3n: conectar, integrar y humanizar\u00bb, a\u00f1adi\u00f3; a la vez que sostuvo que esta nueva edici\u00f3n es tambi\u00e9n una forma de defender la educaci\u00f3n en la dif\u00edcil situaci\u00f3n del presente Nacional.<\/p>\n<p>Por su parte, el secretario de Cultura, Mariano Almada, destac\u00f3 el valor de la literatura y el arte en la industria naranja: \u201cEl movimiento y el c\u00edrculo virtuoso que generamos a trav\u00e9s de la cultura mueve la rueda de la econom\u00eda\u00bb.<\/p>\n<p>Participaron del acto el secretario de Gobierno, Fiscalizaci\u00f3n y Control, Rodrigo Fern\u00e1ndez; el presidente de la Agencia C\u00f3rdoba Cultura, Ra\u00fal S\u00e1nsica; los curadores de la Feria, Tito D\u00f3mina y Karina Fraccarolli; y el presidente de CALIPACER, David Piscitello.<\/p>\n<p>Seguidamente, el intendente visit\u00f3 los diferentes espacios que alojan la FLC2024, que en esta edici\u00f3n gira en torno a los ejes de la diversidad, la accesibilidad, la identidad y la cultura como motor de desarrollo.<\/p>\n<p><strong>La Feria<\/strong><\/p>\n<p>Hay tres carpas con puestos de libros ubicados en la Supermanzana de la Intendencia, dos sobre calle Caseros y uno sobre calle Sim\u00f3n Bol\u00edvar.<\/p>\n<p>Tambi\u00e9n hay espacios que homenajean en su nombre a hist\u00f3ricos escritores locales, como Daniel Salzano, Vicente Luy, Graciela Bialet y Malicha Leguizam\u00f3n.<\/p>\n<p>El mapa de ubicaci\u00f3n de las diferentes carpas se puede consultar aqu\u00ed ([https:\/\/feriadellibro.cordoba.gob.ar\/donde\/](https:\/\/feriadellibro.cordoba.gob.ar\/donde\/ \u00ab\u200c\u00bb)) y el cronograma completo se encuentra en este enlace ([https:\/\/docs.google.com\/document\/d\/1NcIHWTbeOOp6j2ZyGq6iW_AZC2hpqxsg\/edit](https:\/\/docs.google.com\/document\/d\/1NcIHWTbeOOp6j2ZyGq6iW_AZC2hpqxsg\/edit \u00ab\u200c\u00bb)).<\/p>\n","protected":false},"excerpt":{"rendered":"<p>El intendente Daniel Passerini encabez\u00f3 el acto formal de inauguraci\u00f3n de la 38\u00b0 edici\u00f3n de la Feria del Libro C\u00f3rdoba, que se realiza en nuestra ciudad hasta el 20 de octubre. Durante el acto formal de apertura, el intendente expres\u00f3: \u00abHoy reivindicamos los valores que la historia de C\u00f3rdoba nos compromete a defender: la literatura [&hellip;]<\/p>\n","protected":false},"author":1,"featured_media":156842,"comment_status":"closed","ping_status":"closed","sticky":false,"template":"","format":"standard","meta":[],"categories":[44],"tags":[],"_links":{"self":[{"href":"http:\/\/cordobadirecto.com\/index.php\/wp-json\/wp\/v2\/posts\/156841"}],"collection":[{"href":"http:\/\/cordobadirecto.com\/index.php\/wp-json\/wp\/v2\/posts"}],"about":[{"href":"http:\/\/cordobadirecto.com\/index.php\/wp-json\/wp\/v2\/types\/post"}],"author":[{"embeddable":true,"href":"http:\/\/cordobadirecto.com\/index.php\/wp-json\/wp\/v2\/users\/1"}],"replies":[{"embeddable":true,"href":"http:\/\/cordobadirecto.com\/index.php\/wp-json\/wp\/v2\/comments?post=156841"}],"version-history":[{"count":0,"href":"http:\/\/cordobadirecto.com\/index.php\/wp-json\/wp\/v2\/posts\/156841\/revisions"}],"wp:featuredmedia":[{"embeddable":true,"href":"http:\/\/cordobadirecto.com\/index.php\/wp-json\/wp\/v2\/media\/156842"}],"wp:attachment":[{"href":"http:\/\/cordobadirecto.com\/index.php\/wp-json\/wp\/v2\/media?parent=156841"}],"wp:term":[{"taxonomy":"category","embeddable":true,"href":"http:\/\/cordobadirecto.com\/index.php\/wp-json\/wp\/v2\/categories?post=156841"},{"taxonomy":"post_tag","embeddable":true,"href":"http:\/\/cordobadirecto.com\/index.php\/wp-json\/wp\/v2\/tags?post=156841"}],"curies":[{"name":"wp","href":"https:\/\/api.w.org\/{rel}","templated":true}]}}