{"id":156843,"date":"2024-10-11T20:17:22","date_gmt":"2024-10-11T20:17:22","guid":{"rendered":"https:\/\/cordoba.gob.ar\/?p=62467"},"modified":"2024-10-11T20:17:22","modified_gmt":"2024-10-11T20:17:22","slug":"estudiantes-municipales-realizaron-tareas-de-mantenimiento-en-la-costanera-del-rio-suquia","status":"publish","type":"post","link":"http:\/\/cordobadirecto.com\/index.php\/2024\/10\/11\/estudiantes-municipales-realizaron-tareas-de-mantenimiento-en-la-costanera-del-rio-suquia\/","title":{"rendered":"Estudiantes municipales realizaron tareas de mantenimiento en la costanera del R\u00edo Suqu\u00eda"},"content":{"rendered":"<div><img src=\"http:\/\/cordobadirecto.com\/wp-content\/uploads\/2024\/10\/estudiantes-municipales-realizaron-tareas-de-mantenimiento-en-la-costanera-del-rio-suquia.jpg\" class=\"ff-og-image-inserted\"><\/div>\n<ul>\n<li><strong>Participaron de la jornada la escuela Municipal Emilio Baquero Lazcano, jard\u00edn Hormiguita Viajera y el CEJA Juan B. Justo Anexo Siburu.<\/strong><\/li>\n<li><strong><strong>Plantaron \u00e1rboles, controlaron la vegetaci\u00f3n ex\u00f3tica, entre otras actividades.<\/strong><\/strong><br \/>\n<hr>\n<\/li>\n<\/ul>\n<p>En el marco del Proyecto Innovador Espec\u00edfico de Interculturalidad y Educaci\u00f3n Ambiental Integral \u201cIdentidad Nativa\u201d, estudiantes municipales realizaron tareas de mantenimiento en la costanera del R\u00edo Suqu\u00eda.<\/p>\n<p>De la jornada participaron la escuela Municipal Emilio Baquero Lazcano, jard\u00edn Hormiguita Viajera, el CEJA Juan B. Justo Anexo Siburu, centros vecinales, comedores, cooperativas, fundaciones, grupos scouts, entre otros.<\/p>\n<p>Adem\u00e1s, vecinos, vecinas y estudiantes plantaron \u00e1rboles aut\u00f3ctonos, controlaron vegetaci\u00f3n ex\u00f3tica, recolectaron residuos, entre otras actividades.<\/p>\n<p>A su vez, los ni\u00f1os y ni\u00f1as pudieron disfrutar de juegos y producciones art\u00edsticas, m\u00fasica, feria y stands con actividades recreativas.<\/p>\n<p>El evento tuvo lugar en la costanera del R\u00edo Suqu\u00eda, en la intersecci\u00f3n de Intendente Ram\u00f3n Mestre y Campichuelo.<\/p>\n<p>Colaboraron con la iniciativa el Ente BioC\u00f3rdoba y la Universidad Libre del Ambiente.<\/p>\n<p><em>\u201cEste tipo de iniciativas son el reflejo del poder transformador que tienen nuestras escuelas cuando se vinculan con la comunidad. No solo estamos plantando \u00e1rboles; estamos sembrando conciencia y compromiso ciudadano, algo esencial para un presente y un futuro m\u00e1s justos y sostenibles\u201d<\/em>, destac\u00f3 la secretaria de Educaci\u00f3n, Alicia La Terza.<\/p>\n<p><em>\u201cVine con mis hijas y este lugar tiene mucho significado porque generalmente pasamos nuestro tiempo libre en este sector de la ciudad. Estamos contentas que se pueda recuperar\u201d<\/em>, coment\u00f3 Amira.<\/p>\n<p><em>\u201cNos parece muy lindo este emprendimiento nacido desde la escuela, porque reforestar y cuidar nuestro ambiente es esencial para una mejor calidad de vida\u201d<\/em>, a\u00f1adi\u00f3 por su parte Guadalupe.<\/p>\n","protected":false},"excerpt":{"rendered":"<p>Participaron de la jornada la escuela Municipal Emilio Baquero Lazcano, jard\u00edn Hormiguita Viajera y el CEJA Juan B. Justo Anexo Siburu. Plantaron \u00e1rboles, controlaron la vegetaci\u00f3n ex\u00f3tica, entre otras actividades. En el marco del Proyecto Innovador Espec\u00edfico de Interculturalidad y Educaci\u00f3n Ambiental Integral \u201cIdentidad Nativa\u201d, estudiantes municipales realizaron tareas de mantenimiento en la costanera del [&hellip;]<\/p>\n","protected":false},"author":1,"featured_media":156844,"comment_status":"closed","ping_status":"closed","sticky":false,"template":"","format":"standard","meta":[],"categories":[44],"tags":[],"_links":{"self":[{"href":"http:\/\/cordobadirecto.com\/index.php\/wp-json\/wp\/v2\/posts\/156843"}],"collection":[{"href":"http:\/\/cordobadirecto.com\/index.php\/wp-json\/wp\/v2\/posts"}],"about":[{"href":"http:\/\/cordobadirecto.com\/index.php\/wp-json\/wp\/v2\/types\/post"}],"author":[{"embeddable":true,"href":"http:\/\/cordobadirecto.com\/index.php\/wp-json\/wp\/v2\/users\/1"}],"replies":[{"embeddable":true,"href":"http:\/\/cordobadirecto.com\/index.php\/wp-json\/wp\/v2\/comments?post=156843"}],"version-history":[{"count":0,"href":"http:\/\/cordobadirecto.com\/index.php\/wp-json\/wp\/v2\/posts\/156843\/revisions"}],"wp:featuredmedia":[{"embeddable":true,"href":"http:\/\/cordobadirecto.com\/index.php\/wp-json\/wp\/v2\/media\/156844"}],"wp:attachment":[{"href":"http:\/\/cordobadirecto.com\/index.php\/wp-json\/wp\/v2\/media?parent=156843"}],"wp:term":[{"taxonomy":"category","embeddable":true,"href":"http:\/\/cordobadirecto.com\/index.php\/wp-json\/wp\/v2\/categories?post=156843"},{"taxonomy":"post_tag","embeddable":true,"href":"http:\/\/cordobadirecto.com\/index.php\/wp-json\/wp\/v2\/tags?post=156843"}],"curies":[{"name":"wp","href":"https:\/\/api.w.org\/{rel}","templated":true}]}}