{"id":156866,"date":"2024-10-12T18:43:22","date_gmt":"2024-10-12T18:43:22","guid":{"rendered":"https:\/\/www.ole.com.ar\/futbol-ascenso\/ascenso-primera-nacional-almirante-brown-maximiliano-levy-fabian-nardozza_0_KbX24BZ1YE.html"},"modified":"2024-10-12T18:43:22","modified_gmt":"2024-10-12T18:43:22","slug":"maxi-levy-revelo-que-dt-busca-almirante-brown-para-reemplazar-a-bazan-vera","status":"publish","type":"post","link":"http:\/\/cordobadirecto.com\/index.php\/2024\/10\/12\/maxi-levy-revelo-que-dt-busca-almirante-brown-para-reemplazar-a-bazan-vera\/","title":{"rendered":"Maxi Levy revel\u00f3 que DT busca Almirante Brown para reemplazar a Baz\u00e1n Vera"},"content":{"rendered":"<p><time class=\"createDate\" datetime=\"2024-10-09T17:32:57-03:00\">09\/10\/2024 17:32hs.<\/time><\/p>\n<div id=\"storyBody\">\n<div class=\"custom-text \" readability=\"34.2\">\n<p>La noticia bomba que sacudi\u00f3 a todo <a href=\"https:\/\/www.ole.com.ar\/tema\/almirante-brown.html\" title=\"Almirante Brown\" alt=\"Almirante Brown\" class=\"slug\">Almirante Brown<\/a> <strong>fue la salida de <a href=\"https:\/\/www.ole.com.ar\/tema\/daniel-bazan-vera.html\" title=\"Daniel Baz\u00e1n Vera\" alt=\"Daniel Baz\u00e1n Vera\" class=\"slug\">Daniel Baz\u00e1n Vera<\/a> como det\u00e9 del plantel profesional.<\/strong> Claro, porque luego del triunfo por la m\u00ednima ante <a href=\"https:\/\/www.ole.com.ar\/tema\/san-telmo.html\" title=\"San Telmo\" alt=\"San Telmo\" class=\"slug\">San Telmo<\/a>, <strong>que le asegur\u00f3 la permanencia en la <a href=\"https:\/\/www.ole.com.ar\/tema\/primera-nacional.html\" title=\"Primera Nacional\" alt=\"Primera Nacional\" class=\"slug\">Primera Nacional<\/a><\/strong> tras un a\u00f1o turbulento desde el punto de vista deportivo, <strong>el Club, mediante un comunicado en redes sociales, dio a conocer que el Indio no seguir\u00e1 al mando<\/strong>. <\/p>\n<\/div>\n<div class=\"sc-e7b891c4-0 ifHnQL\"><img alt=\"Daniel Baz\u00e1n Vera dej\u00f3 de ser el entrenador de Almiarnte. \" loading=\"lazy\" width=\"720\" height=\"100\" decoding=\"async\" data-nimg=\"1\" src=\"http:\/\/cordobadirecto.com\/wp-content\/uploads\/2024\/10\/maxi-levy-revelo-que-dt-busca-almirante-brown-para-reemplazar-a-bazan-vera.jpg\"><span class=\"epigraphe\">Daniel Baz\u00e1n Vera dej\u00f3 de ser el entrenador de Almiarnte. <\/span><\/div>\n<div class=\"custom-text \" readability=\"41\">\n<p>La realidad es que el mencionado<strong> lleg\u00f3 a La Fragata con la mente puesta en mantener al equipo en la segunda divisi\u00f3n del f\u00fatbol argentino.<\/strong> El ex delantero, \u00edcono y emblema de Almirante, asumi\u00f3 en abril con apenas 12 fechas disputadas del campeonato <strong>para transformarse en el tercer entrenador del equipo<\/strong>. Anteriormente pasaron Luigi Villalba, quien solo estuvo en las primeras dos jornadas (ambas fueron derrotas), y Rodrigo Alonso, ex defensor y manager que cerr\u00f3 su ciclo con un partido ganado, cinco empatados y cuatro perdidos.<\/p>\n<\/div>\n<div class=\"custom-text \" readability=\"35.183486238532\">\n<p>Tras confirmarse la noticia, comenz\u00f3 la infaltable danza de nombres como posibles sucesores de Baz\u00e1n Vera de cara a la pr\u00f3xima temporada. Y en este contexto <a href=\"https:\/\/www.ole.com.ar\/tema\/maximiliano-levy.html\" title=\"Maximiliano Levy\" alt=\"Maximiliano Levy\" class=\"slug\">Maximiliano Levy<\/a>, Presidente del Mirasol, habl\u00f3 y confirm\u00f3 cual es el entrenador que busca para que se ponga el buzo:<strong> <a href=\"https:\/\/www.ole.com.ar\/tema\/fabian-nardozza.html\" title=\"Fabian Nardozza\" alt=\"Fabian Nardozza\" class=\"slug\">Fabi\u00e1n Nardozza<\/a>, un viejo conocido de la casa. <\/strong><\/p>\n<\/div>\n<div class=\"sc-e7b891c4-0 ifHnQL\"><img alt=\"Fabi\u00e1n Nardozza, el apuntado por Almirante Brown\" loading=\"lazy\" width=\"720\" height=\"100\" decoding=\"async\" data-nimg=\"1\" src=\"http:\/\/cordobadirecto.com\/wp-content\/uploads\/2024\/10\/maxi-levy-revelo-que-dt-busca-almirante-brown-para-reemplazar-a-bazan-vera-1.jpg\"><span class=\"epigraphe\">Fabi\u00e1n Nardozza, el apuntado por Almirante Brown<\/span><\/div>\n<div class=\"custom-text \" readability=\"36\">\n<p><strong>\u201cLa idea es el retorno de Fabi\u00e1n Nardozza.<\/strong> Hace un rato estaban hablando Fabio Dattola y Gustavo Casti\u00f1eira con \u00e9l.&#8221;, confirm\u00f3 el mandam\u00e1s del conjunto de Isidro Casanova, en di\u00e1logo con Radio Universidad. <\/p>\n<\/div>\n<p><h2><strong>La historia de Fabi\u00e1n Nardozza en Almirante Brown <\/strong><\/h2>\n<\/p>\n<div class=\"custom-text \" readability=\"37\">\n<p>En caso de que se d\u00e9, Fabi\u00e1n Nardozza tendr\u00eda su segundo ciclo al mando de Almirante Brown. Ya estuvo en la instituci\u00f3n hace algunos a\u00f1os atr\u00e1s:<strong> lleg\u00f3 en abril del 2021, en reemplazo de Jorge Ben\u00edtez, y se mantuvo en el puesto hasta fines de mayo de 2022<\/strong>. <\/p>\n<\/div>\n<div class=\"sc-e7b891c4-0 ifHnQL\"><img alt=\"Nardozza pas\u00f3 por Almirante Brown en 2021\/22\" loading=\"lazy\" width=\"720\" height=\"100\" decoding=\"async\" data-nimg=\"1\" src=\"http:\/\/cordobadirecto.com\/wp-content\/uploads\/2024\/10\/maxi-levy-revelo-que-dt-busca-almirante-brown-para-reemplazar-a-bazan-vera-2.jpg\"><span class=\"epigraphe\">Nardozza pas\u00f3 por Almirante Brown en 2021\/22<\/span><\/div>\n<div class=\"custom-text \" readability=\"37\">\n<p>En ese lapso<strong> dirigi\u00f3 50 encuentros, de los cuales gan\u00f3 21, empat\u00f3 18 y perdi\u00f3 los 11 restantes<\/strong>. Cosech\u00f3 un 54% de efectividad y<strong> llev\u00f3 a La Fragata a semifinales del Reducido<\/strong>, donde cay\u00f3 ante Barracas Central.<\/p>\n<\/div>\n<p><h2><strong>Lo \u00faltimo del DT apuntado por La Fragata <\/strong><\/h2>\n<\/p>\n<div class=\"custom-text \" readability=\"35\">\n<p>Tras el paso por el conjunto matancero, el det\u00e9 oriundo de Ciudadela tuvo experiencias en <strong>Trist\u00e1n Su\u00e1rez, Deportivo Mor\u00f3n (cl\u00e1sico de Almirante) y Atl\u00e9tico de Rafaela.<\/strong><\/p>\n<\/div>\n<div class=\"custom-text \">\n<ul>\n<li>En el<strong> Lechero estuvo al mando en 14 encuentros (dos triunfos, seis empates y misma cantidad de ca\u00eddas), y obtuvo un 28% de los puntos<\/strong>. <\/li>\n<li>Con la pilcha del Gallo tuvo un buen andar, pero se desinfl\u00f3 sobre el final del campeonato <strong>y se qued\u00f3 sin octogonal; 48<\/strong>%<strong> de eficacia. <\/strong><\/li>\n<li>El paso m\u00e1s reciente fue en<strong> La Crema, donde no le fue bien y logr\u00f3 tan solo cinco unidades sobre 27 posibles. <\/strong><\/li>\n<\/ul>\n<\/div>\n<div class=\"sc-a7166897-0 eoLsBE\" readability=\"6\">\n<section readability=\"2\"><picture><img alt=\"\u00bfRiquelme llam\u00f3 a Gago? En Boca aseguran que avanzaron con el nuevo DT\" loading=\"lazy\" width=\"290\" height=\"290\" decoding=\"async\" data-nimg=\"1\" src=\"http:\/\/cordobadirecto.com\/wp-content\/uploads\/2024\/10\/maxi-levy-revelo-que-dt-busca-almirante-brown-para-reemplazar-a-bazan-vera-3.jpg\"><\/picture>\n<p><span>Mir\u00e1 tambi\u00e9n<\/span><\/p>\n<hr>\n<h3>\u00bfRiquelme llam\u00f3 a Gago? En Boca aseguran que avanzaron con el nuevo DT<\/h3>\n<\/p>\n<\/section>\n<\/div>\n<div class=\"sc-a7166897-0 eoLsBE\" readability=\"6.5\">\n<section readability=\"3\"><picture><img alt=\"El hijo de Armani, de alta: la foto y\u00e9ndose del hospital\" loading=\"lazy\" width=\"290\" height=\"290\" decoding=\"async\" data-nimg=\"1\" src=\"http:\/\/cordobadirecto.com\/wp-content\/uploads\/2024\/10\/maxi-levy-revelo-que-dt-busca-almirante-brown-para-reemplazar-a-bazan-vera-4.jpg\"><\/picture>\n<p><span>Mir\u00e1 tambi\u00e9n<\/span><\/p>\n<hr>\n<h3>El hijo de Armani, de alta: la foto y\u00e9ndose del hospital<\/h3>\n<\/p>\n<\/section>\n<\/div>\n<div class=\"sc-a7166897-0 eoLsBE\" readability=\"6\">\n<section readability=\"2\"><picture><img alt=\"El mensaje de Cavani por la bandera en su honor en la Bombonera\" loading=\"lazy\" width=\"290\" height=\"290\" decoding=\"async\" data-nimg=\"1\" src=\"http:\/\/cordobadirecto.com\/wp-content\/uploads\/2024\/10\/maxi-levy-revelo-que-dt-busca-almirante-brown-para-reemplazar-a-bazan-vera-5.jpg\"><\/picture>\n<p><span>Mir\u00e1 tambi\u00e9n<\/span><\/p>\n<hr>\n<h3>El mensaje de Cavani por la bandera en su honor en la Bombonera<\/h3>\n<\/p>\n<\/section>\n<\/div>\n<div class=\"sc-a7166897-0 eoLsBE\" readability=\"6.5\">\n<section readability=\"3\"><picture><img alt=\"Maidana, de &quot;Gallardo se convierte en padre&quot; a &quot;Demichelis intent\u00f3 siempre lo mejor&quot;\" loading=\"lazy\" width=\"290\" height=\"290\" decoding=\"async\" data-nimg=\"1\" src=\"http:\/\/cordobadirecto.com\/wp-content\/uploads\/2024\/10\/maxi-levy-revelo-que-dt-busca-almirante-brown-para-reemplazar-a-bazan-vera-6.jpg\"><\/picture>\n<p><span>Mir\u00e1 tambi\u00e9n<\/span><\/p>\n<hr>\n<h3>Maidana, de &#8220;Gallardo se convierte en padre&#8221; a &#8220;Demichelis intent\u00f3 siempre lo mejor&#8221;<\/h3>\n<\/p>\n<\/section>\n<\/div>\n<\/div>\n","protected":false},"excerpt":{"rendered":"<p>09\/10\/2024 17:32hs. La noticia bomba que sacudi\u00f3 a todo Almirante Brown fue la salida de Daniel Baz\u00e1n Vera como det\u00e9 del plantel profesional. Claro, porque luego del triunfo por la m\u00ednima ante San Telmo, que le asegur\u00f3 la permanencia en la Primera Nacional tras un a\u00f1o turbulento desde el punto de vista deportivo, el Club, [&hellip;]<\/p>\n","protected":false},"author":1,"featured_media":156867,"comment_status":"closed","ping_status":"closed","sticky":false,"template":"","format":"standard","meta":[],"categories":[21],"tags":[],"_links":{"self":[{"href":"http:\/\/cordobadirecto.com\/index.php\/wp-json\/wp\/v2\/posts\/156866"}],"collection":[{"href":"http:\/\/cordobadirecto.com\/index.php\/wp-json\/wp\/v2\/posts"}],"about":[{"href":"http:\/\/cordobadirecto.com\/index.php\/wp-json\/wp\/v2\/types\/post"}],"author":[{"embeddable":true,"href":"http:\/\/cordobadirecto.com\/index.php\/wp-json\/wp\/v2\/users\/1"}],"replies":[{"embeddable":true,"href":"http:\/\/cordobadirecto.com\/index.php\/wp-json\/wp\/v2\/comments?post=156866"}],"version-history":[{"count":0,"href":"http:\/\/cordobadirecto.com\/index.php\/wp-json\/wp\/v2\/posts\/156866\/revisions"}],"wp:featuredmedia":[{"embeddable":true,"href":"http:\/\/cordobadirecto.com\/index.php\/wp-json\/wp\/v2\/media\/156867"}],"wp:attachment":[{"href":"http:\/\/cordobadirecto.com\/index.php\/wp-json\/wp\/v2\/media?parent=156866"}],"wp:term":[{"taxonomy":"category","embeddable":true,"href":"http:\/\/cordobadirecto.com\/index.php\/wp-json\/wp\/v2\/categories?post=156866"},{"taxonomy":"post_tag","embeddable":true,"href":"http:\/\/cordobadirecto.com\/index.php\/wp-json\/wp\/v2\/tags?post=156866"}],"curies":[{"name":"wp","href":"https:\/\/api.w.org\/{rel}","templated":true}]}}