{"id":156872,"date":"2024-10-12T19:00:57","date_gmt":"2024-10-12T19:00:57","guid":{"rendered":"https:\/\/cordoba.gob.ar\/?p=62506"},"modified":"2024-10-12T19:00:57","modified_gmt":"2024-10-12T19:00:57","slug":"para-enfrentar-tormentas-fuertes-y-situaciones-relacionadas-al-clima-la-municipalidad-de-cordoba-conformo-50-comites-de-emergencia-barrial","status":"publish","type":"post","link":"http:\/\/cordobadirecto.com\/index.php\/2024\/10\/12\/para-enfrentar-tormentas-fuertes-y-situaciones-relacionadas-al-clima-la-municipalidad-de-cordoba-conformo-50-comites-de-emergencia-barrial\/","title":{"rendered":"Para enfrentar tormentas fuertes y situaciones relacionadas al clima, la Municipalidad de C\u00f3rdoba conform\u00f3 50 comit\u00e9s de Emergencia Barrial"},"content":{"rendered":"<div><img src=\"http:\/\/cordobadirecto.com\/wp-content\/uploads\/2024\/10\/para-enfrentar-tormentas-fuertes-y-situaciones-relacionadas-al-clima-la-municipalidad-de-cordoba-conformo-50-comites-de-emergencia-barrial.jpg\" class=\"ff-og-image-inserted\"><\/div>\n<ul>\n<li>La iniciativa capacita a los vecinos y vecinas en gesti\u00f3n de riesgos y coordinaci\u00f3n de acciones, garantizando as\u00ed la seguridad y el bienestar en distintos sectores de la ciudad.<\/li>\n<li>Adem\u00e1s, busca fortalecer la respuesta comunitaria a emergencias.<\/li>\n<\/ul>\n<hr>\n<p>En un encuentro que cont\u00f3 con la presencia de numerosos representantes de Centros Vecinales de la ciudad de C\u00f3rdoba, quedaron establecidos los Comit\u00e9s de Emergencia Barrial.<\/p>\n<p>En esta primera etapa, son 50 barrios los que conformaron sus comit\u00e9s, ante la cercan\u00eda de la \u00e9poca de lluvias fuertes y la necesidad de estar preparados para enfrentar dicha situaci\u00f3n.<\/p>\n<p><strong>\u00bfPara que se crean?<\/strong><\/p>\n<p>En el contexto de una ciudad como C\u00f3rdoba, donde las caracter\u00edsticas geogr\u00e1ficas y los efectos del cambio clim\u00e1tico, es fundamental establecer mecanismos que garanticen la seguridad y el bienestar en los barrios.<\/p>\n<p>Es por ello que, la Municipalidad de C\u00f3rdoba a trav\u00e9s de la Secretar\u00eda de Fortalecimiento Vecinal y Defensa Civil, \u00e1rea que depende de la Secretar\u00eda de Seguridad y Prevenci\u00f3n Comunitaria, ha dise\u00f1ado una propuesta que busca fortalecer la capacidad de respuesta ante emergencias y desastres clim\u00e1ticos a trav\u00e9s de la creaci\u00f3n de Comit\u00e9s de Emergencia Barrial.<\/p>\n<p>Estos comit\u00e9s ser\u00e1n fundamentales para coordinar las acciones de preparaci\u00f3n, respuesta y recuperaci\u00f3n ante situaciones cr\u00edticas.<\/p>\n<p>A trav\u00e9s de capacitaciones y talleres, los miembros de los comit\u00e9s recibir\u00e1n herramientas y conocimientos necesarios para actuar de manera eficiente y organizada en caso de emergencias.<\/p>\n<p>Adem\u00e1s, se fomentar\u00e1 la participaci\u00f3n activa de la comunidad, promoviendo la solidaridad y el trabajo en equipo, lo que permitir\u00e1 construir un entorno m\u00e1s seguro y resiliente.<\/p>\n<p>La creaci\u00f3n de una red de apoyo entre los vecinos no solo facilitar\u00e1 la respuesta inmediata ante desastres, sino que tambi\u00e9n fortalecer\u00e1 los lazos comunitarios, permitiendo que cada barrio est\u00e9 mejor preparado para enfrentar los desaf\u00edos del futuro.<\/p>\n<p>Los objetivos propuestos para llevar adelante esta propuesta son los siguientes:<\/p>\n<ul>\n<li><strong>Creaci\u00f3n de Comit\u00e9s de Emergencia Barrial<\/strong><br \/>Estos grupos coordinar\u00e1n actividades antes, durante y despu\u00e9s de una emergencia, asegurando una respuesta comunitaria organizada.<\/li>\n<li><strong>Confecci\u00f3n del Mapa Comunitario Barrial de Gesti\u00f3n de Riesgo<\/strong><br \/>Esta herramienta de diagn\u00f3stico permitir\u00e1 identificar zonas vulnerables, recursos disponibles y rutas de evacuaci\u00f3n.<\/li>\n<li><strong>Elaboraci\u00f3n del Plan de Emergencia Comunitario<\/strong><br \/>Se desarrollar\u00e1 un protocolo claro que incluir\u00e1 los roles de cada instituci\u00f3n y los referentes barriales.<\/li>\n<\/ul>\n<p>La implementaci\u00f3n de este programa se llevar\u00e1 a cabo mediante talleres participativos en las sedes de los centros vecinales, abiertos a los 300 centros y comisiones vecinales regularizados, as\u00ed como a todos los vecinos que deseen sumarse.<\/p>\n<p>El contenido de los talleres incluye clases y preparativos sobre gesti\u00f3n de riesgo, evacuaci\u00f3n,&nbsp;diferenciaci\u00f3n entre riesgo y peligro, gesti\u00f3n institucional, tel\u00e9fonos de contacto (qu\u00e9 decir en una llamada de emergencia), presentaci\u00f3n del mapa de zonas de riesgo.<\/p>\n","protected":false},"excerpt":{"rendered":"<p>La iniciativa capacita a los vecinos y vecinas en gesti\u00f3n de riesgos y coordinaci\u00f3n de acciones, garantizando as\u00ed la seguridad y el bienestar en distintos sectores de la ciudad. Adem\u00e1s, busca fortalecer la respuesta comunitaria a emergencias. En un encuentro que cont\u00f3 con la presencia de numerosos representantes de Centros Vecinales de la ciudad de [&hellip;]<\/p>\n","protected":false},"author":1,"featured_media":156873,"comment_status":"closed","ping_status":"closed","sticky":false,"template":"","format":"standard","meta":[],"categories":[44],"tags":[],"_links":{"self":[{"href":"http:\/\/cordobadirecto.com\/index.php\/wp-json\/wp\/v2\/posts\/156872"}],"collection":[{"href":"http:\/\/cordobadirecto.com\/index.php\/wp-json\/wp\/v2\/posts"}],"about":[{"href":"http:\/\/cordobadirecto.com\/index.php\/wp-json\/wp\/v2\/types\/post"}],"author":[{"embeddable":true,"href":"http:\/\/cordobadirecto.com\/index.php\/wp-json\/wp\/v2\/users\/1"}],"replies":[{"embeddable":true,"href":"http:\/\/cordobadirecto.com\/index.php\/wp-json\/wp\/v2\/comments?post=156872"}],"version-history":[{"count":0,"href":"http:\/\/cordobadirecto.com\/index.php\/wp-json\/wp\/v2\/posts\/156872\/revisions"}],"wp:featuredmedia":[{"embeddable":true,"href":"http:\/\/cordobadirecto.com\/index.php\/wp-json\/wp\/v2\/media\/156873"}],"wp:attachment":[{"href":"http:\/\/cordobadirecto.com\/index.php\/wp-json\/wp\/v2\/media?parent=156872"}],"wp:term":[{"taxonomy":"category","embeddable":true,"href":"http:\/\/cordobadirecto.com\/index.php\/wp-json\/wp\/v2\/categories?post=156872"},{"taxonomy":"post_tag","embeddable":true,"href":"http:\/\/cordobadirecto.com\/index.php\/wp-json\/wp\/v2\/tags?post=156872"}],"curies":[{"name":"wp","href":"https:\/\/api.w.org\/{rel}","templated":true}]}}