{"id":156902,"date":"2024-10-12T20:51:17","date_gmt":"2024-10-12T20:51:17","guid":{"rendered":"https:\/\/www.ole.com.ar\/autos\/mattia-binotto-director-jefe-sauber-puesto-vacante-franco-colapinto-mick-schumacher_0_E8LhS9zXUh.html"},"modified":"2024-10-12T20:51:17","modified_gmt":"2024-10-12T20:51:17","slug":"que-dijo-el-director-de-sauber-sobre-el-asiento-al-que-aspira-colapinto","status":"publish","type":"post","link":"http:\/\/cordobadirecto.com\/index.php\/2024\/10\/12\/que-dijo-el-director-de-sauber-sobre-el-asiento-al-que-aspira-colapinto\/","title":{"rendered":"Qu\u00e9 dijo el director de Sauber sobre el asiento al que aspira Colapinto"},"content":{"rendered":"<p><time class=\"createDate\" datetime=\"2024-10-12T17:51:17-03:00\">12\/10\/2024 17:51hs.<\/time><\/p>\n<div id=\"storyBody\">\n<div class=\"custom-text \" readability=\"48\">\n<p>A una semana del Gran Premio de los Estados Unidos, que se disputar\u00e1 en Austin, Texas, entre el 18 y el 20 de octubre, <strong>Franco Colapinto<\/strong> contin\u00faa con su preparaci\u00f3n para cerrar el a\u00f1o a lo grande. <strong>&#8220;Se acab\u00f3 la joda, estamos ready&#8221;<\/strong>, escribi\u00f3 en sus redes sociales anticip\u00e1ndose a la gira americana. En estas seis fechas que le quedan, el bonaerense buscar\u00e1 m\u00e1s que un final feliz con Williams, para el que no podr\u00e1 seguir corriendo a partir del 2025. A la vez, esperar\u00e1 atraer a <strong>Sauber<\/strong>, la escuder\u00eda con la que su equipo negocia para que permanezca en la F\u00f3rmula 1. Ante esta situaci\u00f3n, <strong>su director de operaciones, Mattia Binotto, habl\u00f3 del puesto vacante al que aspira el piloto de 21 a\u00f1os.<\/strong><\/p>\n<\/div>\n<div class=\"custom-text \" readability=\"42\">\n<p><strong>&#8220;Podemos permitirnos el lujo de no precipitarnos, ya que todos los dem\u00e1s equipos han decidido sus alineaciones&#8221;<\/strong>, comenz\u00f3 el ex jefe de Ferrari en di\u00e1logo con Corriere della Sera. Tiene sentido, ya que ninguna de sus opciones (Colapinto, Valtteri Bottas, Gabriel Bortoleto y Mick Schumacher) tiene otro lugar al que postularse: <strong>es esperar el s\u00ed de Sauber, que se convertir\u00e1 en Audi en 2026, u olvidarse de la F1.<\/strong><\/p>\n<\/div>\n<div class=\"sc-e7b891c4-0 ifHnQL\"><img alt=\"Binotto, ex jefe de Ferrari, ahora toma las decisiones en Sauber. (AP)\" loading=\"lazy\" width=\"720\" height=\"100\" decoding=\"async\" data-nimg=\"1\" src=\"http:\/\/cordobadirecto.com\/wp-content\/uploads\/2024\/10\/que-dijo-el-director-de-sauber-sobre-el-asiento-al-que-aspira-colapinto.jpg\"><span class=\"epigraphe\">Binotto, ex jefe de Ferrari, ahora toma las decisiones en Sauber. (AP)<\/span><\/div>\n<div class=\"custom-text \" readability=\"40\">\n<p>Acerca del perfil que buscar\u00e1n, Binotto explic\u00f3: &#8220;Hay dos opciones esenciales: por un lado, experiencia para encaminarnos por la senda del crecimiento (NdeR: ya la tienen en Nico Hulkenberg, proveniente de Haas), <strong>y por otro, un piloto joven y con talento que pueda acompa\u00f1arnos en el camino hacia la cima<\/strong>&#8220;.<\/p>\n<\/div>\n<div class=\"custom-text \" readability=\"41\">\n<p>Uno de los nombres que cumplen con esas caracter\u00edsticas es el de <strong>Mick Schumacher<\/strong>, el hijo de Michael, al que conoce de su paso por la academia de Ferrari, que fue campe\u00f3n de la F\u00f3rmula 2 y cuenta con dos temporadas flojas en un lent\u00edsimo Haas (2021-2022). &#8220;<strong>Lo estamos evaluando, me reun\u00ed y habl\u00e9 con \u00e9l.<\/strong> Lo conozco desde hace mucho tiempo, ya que form\u00f3 parte de la Ferrari Driver Academy. Conozco sus puntos fuertes y sus ventajas. <strong>Es uno de los nombres que tenemos en mente<\/strong>&#8220;, sostuvo el director.<\/p>\n<\/div>\n<div class=\"sc-e7b891c4-0 ifHnQL\"><img alt=\"Mick Schumacher es una de las opciones que barajan en Sauber. (AFP)\" loading=\"lazy\" width=\"720\" height=\"100\" decoding=\"async\" data-nimg=\"1\" src=\"http:\/\/cordobadirecto.com\/wp-content\/uploads\/2024\/10\/que-dijo-el-director-de-sauber-sobre-el-asiento-al-que-aspira-colapinto-1.jpg\"><span class=\"epigraphe\">Mick Schumacher es una de las opciones que barajan en Sauber. (AFP)<\/span><\/div>\n<p><h2><strong>Binotto sue\u00f1a con un Audi contendiente al t\u00edtulo<\/strong><\/h2>\n<\/p>\n<div class=\"custom-text \" readability=\"40\">\n<p>Acerca del futuro de la escuder\u00eda, que cambiar\u00e1 de denominaci\u00f3n e iniciar\u00e1 un camino largo que espera que concluya con un campeonato, Binotto vaticin\u00f3: &#8220;<strong>Estamos al principio de la escalada. Delante de nosotros est\u00e1 el Everest, y ahora s\u00f3lo podemos ver la base<\/strong>. Estamos decidiendo por qu\u00e9 lado escalar, pero es importante establecer un camino. Jean Todt lleg\u00f3 a Ferrari en 1993 y el primer t\u00edtulo de constructores fue en 1999. Lo mismo pas\u00f3 con Mercedes. <strong>Tardaremos entre cinco y siete a\u00f1os, esperamos poder luchar en 2030<\/strong>&#8220;.<\/p>\n<\/div>\n<div class=\"custom-text \" readability=\"41\">\n<p>Y sobre esa escalada de la que habl\u00f3, que no se cumplir\u00e1 de la noche a la ma\u00f1ana sino que deber\u00e1 ser trabajada de principio a fin, el director de Audi complement\u00f3: &#8220;<strong>Si nos comparamos con nuestros rivales, tenemos unas 400 personas menos<\/strong>. Necesitamos sumarlos para poder competir al mismo nivel: no se encuentran en dos d\u00edas, y no necesariamente en la F1. <strong>Nuestra opci\u00f3n es invertir en los j\u00f3venes<\/strong>&#8220;. Que empiecen por Franco, un piloto de 21 a\u00f1os con much\u00edsimo futuro, pero tambi\u00e9n presente&#8230;<\/p>\n<\/div>\n<div class=\"sc-e7b891c4-0 ifHnQL\"><img alt=\"Colapinto es la sensaci\u00f3n del paddock.\" loading=\"lazy\" width=\"720\" height=\"100\" decoding=\"async\" data-nimg=\"1\" src=\"http:\/\/cordobadirecto.com\/wp-content\/uploads\/2024\/10\/que-dijo-el-director-de-sauber-sobre-el-asiento-al-que-aspira-colapinto-2.jpg\"><span class=\"epigraphe\">Colapinto es la sensaci\u00f3n del paddock.<\/span><\/div>\n<div class=\"sc-a7166897-0 eoLsBE\" readability=\"6\">\n<section readability=\"2\"><picture><img alt=\"F\u00f3rmula 1 en la Argentina: a qu\u00e9 se apunta y cu\u00e1ndo... \u00bfo de nuevo es humo?\" loading=\"lazy\" width=\"290\" height=\"290\" decoding=\"async\" data-nimg=\"1\" src=\"http:\/\/cordobadirecto.com\/wp-content\/uploads\/2024\/10\/que-dijo-el-director-de-sauber-sobre-el-asiento-al-que-aspira-colapinto-3.jpg\"><\/picture>\n<p><span>Mir\u00e1 tambi\u00e9n<\/span><\/p>\n<hr>\n<h3>F\u00f3rmula 1 en la Argentina: a qu\u00e9 se apunta y cu\u00e1ndo&#8230; \u00bfo de nuevo es humo?<\/h3>\n<\/p>\n<\/section>\n<\/div>\n<div class=\"sc-a7166897-0 eoLsBE\" readability=\"7\">\n<section readability=\"4\"><picture><img alt=\"Fue rival de Colapinto, volver\u00e1 a enfrentarlo y buscar\u00e1 una butaca en la F1 para el 2025\" loading=\"lazy\" width=\"290\" height=\"290\" decoding=\"async\" data-nimg=\"1\" src=\"http:\/\/cordobadirecto.com\/wp-content\/uploads\/2024\/10\/que-dijo-el-director-de-sauber-sobre-el-asiento-al-que-aspira-colapinto-4.jpg\"><\/picture>\n<p><span>Mir\u00e1 tambi\u00e9n<\/span><\/p>\n<hr>\n<h3>Fue rival de Colapinto, volver\u00e1 a enfrentarlo y buscar\u00e1 una butaca en la F1 para el 2025<\/h3>\n<\/p>\n<\/section>\n<\/div>\n<div class=\"sc-a7166897-0 eoLsBE\" readability=\"6.5\">\n<section readability=\"3\"><picture><img alt=\"F\u00f3rmula 1: el ranking de pilotos destructores, con Franco Colapinto incluido\" loading=\"lazy\" width=\"290\" height=\"290\" decoding=\"async\" data-nimg=\"1\" src=\"http:\/\/cordobadirecto.com\/wp-content\/uploads\/2024\/10\/que-dijo-el-director-de-sauber-sobre-el-asiento-al-que-aspira-colapinto-5.jpg\"><\/picture>\n<p><span>Mir\u00e1 tambi\u00e9n<\/span><\/p>\n<hr>\n<h3>F\u00f3rmula 1: el ranking de pilotos destructores, con Franco Colapinto incluido<\/h3>\n<\/p>\n<\/section>\n<\/div>\n<div class=\"sc-a7166897-0 eoLsBE\" readability=\"6\">\n<section readability=\"2\"><picture><img alt=\"\u00bfCu\u00e1ndo y d\u00f3nde es la pr\u00f3xima carrera de Franco Colapinto en la F1?\" loading=\"lazy\" width=\"290\" height=\"290\" decoding=\"async\" data-nimg=\"1\" src=\"http:\/\/cordobadirecto.com\/wp-content\/uploads\/2024\/10\/que-dijo-el-director-de-sauber-sobre-el-asiento-al-que-aspira-colapinto-6.jpg\"><\/picture>\n<p><span>Mir\u00e1 tambi\u00e9n<\/span><\/p>\n<hr>\n<h3>\u00bfCu\u00e1ndo y d\u00f3nde es la pr\u00f3xima carrera de Franco Colapinto en la F1?<\/h3>\n<\/p>\n<\/section>\n<\/div>\n<div class=\"sc-a7166897-0 eoLsBE\" readability=\"6\">\n<section readability=\"2\"><picture><img alt=\"Una ex figura de la F\u00f3rmula 1 ve dif\u00edcil que Sauber contrate a Colapinto\" loading=\"lazy\" width=\"290\" height=\"290\" decoding=\"async\" data-nimg=\"1\" src=\"http:\/\/cordobadirecto.com\/wp-content\/uploads\/2024\/10\/que-dijo-el-director-de-sauber-sobre-el-asiento-al-que-aspira-colapinto-7.jpg\"><\/picture>\n<p><span>Mir\u00e1 tambi\u00e9n<\/span><\/p>\n<hr>\n<h3>Una ex figura de la F\u00f3rmula 1 ve dif\u00edcil que Sauber contrate a Colapinto<\/h3>\n<\/p>\n<\/section>\n<\/div>\n<\/div>\n","protected":false},"excerpt":{"rendered":"<p>12\/10\/2024 17:51hs. A una semana del Gran Premio de los Estados Unidos, que se disputar\u00e1 en Austin, Texas, entre el 18 y el 20 de octubre, Franco Colapinto contin\u00faa con su preparaci\u00f3n para cerrar el a\u00f1o a lo grande. &#8220;Se acab\u00f3 la joda, estamos ready&#8221;, escribi\u00f3 en sus redes sociales anticip\u00e1ndose a la gira americana. [&hellip;]<\/p>\n","protected":false},"author":1,"featured_media":156903,"comment_status":"closed","ping_status":"closed","sticky":false,"template":"","format":"standard","meta":[],"categories":[21],"tags":[],"_links":{"self":[{"href":"http:\/\/cordobadirecto.com\/index.php\/wp-json\/wp\/v2\/posts\/156902"}],"collection":[{"href":"http:\/\/cordobadirecto.com\/index.php\/wp-json\/wp\/v2\/posts"}],"about":[{"href":"http:\/\/cordobadirecto.com\/index.php\/wp-json\/wp\/v2\/types\/post"}],"author":[{"embeddable":true,"href":"http:\/\/cordobadirecto.com\/index.php\/wp-json\/wp\/v2\/users\/1"}],"replies":[{"embeddable":true,"href":"http:\/\/cordobadirecto.com\/index.php\/wp-json\/wp\/v2\/comments?post=156902"}],"version-history":[{"count":0,"href":"http:\/\/cordobadirecto.com\/index.php\/wp-json\/wp\/v2\/posts\/156902\/revisions"}],"wp:featuredmedia":[{"embeddable":true,"href":"http:\/\/cordobadirecto.com\/index.php\/wp-json\/wp\/v2\/media\/156903"}],"wp:attachment":[{"href":"http:\/\/cordobadirecto.com\/index.php\/wp-json\/wp\/v2\/media?parent=156902"}],"wp:term":[{"taxonomy":"category","embeddable":true,"href":"http:\/\/cordobadirecto.com\/index.php\/wp-json\/wp\/v2\/categories?post=156902"},{"taxonomy":"post_tag","embeddable":true,"href":"http:\/\/cordobadirecto.com\/index.php\/wp-json\/wp\/v2\/tags?post=156902"}],"curies":[{"name":"wp","href":"https:\/\/api.w.org\/{rel}","templated":true}]}}