{"id":156915,"date":"2024-10-12T14:28:25","date_gmt":"2024-10-12T14:28:25","guid":{"rendered":"https:\/\/cordoba.gob.ar\/?p=62477"},"modified":"2024-10-12T14:28:25","modified_gmt":"2024-10-12T14:28:25","slug":"estudiantes-municipales-visitaron-el-centro-ana-frank-en-buenos-aires","status":"publish","type":"post","link":"http:\/\/cordobadirecto.com\/index.php\/2024\/10\/12\/estudiantes-municipales-visitaron-el-centro-ana-frank-en-buenos-aires\/","title":{"rendered":"Estudiantes municipales visitaron el Centro Ana Frank en Buenos Aires"},"content":{"rendered":"<div><img src=\"http:\/\/cordobadirecto.com\/wp-content\/uploads\/2024\/10\/estudiantes-municipales-visitaron-el-centro-ana-frank-en-buenos-aires.jpg\" class=\"ff-og-image-inserted\"><\/div>\n<ul>\n<li>Tambi\u00e9n conocieron el Congreso de la Naci\u00f3n, el Planetario, Plaza de Mayo, Casa Rosada, la Catedral, entre otros puntos ic\u00f3nicos.<\/li>\n<\/ul>\n<hr>\n<p>En el marco del proyecto que llevan adelante las escuelas municipales, \u201cAna Frank escribi\u00f3 su libro, nosotros escribimos el nuestro\u201d, 40 estudiantes, docentes, y autoridades del sistema educativo municipal, visitaron el Centro Ana Frank en la ciudad Aut\u00f3noma de Buenos Aires.<\/p>\n<p>Las y los estudiantes representaban a cada una de las escuelas municipales, en virtud de su participaci\u00f3n en el proyecto mencionado.<\/p>\n<p>En el Centro Ana Frank los y las estudiantes pudieron compartir las producciones que ellos mismos realizaron junto a sus compa\u00f1eros y docentes.<\/p>\n<p>La visita a la Ciudad Aut\u00f3noma de Buenos Aires incluy\u00f3 un itinerario por diversos puntos de la Capital, una experiencia concebida para ampliar los horizontes culturales y el impacto educativo de la experiencia: el Congreso de la Naci\u00f3n, el Planetario, Plaza de Mayo, Casa Rosada, la Catedral, entre otros puntos ic\u00f3nicos.<\/p>\n<p><em>\u201cEste proyecto les permite conectarse con valores universales como la empat\u00eda, la justicia y la inclusi\u00f3n, herramientas esenciales para construir una sociedad m\u00e1s justa y democr\u00e1tica desde las aulas y sus comunidades\u201d<\/em>, expres\u00f3 la secretaria de Educaci\u00f3n, Alicia La Terza.<\/p>\n<p>Por su parte, la supervisora, Malvina Tarquino, destac\u00f3 que los estudiantes \u201clograron apreciar y conocer lo vivido por Ana Frank, comprendiendo que en la lucha contra el prejuicio, las pr\u00e1cticas discriminatorias y la opresi\u00f3n, sus voces son muy valiosas\u201d.<\/p>\n<p>Este viaje busca la reflexi\u00f3n acerca de c\u00f3mo los j\u00f3venes pueden contribuir a una mayor inclusi\u00f3n social, a la convivencia en la diversidad y a la lucha contra toda forma de violencia y discriminaci\u00f3n, aportando varios puntos de vistas y preguntas genuinas para pensar la vida en com\u00fan.<\/p>\n","protected":false},"excerpt":{"rendered":"<p>Tambi\u00e9n conocieron el Congreso de la Naci\u00f3n, el Planetario, Plaza de Mayo, Casa Rosada, la Catedral, entre otros puntos ic\u00f3nicos. En el marco del proyecto que llevan adelante las escuelas municipales, \u201cAna Frank escribi\u00f3 su libro, nosotros escribimos el nuestro\u201d, 40 estudiantes, docentes, y autoridades del sistema educativo municipal, visitaron el Centro Ana Frank en [&hellip;]<\/p>\n","protected":false},"author":1,"featured_media":156916,"comment_status":"closed","ping_status":"closed","sticky":false,"template":"","format":"standard","meta":[],"categories":[44],"tags":[],"_links":{"self":[{"href":"http:\/\/cordobadirecto.com\/index.php\/wp-json\/wp\/v2\/posts\/156915"}],"collection":[{"href":"http:\/\/cordobadirecto.com\/index.php\/wp-json\/wp\/v2\/posts"}],"about":[{"href":"http:\/\/cordobadirecto.com\/index.php\/wp-json\/wp\/v2\/types\/post"}],"author":[{"embeddable":true,"href":"http:\/\/cordobadirecto.com\/index.php\/wp-json\/wp\/v2\/users\/1"}],"replies":[{"embeddable":true,"href":"http:\/\/cordobadirecto.com\/index.php\/wp-json\/wp\/v2\/comments?post=156915"}],"version-history":[{"count":0,"href":"http:\/\/cordobadirecto.com\/index.php\/wp-json\/wp\/v2\/posts\/156915\/revisions"}],"wp:featuredmedia":[{"embeddable":true,"href":"http:\/\/cordobadirecto.com\/index.php\/wp-json\/wp\/v2\/media\/156916"}],"wp:attachment":[{"href":"http:\/\/cordobadirecto.com\/index.php\/wp-json\/wp\/v2\/media?parent=156915"}],"wp:term":[{"taxonomy":"category","embeddable":true,"href":"http:\/\/cordobadirecto.com\/index.php\/wp-json\/wp\/v2\/categories?post=156915"},{"taxonomy":"post_tag","embeddable":true,"href":"http:\/\/cordobadirecto.com\/index.php\/wp-json\/wp\/v2\/tags?post=156915"}],"curies":[{"name":"wp","href":"https:\/\/api.w.org\/{rel}","templated":true}]}}