{"id":156917,"date":"2024-10-12T12:46:48","date_gmt":"2024-10-12T12:46:48","guid":{"rendered":"https:\/\/cordoba.gob.ar\/?p=62491"},"modified":"2024-10-12T12:46:48","modified_gmt":"2024-10-12T12:46:48","slug":"sabado-en-la-flc2024-la-literatura-se-une-con-la-musica-la-historia-y-la-identidad","status":"publish","type":"post","link":"http:\/\/cordobadirecto.com\/index.php\/2024\/10\/12\/sabado-en-la-flc2024-la-literatura-se-une-con-la-musica-la-historia-y-la-identidad\/","title":{"rendered":"S\u00e1bado en la FLC2024: la literatura se une con la m\u00fasica, la historia y la identidad"},"content":{"rendered":"<div><img src=\"http:\/\/cordobadirecto.com\/wp-content\/uploads\/2024\/10\/sabado-en-la-flc2024-la-literatura-se-une-con-la-musica-la-historia-y-la-identidad.jpg\" class=\"ff-og-image-inserted\"><\/div>\n<ul>\n<li><strong>Entre renombrados artistas, estar\u00e1n presentes Viviana Rivero y Gustavo Bl\u00e1zquez.<\/strong><\/li>\n<\/ul>\n<hr>\n<p>La jornada de s\u00e1bado en la Feria del Libro C\u00f3rdoba 2024 comenzar\u00e1 con el debate \u201cEl cuarteto es cultura\u201d a las 16 horas, a cargo de Gustavo Bl\u00e1zquez, con Marco Ord\u00f3\u00f1ez, Maestra Jesica Garc\u00eda y Dahyana Terrada en el Escenario Nury Taborda.<\/p>\n<p>A las 18 horas, Adolfo Kuznitzky presentar\u00e1 su libro \u201cEstudios sobre el Juda\u00edsmo en Espa\u00f1a e Italia\u201d en el Espacio Daniel Salzano, en otro de los destacados del d\u00eda.<\/p>\n<p>Seguidamente, a las 19 horas y en el mismo espacio, Viviana Rivero har\u00e1 lo propio con \u201cLos soles de Santiago\u201d, novela sobre dos mujeres que entrelazan dos momentos hist\u00f3ricos en territorio espa\u00f1ol.<\/p>\n<p>A la misma hora, el MMAU de Plaza Espa\u00f1a ser\u00e1 sede de la charla \u201cCartas de amor a un fantasma\u201d, con CJ Carballo, Jos\u00e9 Heinz y Pablo Durio, quienes leer\u00e1n cartas y hablar\u00e1n sobre la influencia de David Foster Wallace en la literatura contempor\u00e1nea.<\/p>\n<p>\u201cSabina: Mucha Mujer\u201d ser\u00e1 la novela que presentar\u00e1 su autor Ra\u00fal Lell, como parte de las actividades del pa\u00eds invitado, Bolivia, a las 20 horas en el Espacio Daniel Salzano.<\/p>\n<p>La grilla se completa con otras actividades culturales, debates y presentaciones musicales, que se pueden consultar <a href=\"https:\/\/docs.google.com\/document\/d\/1NcIHWTbeOOp6j2ZyGq6iW_AZC2hpqxsg\/edit\">en este link<\/a>.<\/p>\n<p>Los distintos espacios de la FLC2024 se pueden consultar <a href=\"http:\/\/feriadellibro.cordoba.gob.ar\">en la web<\/a>.<\/p>\n","protected":false},"excerpt":{"rendered":"<p>Entre renombrados artistas, estar\u00e1n presentes Viviana Rivero y Gustavo Bl\u00e1zquez. La jornada de s\u00e1bado en la Feria del Libro C\u00f3rdoba 2024 comenzar\u00e1 con el debate \u201cEl cuarteto es cultura\u201d a las 16 horas, a cargo de Gustavo Bl\u00e1zquez, con Marco Ord\u00f3\u00f1ez, Maestra Jesica Garc\u00eda y Dahyana Terrada en el Escenario Nury Taborda. A las 18 [&hellip;]<\/p>\n","protected":false},"author":1,"featured_media":156918,"comment_status":"closed","ping_status":"closed","sticky":false,"template":"","format":"standard","meta":[],"categories":[44],"tags":[],"_links":{"self":[{"href":"http:\/\/cordobadirecto.com\/index.php\/wp-json\/wp\/v2\/posts\/156917"}],"collection":[{"href":"http:\/\/cordobadirecto.com\/index.php\/wp-json\/wp\/v2\/posts"}],"about":[{"href":"http:\/\/cordobadirecto.com\/index.php\/wp-json\/wp\/v2\/types\/post"}],"author":[{"embeddable":true,"href":"http:\/\/cordobadirecto.com\/index.php\/wp-json\/wp\/v2\/users\/1"}],"replies":[{"embeddable":true,"href":"http:\/\/cordobadirecto.com\/index.php\/wp-json\/wp\/v2\/comments?post=156917"}],"version-history":[{"count":0,"href":"http:\/\/cordobadirecto.com\/index.php\/wp-json\/wp\/v2\/posts\/156917\/revisions"}],"wp:featuredmedia":[{"embeddable":true,"href":"http:\/\/cordobadirecto.com\/index.php\/wp-json\/wp\/v2\/media\/156918"}],"wp:attachment":[{"href":"http:\/\/cordobadirecto.com\/index.php\/wp-json\/wp\/v2\/media?parent=156917"}],"wp:term":[{"taxonomy":"category","embeddable":true,"href":"http:\/\/cordobadirecto.com\/index.php\/wp-json\/wp\/v2\/categories?post=156917"},{"taxonomy":"post_tag","embeddable":true,"href":"http:\/\/cordobadirecto.com\/index.php\/wp-json\/wp\/v2\/tags?post=156917"}],"curies":[{"name":"wp","href":"https:\/\/api.w.org\/{rel}","templated":true}]}}