{"id":157074,"date":"2024-10-18T15:02:18","date_gmt":"2024-10-18T15:02:18","guid":{"rendered":"https:\/\/cordoba.gob.ar\/?p=62763"},"modified":"2024-10-18T15:02:18","modified_gmt":"2024-10-18T15:02:18","slug":"cine-y-poesia-para-el-ultimo-viernes-en-la-feria-del-libro-cordoba","status":"publish","type":"post","link":"http:\/\/cordobadirecto.com\/index.php\/2024\/10\/18\/cine-y-poesia-para-el-ultimo-viernes-en-la-feria-del-libro-cordoba\/","title":{"rendered":"Cine y Poes\u00eda para el \u00faltimo viernes en la Feria del Libro C\u00f3rdoba"},"content":{"rendered":"<div><img src=\"http:\/\/cordobadirecto.com\/wp-content\/uploads\/2024\/10\/cine-y-poesia-para-el-ultimo-viernes-en-la-feria-del-libro-cordoba.jpg\" class=\"ff-og-image-inserted\"><\/div>\n<ul>\n<li><strong>Gran actividad de los ciclos en otra jornada de propuestas gratuitas para disfrutar la jornada.<\/strong><\/li>\n<\/ul>\n<hr>\n<p>La Feria del Libro C\u00f3rdoba abre el fin de semana de la mejor manera: numerosas propuestas gratuitas de todo tipo animar\u00e1n la tarde y la noche de este viernes 18 en la ciudad.<\/p>\n<p>A las 17 horas, Daniel Guebel conversar\u00e1 en \u201cLas pel\u00edculas de Guebel\u201d, junto con el guionista y director cordob\u00e9s Alejandro Cozza en el Cineclub Municipal.<\/p>\n<p>En el mismo horario, \u201cLa mirada diversa\u201d, mesa debate sobre talleres literarios, reunir\u00e1 a Estela Zanlungo, Flor L\u00f3pez, Paula Gastaldi y a distintos talleres literarios en el Espacio Vicente Luy, como parte del Ciclo Viene Poes\u00eda.<\/p>\n<p>A las 19 horas, Luciano Lamberti ser\u00e1 entrevistado por David Voloj en \u201cUna novela de terror para nombrar el horror\u201d, que recorrer\u00e1 la premiada novela del escritor cordob\u00e9s \u201cPara hechizar a un cazador\u201d en el Espacio Daniel Salzano.<\/p>\n<p>A la misma hora, tendr\u00e1 su cierre el Ciclo Cine y Literatura, con la proyecci\u00f3n de \u201cLas motitos\u201d en el Cine Arte C\u00f3rdoba, donde luego habr\u00e1 una charla entre los asistentes y Gabriela Vidal, una de sus directoras.<\/p>\n<p>Este ciclo vio pasar las pel\u00edculas \u201cSiete perros\u201d, \u201cUn cuerpo estall\u00f3 en mil pedazos\u201d y \u201cLas cosas indefinidas\u201d en una nueva propuesta para esta edici\u00f3n de la Feria que junt\u00f3 al s\u00e9ptimo arte con la literatura.<\/p>\n<p>El resto de la grilla est\u00e1 compuesta por diferentes presentaciones, talleres, charlas, poes\u00eda, un slam de poes\u00eda y distintas presentaciones musicales.<\/p>\n<p>La programaci\u00f3n completa de actividades, todas sin costo, se puede consultar <a href=\"https:\/\/docs.google.com\/document\/d\/1NcIHWTbeOOp6j2ZyGq6iW_AZC2hpqxsg\/edit\">en este enlace<\/a>.<\/p>\n","protected":false},"excerpt":{"rendered":"<p>Gran actividad de los ciclos en otra jornada de propuestas gratuitas para disfrutar la jornada. La Feria del Libro C\u00f3rdoba abre el fin de semana de la mejor manera: numerosas propuestas gratuitas de todo tipo animar\u00e1n la tarde y la noche de este viernes 18 en la ciudad. A las 17 horas, Daniel Guebel conversar\u00e1 [&hellip;]<\/p>\n","protected":false},"author":1,"featured_media":157075,"comment_status":"closed","ping_status":"closed","sticky":false,"template":"","format":"standard","meta":[],"categories":[44],"tags":[],"_links":{"self":[{"href":"http:\/\/cordobadirecto.com\/index.php\/wp-json\/wp\/v2\/posts\/157074"}],"collection":[{"href":"http:\/\/cordobadirecto.com\/index.php\/wp-json\/wp\/v2\/posts"}],"about":[{"href":"http:\/\/cordobadirecto.com\/index.php\/wp-json\/wp\/v2\/types\/post"}],"author":[{"embeddable":true,"href":"http:\/\/cordobadirecto.com\/index.php\/wp-json\/wp\/v2\/users\/1"}],"replies":[{"embeddable":true,"href":"http:\/\/cordobadirecto.com\/index.php\/wp-json\/wp\/v2\/comments?post=157074"}],"version-history":[{"count":0,"href":"http:\/\/cordobadirecto.com\/index.php\/wp-json\/wp\/v2\/posts\/157074\/revisions"}],"wp:featuredmedia":[{"embeddable":true,"href":"http:\/\/cordobadirecto.com\/index.php\/wp-json\/wp\/v2\/media\/157075"}],"wp:attachment":[{"href":"http:\/\/cordobadirecto.com\/index.php\/wp-json\/wp\/v2\/media?parent=157074"}],"wp:term":[{"taxonomy":"category","embeddable":true,"href":"http:\/\/cordobadirecto.com\/index.php\/wp-json\/wp\/v2\/categories?post=157074"},{"taxonomy":"post_tag","embeddable":true,"href":"http:\/\/cordobadirecto.com\/index.php\/wp-json\/wp\/v2\/tags?post=157074"}],"curies":[{"name":"wp","href":"https:\/\/api.w.org\/{rel}","templated":true}]}}