{"id":157076,"date":"2024-10-18T14:32:14","date_gmt":"2024-10-18T14:32:14","guid":{"rendered":"https:\/\/cordoba.gob.ar\/?p=62730"},"modified":"2024-10-18T14:32:14","modified_gmt":"2024-10-18T14:32:14","slug":"el-ciclo-de-rock-de-la-piojera-huele-a-espiritu-adolescente","status":"publish","type":"post","link":"http:\/\/cordobadirecto.com\/index.php\/2024\/10\/18\/el-ciclo-de-rock-de-la-piojera-huele-a-espiritu-adolescente\/","title":{"rendered":"El ciclo de rock de \u201cLa Piojera\u201d huele a esp\u00edritu adolescente"},"content":{"rendered":"<div><img src=\"http:\/\/cordobadirecto.com\/wp-content\/uploads\/2024\/10\/el-ciclo-de-rock-de-la-piojera-huele-a-espiritu-adolescente.jpg\" class=\"ff-og-image-inserted\"><\/div>\n<ul>\n<li><strong><strong>Este viernes, tres agrupaciones <em>teens<\/em> de m\u00fasicos que asisten al Monserrat prometen demasiada agitaci\u00f3n en Col\u00f3n 1559. exhibir\u00e1n temas propios y covers.<\/strong><\/strong><br \/>\n<hr>\n<\/li>\n<\/ul>\n<p>Tres agrupaciones de rockeros adolescentes ofrecer\u00e1n un festival musical en \u201cLa Piojera\u201d, este viernes, a las 21, en el marco del ciclo \u201cPiojerock\u201d.<\/p>\n<p>con entrada libre y salida a la gorra consciente.<\/p>\n<p>La jornada aglomerar\u00e1 a las orquestas Yokai, Esencia y Trance. M\u00e1s all\u00e1 de&nbsp; los cruces estil\u00edsticos, los chicos tienen en com\u00fan ser parte del alumnado del Colegio Nacional \u201cMonserrat\u201d.<\/p>\n<p>Prometen covers de grupos m\u00e1s antiguos y canciones propias, con la idea de generar un inter\u00e9s entre los m\u00e1s j\u00f3venes.<\/p>\n<p>Estas tres bandas cordobesas se animan a tomar la posta de una modalidad sonora que trascendi\u00f3 las fronteras geogr\u00e1ficas y las franjas etarias.<\/p>\n","protected":false},"excerpt":{"rendered":"<p>Este viernes, tres agrupaciones teens de m\u00fasicos que asisten al Monserrat prometen demasiada agitaci\u00f3n en Col\u00f3n 1559. exhibir\u00e1n temas propios y covers. Tres agrupaciones de rockeros adolescentes ofrecer\u00e1n un festival musical en \u201cLa Piojera\u201d, este viernes, a las 21, en el marco del ciclo \u201cPiojerock\u201d. con entrada libre y salida a la gorra consciente. La [&hellip;]<\/p>\n","protected":false},"author":1,"featured_media":157077,"comment_status":"closed","ping_status":"closed","sticky":false,"template":"","format":"standard","meta":[],"categories":[44],"tags":[],"_links":{"self":[{"href":"http:\/\/cordobadirecto.com\/index.php\/wp-json\/wp\/v2\/posts\/157076"}],"collection":[{"href":"http:\/\/cordobadirecto.com\/index.php\/wp-json\/wp\/v2\/posts"}],"about":[{"href":"http:\/\/cordobadirecto.com\/index.php\/wp-json\/wp\/v2\/types\/post"}],"author":[{"embeddable":true,"href":"http:\/\/cordobadirecto.com\/index.php\/wp-json\/wp\/v2\/users\/1"}],"replies":[{"embeddable":true,"href":"http:\/\/cordobadirecto.com\/index.php\/wp-json\/wp\/v2\/comments?post=157076"}],"version-history":[{"count":0,"href":"http:\/\/cordobadirecto.com\/index.php\/wp-json\/wp\/v2\/posts\/157076\/revisions"}],"wp:featuredmedia":[{"embeddable":true,"href":"http:\/\/cordobadirecto.com\/index.php\/wp-json\/wp\/v2\/media\/157077"}],"wp:attachment":[{"href":"http:\/\/cordobadirecto.com\/index.php\/wp-json\/wp\/v2\/media?parent=157076"}],"wp:term":[{"taxonomy":"category","embeddable":true,"href":"http:\/\/cordobadirecto.com\/index.php\/wp-json\/wp\/v2\/categories?post=157076"},{"taxonomy":"post_tag","embeddable":true,"href":"http:\/\/cordobadirecto.com\/index.php\/wp-json\/wp\/v2\/tags?post=157076"}],"curies":[{"name":"wp","href":"https:\/\/api.w.org\/{rel}","templated":true}]}}