{"id":157097,"date":"2024-10-18T13:37:12","date_gmt":"2024-10-18T13:37:12","guid":{"rendered":"https:\/\/www.ole.com.ar\/autos\/franco-colapinto-gp-austin-estados-unidos-hora-ver-tv-online-austin_0_mqh4fHsE5e.html"},"modified":"2024-10-18T13:37:12","modified_gmt":"2024-10-18T13:37:12","slug":"franco-colapinto-en-austin-hoy-en-vivo-el-argentino-fue-19-en-el-ensayo","status":"publish","type":"post","link":"http:\/\/cordobadirecto.com\/index.php\/2024\/10\/18\/franco-colapinto-en-austin-hoy-en-vivo-el-argentino-fue-19-en-el-ensayo\/","title":{"rendered":"Franco Colapinto en Austin, hoy EN VIVO: el argentino fue 19\u00b0 en el ensayo"},"content":{"rendered":"<p><h2>Verstappen, el m\u00e1s r\u00e1pido<\/h2>\n<\/p>\n<div class=\"sc-19aa7123-0 iHjvMN\" readability=\"14\">\n<p>Con la primera vuelta r\u00e1pida de algunos pilotos, Max ya registr\u00f3 el tiempo m\u00e1s r\u00e1pido, con 1.37.593, Colapinto, con alg\u00fan problemita en pista, la hizo en 1.41.406, a 3.937.<\/p>\n<\/div>\n<div class=\"sc-e7b891c4-0 ifHnQL\"><img alt=\"Colapinto se fue de pista en su primera vuelta r\u00e1pida.\" loading=\"lazy\" width=\"720\" height=\"100\" decoding=\"async\" data-nimg=\"1\" src=\"http:\/\/cordobadirecto.com\/wp-content\/uploads\/2024\/10\/franco-colapinto-en-austin-hoy-en-vivo-el-argentino-fue-19-en-el-ensayo.jpg\"><span class=\"epigraphe\">Colapinto se fue de pista en su primera vuelta r\u00e1pida.<\/span><\/div>\n<p><h2>Franco ya est\u00e1 en la pista<\/h2>\n<\/p>\n<div class=\"sc-19aa7123-0 iHjvMN\" readability=\"11\">\n<p>El argentino, con el Williams #46, ya est\u00e1 girando con su Williams, al que le pusieron gomas duras (las blancas). El \u00fanico con neum\u00e1ticos medios (amarillos) es Valtteri Bottas.<\/p>\n<\/div>\n","protected":false},"excerpt":{"rendered":"<p>Verstappen, el m\u00e1s r\u00e1pido Con la primera vuelta r\u00e1pida de algunos pilotos, Max ya registr\u00f3 el tiempo m\u00e1s r\u00e1pido, con 1.37.593, Colapinto, con alg\u00fan problemita en pista, la hizo en 1.41.406, a 3.937. Colapinto se fue de pista en su primera vuelta r\u00e1pida. Franco ya est\u00e1 en la pista El argentino, con el Williams #46, [&hellip;]<\/p>\n","protected":false},"author":1,"featured_media":157098,"comment_status":"closed","ping_status":"closed","sticky":false,"template":"","format":"standard","meta":[],"categories":[21],"tags":[],"_links":{"self":[{"href":"http:\/\/cordobadirecto.com\/index.php\/wp-json\/wp\/v2\/posts\/157097"}],"collection":[{"href":"http:\/\/cordobadirecto.com\/index.php\/wp-json\/wp\/v2\/posts"}],"about":[{"href":"http:\/\/cordobadirecto.com\/index.php\/wp-json\/wp\/v2\/types\/post"}],"author":[{"embeddable":true,"href":"http:\/\/cordobadirecto.com\/index.php\/wp-json\/wp\/v2\/users\/1"}],"replies":[{"embeddable":true,"href":"http:\/\/cordobadirecto.com\/index.php\/wp-json\/wp\/v2\/comments?post=157097"}],"version-history":[{"count":0,"href":"http:\/\/cordobadirecto.com\/index.php\/wp-json\/wp\/v2\/posts\/157097\/revisions"}],"wp:featuredmedia":[{"embeddable":true,"href":"http:\/\/cordobadirecto.com\/index.php\/wp-json\/wp\/v2\/media\/157098"}],"wp:attachment":[{"href":"http:\/\/cordobadirecto.com\/index.php\/wp-json\/wp\/v2\/media?parent=157097"}],"wp:term":[{"taxonomy":"category","embeddable":true,"href":"http:\/\/cordobadirecto.com\/index.php\/wp-json\/wp\/v2\/categories?post=157097"},{"taxonomy":"post_tag","embeddable":true,"href":"http:\/\/cordobadirecto.com\/index.php\/wp-json\/wp\/v2\/tags?post=157097"}],"curies":[{"name":"wp","href":"https:\/\/api.w.org\/{rel}","templated":true}]}}