{"id":157099,"date":"2024-10-18T10:40:45","date_gmt":"2024-10-18T10:40:45","guid":{"rendered":"https:\/\/www.ole.com.ar\/autos\/franco-colapinto-formula-1-fan-gp-austin_0_SRd0L66h0j.html"},"modified":"2024-10-18T10:40:45","modified_gmt":"2024-10-18T10:40:45","slug":"la-audaz-propuesta-que-franco-colapinto-le-hizo-a-una-fanatica-antes-del-gp-de-austin","status":"publish","type":"post","link":"http:\/\/cordobadirecto.com\/index.php\/2024\/10\/18\/la-audaz-propuesta-que-franco-colapinto-le-hizo-a-una-fanatica-antes-del-gp-de-austin\/","title":{"rendered":"La audaz propuesta que Franco Colapinto le hizo a una fan\u00e1tica antes del GP de Austin"},"content":{"rendered":"<p><span class=\"createDate\">18\/10\/2024 07:40hs.<\/span><time class=\"modificatedDate\" datetime=\"2024-10-18T07:51:42-03:00\"> Actualizado al 18\/10\/2024 07:51hs.<\/time><\/p>\n<div id=\"storyBody\">\n<div class=\"custom-text \" readability=\"35.482051282051\">\n<p>Luego de un breve parate, <strong><a href=\"https:\/\/www.ole.com.ar\/tema\/franco-colapinto.html\" target=\"_self\" title=\"Franco Colapinto\" alt=\"Franco Colapinto\" rel=\"noopener\">Franco Colapinto<\/a><\/strong> tiene todo listo para regresar a las pistas. De cara a lo que ser\u00e1 el <strong>Gran Premio de Austin<\/strong> (que se correr\u00e1 el <strong>domingo 20 de octubre<\/strong> en el Circuito de las Am\u00e9ricas de Texas) el argentino aprovech\u00f3 la tarde para <strong>ultimar detalles con su equipo<\/strong>. Sin embargo,<strong> <\/strong>fue tendencia en las redes sociales por la audaz propuesta que le hizo a una fan\u00e1tica.<\/p>\n<\/div>\n<div class=\"custom-text \" readability=\"42\">\n<p>Mientras recorr\u00eda el circuito, el piloto de <strong>Williams <\/strong>se cruz\u00f3 con una muchacha que se le acerc\u00f3 para preguntarle cu\u00e1l fue su primer auto. No obstante, segundos despu\u00e9s de encararlo, la protagonista de esta historia fue v\u00edctima del encanto que caracteriza al corredor. &#8220;<strong>No tengo auto en la calle, no manejo. Si me ped\u00eds que te lleve, te alquilo uno<\/strong>&#8220;, lanz\u00f3 el pilarense. Acto seguido, todos empezaron a re\u00edrse.<\/p>\n<\/div>\n<div type=\"embed\" class=\"sc-3f46f5ae-0 djVTgz\">\n<div class=\"sc-3f46f5ae-1 fTjZec videoText\" id=\"contentTitleembedOyIH0aJo\" type=\"embed\"><svg fill=\"#ffffff\"><symbol id=\"play\" viewBox=\"0 0 512 512\"><path d=\"M512 256C512 397.4 397.4 512 256 512C114.6 512 0 397.4 0 256C0 114.6 114.6 0 256 0C397.4 0 512 114.6 512 256zM176 168V344C176 352.7 180.7 360.7 188.3 364.9C195.8 369.2 205.1 369 212.5 364.5L356.5 276.5C363.6 272.1 368 264.4 368 256C368 247.6 363.6 239.9 356.5 235.5L212.5 147.5C205.1 142.1 195.8 142.8 188.3 147.1C180.7 151.3 176 159.3 176 168V168z\" \/><\/symbol><use xlink:href=\"#play\" \/><\/svg><\/p>\n<div class=\"right\">\n<p>Franco Colapinto<!-- --> &#8211;<!-- --> <span>&nbsp;<\/span><\/p>\n<h2 class=\"title-vid\">El comentario de Franco Colapinto que se volvi\u00f3 viral<\/h2>\n<\/div>\n<\/div>\n<p><span class=\"back\" id=\"spanBackembedOyIH0aJo\"><\/span><\/div>\n<p><h2>Franco Colapinto revel\u00f3 c\u00f3mo festejar\u00eda un podio en la F\u00f3rmula 1<\/h2>\n<\/p>\n<div class=\"custom-text \" readability=\"38\">\n<p>Un rato m\u00e1s tarde, <strong>Franco Colapinto<\/strong> sac\u00f3 a relucir nuevamente su argentinidad y habl\u00f3 de todo con un grupo de hinchas que lo esper\u00f3 al costado de la pista. De hecho, hasta revel\u00f3 qu\u00e9 har\u00eda en caso de quedar entre los tres mejores en una carrera de F\u00f3rmula 1. &#8220;<strong>Cuando est\u00e9 en un podio de F1 me voy a poner la gorra de Bizarrap aunque me echen al d\u00eda siguiente<\/strong>&#8220;, asegur\u00f3. <\/p>\n<\/div>\n<div class=\"custom-text \" readability=\"41\">\n<p>Inmediatamente, explic\u00f3 qu\u00e9 tipo de problemas podr\u00eda enfrentar si lo hiciera y record\u00f3 lo que sucedi\u00f3 cuando todav\u00eda corr\u00eda en la F2. &#8220;En teor\u00eda, <strong>firm\u00e1s un contrato a principio de a\u00f1o que ten\u00e9s que tener la de Pirelli puesta todo el tiempo que est\u00e1s en el podio<\/strong>. Y yo, claro, <strong>no tuve puesta la de Pirelli todo el tiempo<\/strong>. Hubo problemas, pero ya est\u00e1 solucionado&#8221;, record\u00f3.<\/p>\n<\/div>\n<div class=\"sc-e7b891c4-0 ifHnQL\"><img alt=\"Franco Colapinto con su amigo Bizarrap.\" loading=\"lazy\" width=\"720\" height=\"100\" decoding=\"async\" data-nimg=\"1\" src=\"http:\/\/cordobadirecto.com\/wp-content\/uploads\/2024\/10\/la-audaz-propuesta-que-franco-colapinto-le-hizo-a-una-fanatica-antes-del-gp-de-austin.jpg\"><span class=\"epigraphe\">Franco Colapinto con su amigo Bizarrap.<\/span><\/div>\n<p><h2>La promesa que Franco Colapinto le hizo a los argentinos que viven en Austin<\/h2>\n<\/p>\n<div class=\"custom-text \" readability=\"38\">\n<p>Otro de los fan\u00e1ticos le pregunt\u00f3 si ten\u00eda pensado comer un asado con los argentinos que viven en Texas. En consecuencia, el piloto de Williams tom\u00f3 la batuta y se mostr\u00f3 predispuesto para organizarlo. &#8220;Vamos a intentar. Estoy muy ocupado ahora con la carrera, pero <strong>despu\u00e9s de la carrera puede ser<\/strong>. Estoy un poco m\u00e1s liberado as\u00ed que <strong>vamos a meter un asadito con los de Austin<\/strong>&#8220;, reconoci\u00f3.<\/p>\n<\/div>\n<div type=\"embed\" class=\"sc-3f46f5ae-0 djVTgz\">\n<div class=\"sc-3f46f5ae-1 fTjZec videoText\" id=\"contentTitleembedl8gLPhGy\" type=\"embed\"><svg fill=\"#ffffff\"><symbol id=\"play\" viewBox=\"0 0 512 512\"><path d=\"M512 256C512 397.4 397.4 512 256 512C114.6 512 0 397.4 0 256C0 114.6 114.6 0 256 0C397.4 0 512 114.6 512 256zM176 168V344C176 352.7 180.7 360.7 188.3 364.9C195.8 369.2 205.1 369 212.5 364.5L356.5 276.5C363.6 272.1 368 264.4 368 256C368 247.6 363.6 239.9 356.5 235.5L212.5 147.5C205.1 142.1 195.8 142.8 188.3 147.1C180.7 151.3 176 159.3 176 168V168z\" \/><\/symbol><use xlink:href=\"#play\" \/><\/svg><\/p>\n<div class=\"right\">\n<p>Franco Colapinto<!-- --> &#8211;<!-- --> <span>&nbsp;<\/span><\/p>\n<h2 class=\"title-vid\">Franco Colapinto se sorprendi\u00f3 al ver a sus fans en un d\u00eda que no hay carrera<\/h2>\n<\/div>\n<\/div>\n<p><span class=\"back\" id=\"spanBackembedl8gLPhGy\"><\/span><\/div>\n<p><h2>El elogio de Franco Colapinto para una fan\u00e1tica que llevaba un look completamente inspirado en \u00e9l<\/h2>\n<\/p>\n<div class=\"custom-text \" readability=\"42\">\n<p><strong>Franco Colapinto<\/strong> not\u00f3 que una fan\u00e1tica que ten\u00eda cerca portaba un look basado en \u00e9l de pies a cabeza. Por lo tanto, no tard\u00f3 nada en reconocerla en voz alta. &#8220;<strong>\u00a1Las zapatillas! Jodeme, altas llantas boludo\u2026 Con esas est\u00e1s segura<\/strong>. Ojo eh, ahora te las firmo, ahora te las firmo. <strong>Quiero unas, tienen plataformas, yo que soy medio enano \u00faltimamente<\/strong>&#8220;, asegur\u00f3 entre risas.<\/p>\n<\/div>\n<p><h2>El cronograma de la F\u00f3rmula 1 en Austin con Colapinto<\/h2>\n<\/p>\n<p><h3>Viernes<\/h3>\n<\/p>\n<div class=\"custom-text \">\n<ul>\n<li>14.30 a 15.30 &#8211; \u00danica pr\u00e1ctica<\/li>\n<li>18.30 a 19.14 &#8211; Qualy Sprint<\/li>\n<\/ul>\n<\/div>\n<p><h3>S\u00e1bado<\/h3>\n<\/p>\n<div class=\"custom-text \">\n<ul>\n<li>15.00 a 16.00 &#8211; Carrera Sprint<\/li>\n<li>19.00 a 20.00 &#8211; Qualy Carrera Feature<\/li>\n<\/ul>\n<\/div>\n<p><h3>Domingo<\/h3>\n<\/p>\n<div class=\"custom-text \">\n<ul>\n<li>16:00 Carrera Feature (la habitual)<\/li>\n<\/ul>\n<\/div>\n<div class=\"sc-a7166897-0 eoLsBE\" readability=\"6.5\">\n<section readability=\"3\"><picture><img alt=\"Partidos de hoy, viernes 18 de octubre: horario y c\u00f3mo ver f\u00fatbol en vivo\" loading=\"lazy\" width=\"290\" height=\"290\" decoding=\"async\" data-nimg=\"1\" src=\"http:\/\/cordobadirecto.com\/wp-content\/uploads\/2024\/10\/la-audaz-propuesta-que-franco-colapinto-le-hizo-a-una-fanatica-antes-del-gp-de-austin-1.jpg\"><\/picture>\n<p><span>Mir\u00e1 tambi\u00e9n<\/span><\/p>\n<hr>\n<h3>Partidos de hoy, viernes 18 de octubre: horario y c\u00f3mo ver f\u00fatbol en vivo<\/h3>\n<\/p>\n<\/section>\n<\/div>\n<div class=\"sc-a7166897-0 eoLsBE\" readability=\"6.5\">\n<section readability=\"3\"><picture><img alt=\"El reconocido dirigente del f\u00fatbol argentino que se convirti\u00f3 en accionista de un club de Miami\" loading=\"lazy\" width=\"290\" height=\"290\" decoding=\"async\" data-nimg=\"1\" src=\"http:\/\/cordobadirecto.com\/wp-content\/uploads\/2024\/10\/la-audaz-propuesta-que-franco-colapinto-le-hizo-a-una-fanatica-antes-del-gp-de-austin-2.jpg\"><\/picture>\n<p><span>Mir\u00e1 tambi\u00e9n<\/span><\/p>\n<hr>\n<h3>El reconocido dirigente del f\u00fatbol argentino que se convirti\u00f3 en accionista de un club de Miami<\/h3>\n<\/p>\n<\/section>\n<\/div>\n<div class=\"sc-a7166897-0 eoLsBE\" readability=\"6\">\n<section readability=\"2\"><picture><img alt=\"Corinthians gole\u00f3 y sali\u00f3 del descenso\" loading=\"lazy\" width=\"290\" height=\"290\" decoding=\"async\" data-nimg=\"1\" src=\"http:\/\/cordobadirecto.com\/wp-content\/uploads\/2024\/10\/la-audaz-propuesta-que-franco-colapinto-le-hizo-a-una-fanatica-antes-del-gp-de-austin-3.jpg\"><\/picture>\n<p><span>Mir\u00e1 tambi\u00e9n<\/span><\/p>\n<hr>\n<h3>Corinthians gole\u00f3 y sali\u00f3 del descenso<\/h3>\n<\/p>\n<\/section>\n<\/div>\n<\/div>\n","protected":false},"excerpt":{"rendered":"<p>18\/10\/2024 07:40hs. Actualizado al 18\/10\/2024 07:51hs. Luego de un breve parate, Franco Colapinto tiene todo listo para regresar a las pistas. De cara a lo que ser\u00e1 el Gran Premio de Austin (que se correr\u00e1 el domingo 20 de octubre en el Circuito de las Am\u00e9ricas de Texas) el argentino aprovech\u00f3 la tarde para ultimar [&hellip;]<\/p>\n","protected":false},"author":1,"featured_media":157100,"comment_status":"closed","ping_status":"closed","sticky":false,"template":"","format":"standard","meta":[],"categories":[21],"tags":[],"_links":{"self":[{"href":"http:\/\/cordobadirecto.com\/index.php\/wp-json\/wp\/v2\/posts\/157099"}],"collection":[{"href":"http:\/\/cordobadirecto.com\/index.php\/wp-json\/wp\/v2\/posts"}],"about":[{"href":"http:\/\/cordobadirecto.com\/index.php\/wp-json\/wp\/v2\/types\/post"}],"author":[{"embeddable":true,"href":"http:\/\/cordobadirecto.com\/index.php\/wp-json\/wp\/v2\/users\/1"}],"replies":[{"embeddable":true,"href":"http:\/\/cordobadirecto.com\/index.php\/wp-json\/wp\/v2\/comments?post=157099"}],"version-history":[{"count":0,"href":"http:\/\/cordobadirecto.com\/index.php\/wp-json\/wp\/v2\/posts\/157099\/revisions"}],"wp:featuredmedia":[{"embeddable":true,"href":"http:\/\/cordobadirecto.com\/index.php\/wp-json\/wp\/v2\/media\/157100"}],"wp:attachment":[{"href":"http:\/\/cordobadirecto.com\/index.php\/wp-json\/wp\/v2\/media?parent=157099"}],"wp:term":[{"taxonomy":"category","embeddable":true,"href":"http:\/\/cordobadirecto.com\/index.php\/wp-json\/wp\/v2\/categories?post=157099"},{"taxonomy":"post_tag","embeddable":true,"href":"http:\/\/cordobadirecto.com\/index.php\/wp-json\/wp\/v2\/tags?post=157099"}],"curies":[{"name":"wp","href":"https:\/\/api.w.org\/{rel}","templated":true}]}}