{"id":157101,"date":"2024-10-18T19:31:38","date_gmt":"2024-10-18T19:31:38","guid":{"rendered":"https:\/\/www.ole.com.ar\/ascenso\/milo-j-sponsor-principal-deportivo-moron-temporada-2025-shows-nuevo-francisco-urbano-duki-bizarrap_0_hACWiWwCz9.html"},"modified":"2024-10-18T19:31:38","modified_gmt":"2024-10-18T19:31:38","slug":"inedito-milo-j-sera-el-sponsor-principal-de-deportivo-moron-para-el-2025","status":"publish","type":"post","link":"http:\/\/cordobadirecto.com\/index.php\/2024\/10\/18\/inedito-milo-j-sera-el-sponsor-principal-de-deportivo-moron-para-el-2025\/","title":{"rendered":"In\u00e9dito: Milo J ser\u00e1 el sponsor principal de Deportivo Mor\u00f3n para el 2025"},"content":{"rendered":"<p><time class=\"createDate\" datetime=\"2024-10-18T14:37:25-03:00\">18\/10\/2024 14:37hs.<\/time><\/p>\n<div id=\"storyBody\">\n<div class=\"custom-text \" readability=\"34.182965299685\">\n<p><strong><a href=\"https:\/\/www.ole.com.ar\/tema\/deportivo-moron.html\" title=\"Deportivo Mor\u00f3n\" alt=\"Deportivo Mor\u00f3n\" class=\"slug\">Deportivo Mor\u00f3n<\/a><\/strong> musicaliz\u00f3 la temporada 2025 y <strong>anunci\u00f3 que Milo J ser\u00e1 el principal sponsor del club. <\/strong>Esto quiere decir que todas las camisetas del Gallo llevar\u00e1n el logo del artista debajo del pecho desde el pr\u00f3ximo a\u00f1o. Un hecho hist\u00f3rico,<strong> puesto que nunca hab\u00eda sucedido algo as\u00ed en el f\u00fatbol argentino. <\/strong><\/p>\n<\/div>\n<div class=\"custom-text \" readability=\"42\">\n<p>El anuncio oficial fue realizado a trav\u00e9s de las redes sociales del club, donde se public\u00f3 un video con im\u00e1genes de <strong>Milo J en el estadio Nuevo Francisco Urbano<\/strong>, luciendo con orgullo la camiseta del equipo que desde ahora llevar\u00e1 su nombre estampado en el frente. <strong>&#8220;Bienvenido Milo. Su barrio, su historia, su familia, sus amigos. Lleg\u00f3 el d\u00eda, lleg\u00f3 \u00e9l a su casa&#8221;<\/strong>, expres\u00f3 el club.<\/p>\n<\/div>\n<div class=\"custom-text \" readability=\"44\">\n<p>El v\u00ednculo entre el rapero, de apenas 17 a\u00f1os, y el Gallito, va m\u00e1s all\u00e1 del apoyo financiero. Nacido en la ciudad de Mor\u00f3n, el artista siempre ha mostrado su pasi\u00f3n por el club. En su EP junto al popular productor Bizarrap, por ejemplo, el joven cantante apareci\u00f3 en uno de los videoclips con la casaca del Gallito, mencionando al club en la letra de la canci\u00f3n. Adem\u00e1s, en uno de sus recientes shows en Europa, sorprendi\u00f3 al p\u00fablico al salir al escenario completamente vestido con la indumentaria de Mor\u00f3n.<\/p>\n<\/div>\n<div class=\"custom-text \" readability=\"41\">\n<p>De hecho, este 25 de octubre, mismo d\u00eda de su cumplea\u00f1os, el artista brindar\u00e1 un espect\u00e1culo en la propia cancha de Mor\u00f3n con entradas agotadas, en lo que ser\u00e1 su primer show en un estadio. M\u00e1s adelante, se presentar\u00e1 ante m\u00e1s de 30 mil personas el a\u00f1o pr\u00f3ximo en Barcelona y Madrid. El 18 de enero en el Palau Sant Jordi (cancha de b\u00e1squet del Barsa) y el 19 de enero en el WiZink Center (cancha de b\u00e1squet del Real Madrid), el artista ofrecer\u00e1 los conciertos m\u00e1s grandes de su carrera en Espa\u00f1a hasta la fecha. <\/p>\n<\/div>\n<div class=\"custom-text \" readability=\"27.660792951542\">\n<p>Pese a que el nombre de un artista no se hab\u00eda visto nunca en la camiseta de un equipo del f\u00fatbol argentino, s\u00ed sucede en Europa. El Barcelona, por ejemplo, que tiene de sponsor principal a Spotify, ya ha tenido varias camisetas con los logos de artistas. El pr\u00f3ximo 26 de octubre, por ejemplo, <a href=\"https:\/\/www.ole.com.ar\/futbol-internacional\/espana\/barcelona-jugara-clasico-real-madrid-camiseta-coldplay_0_ObnvvVsp24.html\" target=\"_blank\" title=\"lucir\u00e1 el nombre de la popular banda brit\u00e1nica Coldplay debajo del pecho de su camiseta, ni m\u00e1s ni menos que para jugar el cl\u00e1sico ante el Real Madrid.\" alt=\"lucir\u00e1 el nombre de la popular banda brit\u00e1nica Coldplay debajo del pecho de su camiseta, ni m\u00e1s ni menos que para jugar el cl\u00e1sico ante el Real Madrid.\" rel=\"noopener\">lucir\u00e1 el nombre de la popular banda brit\u00e1nica Coldplay debajo del pecho de su camiseta, ni m\u00e1s ni menos que para jugar el cl\u00e1sico ante el Real Madrid.<\/a><\/p>\n<\/div>\n<div class=\"sc-e7b891c4-0 ifHnQL\"><img alt=\"Milo J y la nueva camiseta que lucir\u00e1 Mor\u00f3n en 2025. (Foto: Prensa Deportivo Mor\u00f3n)\" loading=\"lazy\" width=\"720\" height=\"100\" decoding=\"async\" data-nimg=\"1\" src=\"http:\/\/cordobadirecto.com\/wp-content\/uploads\/2024\/10\/inedito-milo-j-sera-el-sponsor-principal-de-deportivo-moron-para-el-2025.jpg\"><span class=\"epigraphe\">Milo J y la nueva camiseta que lucir\u00e1 Mor\u00f3n en 2025. (Foto: Prensa Deportivo Mor\u00f3n)<\/span><\/div>\n<div class=\"sc-e7b891c4-0 ifHnQL\"><img alt=\"Milo J y la nueva camiseta que lucir\u00e1 Mor\u00f3n en 2025. (Foto: Prensa Deportivo Mor\u00f3n)\" loading=\"lazy\" width=\"720\" height=\"100\" decoding=\"async\" data-nimg=\"1\" src=\"http:\/\/cordobadirecto.com\/wp-content\/uploads\/2024\/10\/inedito-milo-j-sera-el-sponsor-principal-de-deportivo-moron-para-el-2025-1.jpg\"><span class=\"epigraphe\">Milo J y la nueva camiseta que lucir\u00e1 Mor\u00f3n en 2025. (Foto: Prensa Deportivo Mor\u00f3n)<\/span><\/div>\n<p><h2><strong>Video: la presentaci\u00f3n de Milo J como sponsor principal<\/strong><\/h2>\n<\/p>\n<div type=\"embed\" class=\"sc-3f46f5ae-0 djVTgz\">\n<div class=\"sc-3f46f5ae-1 fTjZec videoText\" id=\"contentTitleembedHr7rO71T\" type=\"embed\"><svg fill=\"#ffffff\"><symbol id=\"play\" viewBox=\"0 0 512 512\"><path d=\"M512 256C512 397.4 397.4 512 256 512C114.6 512 0 397.4 0 256C0 114.6 114.6 0 256 0C397.4 0 512 114.6 512 256zM176 168V344C176 352.7 180.7 360.7 188.3 364.9C195.8 369.2 205.1 369 212.5 364.5L356.5 276.5C363.6 272.1 368 264.4 368 256C368 247.6 363.6 239.9 356.5 235.5L212.5 147.5C205.1 142.1 195.8 142.8 188.3 147.1C180.7 151.3 176 159.3 176 168V168z\" \/><\/symbol><use xlink:href=\"#play\" \/><\/svg><\/p>\n<div class=\"right\">\n<p>Deportivo Mor\u00f3n<!-- --> &#8211;<!-- --> <span>&nbsp;<\/span><\/p>\n<h2 class=\"title-vid\">Mor\u00f3n anunci\u00f3 a Milo J como el nuevo sponsor principal<\/h2>\n<\/div>\n<\/div>\n<p><span class=\"back\" id=\"spanBackembedHr7rO71T\"><\/span><\/div>\n<div class=\"sc-e7b891c4-0 ifHnQL\"><img alt=\"Milo J en el Primavera Sound 2023 (EFE)\" loading=\"lazy\" width=\"720\" height=\"100\" decoding=\"async\" data-nimg=\"1\" src=\"http:\/\/cordobadirecto.com\/wp-content\/uploads\/2024\/10\/inedito-milo-j-sera-el-sponsor-principal-de-deportivo-moron-para-el-2025-2.jpg\"><span class=\"epigraphe\">Milo J en el Primavera Sound 2023 (EFE)<\/span><\/div>\n<div class=\"sc-a7166897-0 eoLsBE\" readability=\"6\">\n<section readability=\"2\"><picture><img alt=\"Qu\u00e9 dijo el titular de la IGJ luego de la asamblea que realiz\u00f3 la AFA\" loading=\"lazy\" width=\"290\" height=\"290\" decoding=\"async\" data-nimg=\"1\" src=\"http:\/\/cordobadirecto.com\/wp-content\/uploads\/2024\/10\/inedito-milo-j-sera-el-sponsor-principal-de-deportivo-moron-para-el-2025-3.jpg\"><\/picture>\n<p><span>Mir\u00e1 tambi\u00e9n<\/span><\/p>\n<hr>\n<h3>Qu\u00e9 dijo el titular de la IGJ luego de la asamblea que realiz\u00f3 la AFA<\/h3>\n<\/p>\n<\/section>\n<\/div>\n<div class=\"sc-a7166897-0 eoLsBE\" readability=\"6\">\n<section readability=\"2\"><picture><img alt=\"Muscul\u00e1 en SportClub Diagonal\" loading=\"lazy\" width=\"290\" height=\"290\" decoding=\"async\" data-nimg=\"1\" src=\"http:\/\/cordobadirecto.com\/wp-content\/uploads\/2024\/10\/inedito-milo-j-sera-el-sponsor-principal-de-deportivo-moron-para-el-2025-4.jpg\"><\/picture>\n<p><span>Mir\u00e1 tambi\u00e9n<\/span><\/p>\n<hr>\n<h3>Muscul\u00e1 en SportClub Diagonal<\/h3>\n<\/p>\n<\/section>\n<\/div>\n<div class=\"sc-a7166897-0 eoLsBE\" readability=\"6.5\">\n<section readability=\"3\"><picture><img alt=\"Con dos argentinos, el 11 ideal de la \u00faltima fecha de Eliminatorias\" loading=\"lazy\" width=\"290\" height=\"290\" decoding=\"async\" data-nimg=\"1\" src=\"http:\/\/cordobadirecto.com\/wp-content\/uploads\/2024\/10\/inedito-milo-j-sera-el-sponsor-principal-de-deportivo-moron-para-el-2025-5.jpg\"><\/picture>\n<p><span>Mir\u00e1 tambi\u00e9n<\/span><\/p>\n<hr>\n<h3>Con dos argentinos, el 11 ideal de la \u00faltima fecha de Eliminatorias<\/h3>\n<\/p>\n<\/section>\n<\/div>\n<\/div>\n","protected":false},"excerpt":{"rendered":"<p>18\/10\/2024 14:37hs. Deportivo Mor\u00f3n musicaliz\u00f3 la temporada 2025 y anunci\u00f3 que Milo J ser\u00e1 el principal sponsor del club. Esto quiere decir que todas las camisetas del Gallo llevar\u00e1n el logo del artista debajo del pecho desde el pr\u00f3ximo a\u00f1o. Un hecho hist\u00f3rico, puesto que nunca hab\u00eda sucedido algo as\u00ed en el f\u00fatbol argentino. El [&hellip;]<\/p>\n","protected":false},"author":1,"featured_media":157102,"comment_status":"closed","ping_status":"closed","sticky":false,"template":"","format":"standard","meta":[],"categories":[21],"tags":[],"_links":{"self":[{"href":"http:\/\/cordobadirecto.com\/index.php\/wp-json\/wp\/v2\/posts\/157101"}],"collection":[{"href":"http:\/\/cordobadirecto.com\/index.php\/wp-json\/wp\/v2\/posts"}],"about":[{"href":"http:\/\/cordobadirecto.com\/index.php\/wp-json\/wp\/v2\/types\/post"}],"author":[{"embeddable":true,"href":"http:\/\/cordobadirecto.com\/index.php\/wp-json\/wp\/v2\/users\/1"}],"replies":[{"embeddable":true,"href":"http:\/\/cordobadirecto.com\/index.php\/wp-json\/wp\/v2\/comments?post=157101"}],"version-history":[{"count":0,"href":"http:\/\/cordobadirecto.com\/index.php\/wp-json\/wp\/v2\/posts\/157101\/revisions"}],"wp:featuredmedia":[{"embeddable":true,"href":"http:\/\/cordobadirecto.com\/index.php\/wp-json\/wp\/v2\/media\/157102"}],"wp:attachment":[{"href":"http:\/\/cordobadirecto.com\/index.php\/wp-json\/wp\/v2\/media?parent=157101"}],"wp:term":[{"taxonomy":"category","embeddable":true,"href":"http:\/\/cordobadirecto.com\/index.php\/wp-json\/wp\/v2\/categories?post=157101"},{"taxonomy":"post_tag","embeddable":true,"href":"http:\/\/cordobadirecto.com\/index.php\/wp-json\/wp\/v2\/tags?post=157101"}],"curies":[{"name":"wp","href":"https:\/\/api.w.org\/{rel}","templated":true}]}}