{"id":157110,"date":"2024-10-18T22:40:56","date_gmt":"2024-10-18T22:40:56","guid":{"rendered":"https:\/\/cordoba.gob.ar\/?p=62742"},"modified":"2024-10-18T22:40:56","modified_gmt":"2024-10-18T22:40:56","slug":"la-editorial-municipal-ofrece-sus-productos-en-la-feria-del-libro","status":"publish","type":"post","link":"http:\/\/cordobadirecto.com\/index.php\/2024\/10\/18\/la-editorial-municipal-ofrece-sus-productos-en-la-feria-del-libro\/","title":{"rendered":"La Editorial Municipal ofrece sus productos en la Feria del Libro"},"content":{"rendered":"<div><img src=\"http:\/\/cordobadirecto.com\/wp-content\/uploads\/2024\/10\/la-editorial-municipal-ofrece-sus-productos-en-la-feria-del-libro.jpg\" class=\"ff-og-image-inserted\"><\/div>\n<ul>\n<li><strong>Tiene un stand en la Plaza de la Intendencia donde verdaderas gemas actuales esperan ser descubiertas.<\/strong><\/li>\n<li><strong><strong>Libros para todos los gustos: \u00e1lbumes infantiles, novelas breves, poemarios, ensayos y dramaturgia.<\/strong><\/strong><br \/>\n<hr>\n<\/li>\n<\/ul>\n<p>En la carpa n\u00famero 3 de la Feria del Libro, en Plaza de la Intendencia, se encuentra el stand 58, donde ofrece sus libros la Editorial Municipal de C\u00f3rdoba.<\/p>\n<p>Entre ellos se hallan los ejemplares de los \u00faltimos premios literarios convocados por la Municipalidad de C\u00f3rdoba.<\/p>\n<p>Est\u00e1n las obras galardonadas en a\u00f1os anteriores en la categor\u00eda \u201c\u00c1lbum Ilustrado Infantil\u201d, donde resaltan \u201cLa ni\u00f1a de las ca\u00f1er\u00edas\u201d, \u201cLos planes del viento\u201d y \u201cMiedo a miedo, una cadena de mieditos\u201d.<\/p>\n<p>Otras joyas que se destacan son las tres novelas breves que fueron distinguidas en 2022. El primer premio fue para Iv\u00e1n Marinich, que present\u00f3 \u201cCasa G\u00fcerci\u201d, cuyo t\u00edtulo se liga a la casona centenaria de Z\u00e1rate donde funcion\u00f3 un Centro Clandestino de Detenci\u00f3n en la \u00e9poca de la \u00faltima dictadura c\u00edvico militar. Ambientada en 1978, el autor cuenta lo ocurrido en el subsuelo de esa casona que originalmente perteneci\u00f3 al caudillo conservador Luis G\u00fcerci. Para confeccionar su obra, Marinich realiz\u00f3 entrevistas de primera mano con sobrevivientes de esa masacre para mantener vivo \u201cel motor de la memoria\u201d.<\/p>\n<p>Los otros dos libros destacados en la categor\u00eda de novelas breves son \u201cLa cirujana\u201d de Enrique Antonio Rivas, un poeta de Temperley que incursion\u00f3 en esta ocasi\u00f3n en la prosa. \u201cLa escollera\u201d de Federico Pera, oriundo de Tigre es la propuesta restante de ese rubro. Est\u00e1n a la venta en la Feria del Libro y es una oportunidad ideal para acercarse a las apuestas literarias de estos autores.<\/p>\n<p>Las distinciones literarias municipales tienen como metas promover, difundir e incentiva la producci\u00f3n art\u00edstica a nivel nacional. Siempre se apunta a visibilizar nuevas producciones que esperan agazapadas, al costado de la industria cultural, la oportunidad de hacer escuchar sus voces. La mayor\u00eda son escritores vocacionales y apasionados, y se sabe: con el paso del tiempo lo \u00fanico que sostiene a una persona es su vocaci\u00f3n.<\/p>\n","protected":false},"excerpt":{"rendered":"<p>Tiene un stand en la Plaza de la Intendencia donde verdaderas gemas actuales esperan ser descubiertas. Libros para todos los gustos: \u00e1lbumes infantiles, novelas breves, poemarios, ensayos y dramaturgia. En la carpa n\u00famero 3 de la Feria del Libro, en Plaza de la Intendencia, se encuentra el stand 58, donde ofrece sus libros la Editorial [&hellip;]<\/p>\n","protected":false},"author":1,"featured_media":157111,"comment_status":"closed","ping_status":"closed","sticky":false,"template":"","format":"standard","meta":[],"categories":[44],"tags":[],"_links":{"self":[{"href":"http:\/\/cordobadirecto.com\/index.php\/wp-json\/wp\/v2\/posts\/157110"}],"collection":[{"href":"http:\/\/cordobadirecto.com\/index.php\/wp-json\/wp\/v2\/posts"}],"about":[{"href":"http:\/\/cordobadirecto.com\/index.php\/wp-json\/wp\/v2\/types\/post"}],"author":[{"embeddable":true,"href":"http:\/\/cordobadirecto.com\/index.php\/wp-json\/wp\/v2\/users\/1"}],"replies":[{"embeddable":true,"href":"http:\/\/cordobadirecto.com\/index.php\/wp-json\/wp\/v2\/comments?post=157110"}],"version-history":[{"count":0,"href":"http:\/\/cordobadirecto.com\/index.php\/wp-json\/wp\/v2\/posts\/157110\/revisions"}],"wp:featuredmedia":[{"embeddable":true,"href":"http:\/\/cordobadirecto.com\/index.php\/wp-json\/wp\/v2\/media\/157111"}],"wp:attachment":[{"href":"http:\/\/cordobadirecto.com\/index.php\/wp-json\/wp\/v2\/media?parent=157110"}],"wp:term":[{"taxonomy":"category","embeddable":true,"href":"http:\/\/cordobadirecto.com\/index.php\/wp-json\/wp\/v2\/categories?post=157110"},{"taxonomy":"post_tag","embeddable":true,"href":"http:\/\/cordobadirecto.com\/index.php\/wp-json\/wp\/v2\/tags?post=157110"}],"curies":[{"name":"wp","href":"https:\/\/api.w.org\/{rel}","templated":true}]}}