{"id":157119,"date":"2024-10-18T18:36:11","date_gmt":"2024-10-18T18:36:11","guid":{"rendered":"https:\/\/es.digitaltrends.com\/?p=1044364"},"modified":"2024-10-18T18:36:11","modified_gmt":"2024-10-18T18:36:11","slug":"gran-noticia-confirman-accidentalmente-cuarta-temporada-de-ted-lasso","status":"publish","type":"post","link":"http:\/\/cordobadirecto.com\/index.php\/2024\/10\/18\/gran-noticia-confirman-accidentalmente-cuarta-temporada-de-ted-lasso\/","title":{"rendered":"Gran noticia: confirman accidentalmente cuarta temporada de Ted Lasso"},"content":{"rendered":"<p>A\u00fan cuando <a href=\"https:\/\/es.digitaltrends.com\/apple\/apple-tv-cierra-billetera-producciones-originales\/\"><strong>Apple TV+<\/strong><\/a> todav\u00eda no dice nada sobre <a href=\"https:\/\/es.digitaltrends.com\/entretenimiento\/ted-lasso-temporada-4\/\"><strong><em>Ted Lasso<\/em><\/strong><\/a>, y los mismos protagonistas de la serie han dejado en el aire una posible cuarta temporada, la Alianza de la Industria del Cine y la Televisi\u00f3n acaba de confirmar accidentalmente la temporada 4 de&nbsp;<em>Ted Lasso<\/em>.<\/p>\n<p>Seg\u00fan lo detectado por&nbsp;<em><a href=\"https:\/\/appleinsider.com\/articles\/24\/10\/18\/ted-lasso-season-4-confirmed-in-industry-listings?utm_medium=rss\" target=\"_blank\" rel=\"noreferrer noopener\">AppleInsider<\/a><\/em>, la temporada 4 no anunciada de Ted Lasso se ha&nbsp;<a href=\"https:\/\/productionlist.com\/production\/ted-lasso-season-4\/\" target=\"_blank\" rel=\"noreferrer noopener\">agregado a la lista de programas en producci\u00f3n<\/a>&nbsp;o desarrollo.<\/p>\n<div class=\"b-connatix b-connatix--video\" id=\"dt-cnx-container-6712ab55efbb1\">\n<div class=\"b-connatix__label\"> Recommended Videos <\/div>\n<div class=\"b-connatix__container\"> <\/div>\n<\/div>\n<p>La cuarta entrega tendr\u00eda rodajes en Londres a partir de principios de 2025.<\/p>\n<p>Hace justamente un a\u00f1o, el creador de la serie, Bill Lawrance, hab\u00eda recalcado que el cast de la serie y sobre todo Jason Sudeikis ten\u00edan la \u00faltima palabra.<\/p>\n<figure id=\"attachment_1018038\" aria-describedby=\"caption-attachment-1018038\" class=\"wp-caption alignnone\"><img src=\"http:\/\/cordobadirecto.com\/wp-content\/uploads\/2024\/10\/gran-noticia-confirman-accidentalmente-cuarta-temporada-de-ted-lasso.gif\" data-dt-lazy-src=\"https:\/\/es.digitaltrends.com\/wp-content\/uploads\/2024\/01\/Captura-web_26-1-2024_95618_www.digitaltrends.com_.jpeg?fit=1275%2C675&amp;p=1\" decoding=\"async\" class=\" size-full wp-image-1018038 h-lightbox is-zoomable dt-lazy-load dt-lazy-pending\" alt=\"Ted Lasso\"><figcaption id=\"caption-attachment-1018038\" class=\"wp-caption-text\"><span class=\"credit\">DTES<\/span><\/figcaption><\/figure>\n<p>\u00abEl pensamiento grupal a veces sucede, incluso sin hablarnos, y cada actor, actriz, escritor, productor en ese programa, y [no nos reunimos] y decidimos que este era el mensaje, a todos nos encant\u00f3 la experiencia\u00bb, dijo Lawrence a Collider. \u00abComo fan\u00e1ticos, todos matar\u00edamos si volviera a suceder, pero todos dir\u00edan lo mismo, que es: lo que sea que Jason tenga ganas de hacer y sea cual sea su decisi\u00f3n, todos estamos de acuerdo\u00bb.<\/p>\n<p><em>Ted Lasso&nbsp;<\/em>est\u00e1 protagonizada por Sudeikis como el personaje principal, un entrenador de f\u00fatbol americano universitario de poca monta de Kansas que fue contratado para entrenar a un equipo de f\u00fatbol profesional en Inglaterra a pesar de no tener experiencia.<\/p>\n<p>La aclamada serie tambi\u00e9n est\u00e1 protagonizada por Hannah Waddingham, Brendan Hunt, Jeremy Swift, Juno Temple, Brett Goldstein, Phil Dunster y Nick Mohammed.<\/p>\n<p> <span id=\"publisher-md\" itemprop=\"publisher\" itemscope itemtype=\"https:\/\/schema.org\/Organization\"> <span itemprop=\"url\" itemtype=\"https:\/\/schema.org\/Url\" content=\"https:\/\/es.digitaltrends.com\"> <span itemprop=\"logo\" itemscope itemtype=\"https:\/\/schema.org\/ImageObject\"> <meta itemprop=\"url\" content=\"https:\/\/cdn.dtcn.com\/dt\/dt-logo-small.png\"> <meta itemprop=\"width\" content=\"0\"> <meta itemprop=\"height\" content=\"0\"> <\/span> <meta itemprop=\"name\" content=\"Digital Trends Espa\u00f1ol\"> <\/span> <span itemprop=\"image\" itemscope itemtype=\"https:\/\/schema.org\/ImageObject\"> <meta itemprop=\"url\" content=\"https:\/\/es.digitaltrends.com\/wp-content\/uploads\/2024\/10\/Ted-Lasso.jpeg?p=1\"> <\/span> <\/span> <\/p>\n","protected":false},"excerpt":{"rendered":"<p>A\u00fan cuando Apple TV+ todav\u00eda no dice nada sobre Ted Lasso, y los mismos protagonistas de la serie han dejado en el aire una posible cuarta temporada, la Alianza de la Industria del Cine y la Televisi\u00f3n acaba de confirmar accidentalmente la temporada 4 de&nbsp;Ted Lasso. Seg\u00fan lo detectado por&nbsp;AppleInsider, la temporada 4 no anunciada [&hellip;]<\/p>\n","protected":false},"author":1,"featured_media":157120,"comment_status":"closed","ping_status":"closed","sticky":false,"template":"","format":"standard","meta":[],"categories":[18],"tags":[],"_links":{"self":[{"href":"http:\/\/cordobadirecto.com\/index.php\/wp-json\/wp\/v2\/posts\/157119"}],"collection":[{"href":"http:\/\/cordobadirecto.com\/index.php\/wp-json\/wp\/v2\/posts"}],"about":[{"href":"http:\/\/cordobadirecto.com\/index.php\/wp-json\/wp\/v2\/types\/post"}],"author":[{"embeddable":true,"href":"http:\/\/cordobadirecto.com\/index.php\/wp-json\/wp\/v2\/users\/1"}],"replies":[{"embeddable":true,"href":"http:\/\/cordobadirecto.com\/index.php\/wp-json\/wp\/v2\/comments?post=157119"}],"version-history":[{"count":0,"href":"http:\/\/cordobadirecto.com\/index.php\/wp-json\/wp\/v2\/posts\/157119\/revisions"}],"wp:featuredmedia":[{"embeddable":true,"href":"http:\/\/cordobadirecto.com\/index.php\/wp-json\/wp\/v2\/media\/157120"}],"wp:attachment":[{"href":"http:\/\/cordobadirecto.com\/index.php\/wp-json\/wp\/v2\/media?parent=157119"}],"wp:term":[{"taxonomy":"category","embeddable":true,"href":"http:\/\/cordobadirecto.com\/index.php\/wp-json\/wp\/v2\/categories?post=157119"},{"taxonomy":"post_tag","embeddable":true,"href":"http:\/\/cordobadirecto.com\/index.php\/wp-json\/wp\/v2\/tags?post=157119"}],"curies":[{"name":"wp","href":"https:\/\/api.w.org\/{rel}","templated":true}]}}