{"id":157139,"date":"2024-10-19T19:34:43","date_gmt":"2024-10-19T19:34:43","guid":{"rendered":"https:\/\/www.ole.com.ar\/ascenso\/ascenso-primera-nacional-almirante-brown-daniel-osvaldo_0_gdJHt5FcIO.html"},"modified":"2024-10-19T19:34:43","modified_gmt":"2024-10-19T19:34:43","slug":"el-club-del-ascenso-que-quiere-sacar-del-retiro-a-daniel-osvaldo","status":"publish","type":"post","link":"http:\/\/cordobadirecto.com\/index.php\/2024\/10\/19\/el-club-del-ascenso-que-quiere-sacar-del-retiro-a-daniel-osvaldo\/","title":{"rendered":"El club del Ascenso que quiere sacar del retiro a Daniel Osvaldo"},"content":{"rendered":"<p><time class=\"createDate\" datetime=\"2024-10-18T17:58:25-03:00\">18\/10\/2024 17:58hs.<\/time><\/p>\n<div id=\"storyBody\">\n<div class=\"custom-text \" readability=\"33.35873015873\">\n<p>Est\u00e1 claro que <strong>el 2024 de <a href=\"https:\/\/www.ole.com.ar\/tema\/almirante-brown.html\" title=\"Almirante Brown\" alt=\"Almirante Brown\" class=\"slug\">Almirante Brown<\/a> no fue bueno<\/strong>. Con tan solo decir que pasaron tres entrenadores (Luigi Villalba, Rodrigo Alonso y Daniel Baz\u00e1n Vera) y <strong>el equipo pele\u00f3 la permanencia en la <a href=\"https:\/\/www.ole.com.ar\/tema\/primera-nacional.html\" title=\"Primera Nacional\" alt=\"Primera Nacional\" class=\"slug\">Primera Nacional<\/a> hasta la recta final del campeonato<\/strong>, ya alcanza para explicar el presente deportivo de La Fragata.<\/p>\n<\/div>\n<div class=\"custom-text \" readability=\"38\">\n<p>Por este motivo es que, tras haberse salvado del descenso y con la salida del Indio concretada, la Comisi\u00f3n Directiva ya comenz\u00f3 a trabajar de cara a la pr\u00f3xima temporada: inicio negociaciones con Fabi\u00e1n Nardozza para que tenga su segundo ciclo al mando del equipo. A su vez,<strong> el Mirasol puso manos a la obra con respecto al armado del plantel 2025.<\/strong><\/p>\n<\/div>\n<div class=\"custom-text \" readability=\"33.654205607477\">\n<p>Y en este contexto es que surgi\u00f3 un nombre muy fuerte:<strong> <a href=\"https:\/\/www.ole.com.ar\/tema\/daniel-osvaldo.html\" title=\"Daniel Osvaldo\" alt=\"Daniel Osvaldo\" class=\"slug\">Pablo Daniel Osvaldo<\/a>.<\/strong> Si, el mismo que brill\u00f3 en Europa, visti\u00f3 la casaca de <a href=\"https:\/\/www.ole.com.ar\/tema\/boca-juniors.html\" title=\"Boca Juniors\" alt=\"Boca Juniors\" class=\"slug\">Boca<\/a> y fue la referencia de ataque de la <a href=\"https:\/\/www.ole.com.ar\/tema\/seleccion-de-italia.html\" title=\"Selecci\u00f3n de Italia\" alt=\"Selecci\u00f3n de Italia\" class=\"slug\">Selecci\u00f3n de Italia<\/a>. El mismo que est\u00e1 retirado hace m\u00e1s de cuatro a\u00f1os, luego de un \u00faltimo paso por Banfield, y hoy se dedica a la m\u00fasica.<\/p>\n<\/div>\n<div class=\"sc-e7b891c4-0 ifHnQL\"><img alt=\"Daniel Osvaldo anot\u00f3 seis goles en Italia\" loading=\"lazy\" width=\"720\" height=\"100\" decoding=\"async\" data-nimg=\"1\" src=\"http:\/\/cordobadirecto.com\/wp-content\/uploads\/2024\/10\/el-club-del-ascenso-que-quiere-sacar-del-retiro-a-daniel-osvaldo.jpg\"><span class=\"epigraphe\">Daniel Osvaldo anot\u00f3 seis goles en Italia<\/span><\/div>\n<p><h2><strong>El inter\u00e9s de Almirante Brown para el 2025<\/strong><\/h2>\n<\/p>\n<div class=\"custom-text \" readability=\"37\">\n<p>Seg\u00fan confirmaron fuentes cercanas de la instituci\u00f3n a <strong>Ol\u00e9<\/strong>, algunos <strong>integrantes de la dirigencia aurinegra est\u00e1n interesados en sacarlo del retiro y que forme parte del plantel profesional en la pr\u00f3xima temporada<\/strong>. La posibilidad fue charlada y consensuada entre las personas que manejan las riendas del Club y puede haber novedades pr\u00f3ximamente. <strong>De momento, no pas\u00f3 de eso: un inter\u00e9s<\/strong>.<\/p>\n<\/div>\n<div class=\"sc-e7b891c4-0 ifHnQL\"><img alt=\"Almirante Brown va por Daniel Osvaldo (Foto: Prensa Alte Brown)\" loading=\"lazy\" width=\"720\" height=\"100\" decoding=\"async\" data-nimg=\"1\" src=\"http:\/\/cordobadirecto.com\/wp-content\/uploads\/2024\/10\/el-club-del-ascenso-que-quiere-sacar-del-retiro-a-daniel-osvaldo-1.jpg\"><span class=\"epigraphe\">Almirante Brown va por Daniel Osvaldo (Foto: Prensa Alte Brown)<\/span><\/div>\n<p><h2><strong>El presente de Daniel Osvaldo<\/strong><\/h2>\n<\/p>\n<div class=\"custom-text \" readability=\"39\">\n<p>A sus 38 a\u00f1os, ya alejado del verde c\u00e9sped, el oriundo de Lan\u00fas est\u00e1 completamente ligado a su otra pasi\u00f3n: <strong>la m\u00fasica<\/strong>. Su nuevo nombre es <strong>Dani Stone y es el l\u00edder de la banda Barrio Viejo<\/strong>, fundada en 2016, apenas un tiempo despu\u00e9s de su segundo ciclo en Boca y la conflictiva salida tras la pelea con Guillermo Barros Schelotto. Dicho grupo<strong> ya lanz\u00f3 tres \u00e1lbumes y realiza shows por todo el pa\u00eds. <\/strong><\/p>\n<\/div>\n<div class=\"sc-e7b891c4-0 ifHnQL\"><img alt=\"Hoy es Dani Stone, el l\u00edder de la banda Barrio Viejo.\" loading=\"lazy\" width=\"720\" height=\"100\" decoding=\"async\" data-nimg=\"1\" src=\"http:\/\/cordobadirecto.com\/wp-content\/uploads\/2024\/10\/el-club-del-ascenso-que-quiere-sacar-del-retiro-a-daniel-osvaldo-2.jpg\"><span class=\"epigraphe\">Hoy es Dani Stone, el l\u00edder de la banda Barrio Viejo.<\/span><\/div>\n<p><h2><strong>La carrera de Daniel Osvaldo: del debut en Hurac\u00e1n a ser el 9 de Italia<\/strong><\/h2>\n<\/p>\n<div class=\"custom-text \" readability=\"36\">\n<p>El estreno del Loco en el f\u00fatbol argentino tuvo lugar en 2005, vistiendo la camiseta de<strong> Hurac\u00e1n en el Nacional.<\/strong> All\u00ed permaneci\u00f3 un a\u00f1o y anot\u00f3 ocho tantos. Su buen rendimiento lo llev\u00f3 a ser visto de Europa, donde arranc\u00f3 una nueva historia. <\/p>\n<\/div>\n<div class=\"custom-text \" readability=\"40\">\n<p>En el Calcio visti\u00f3 los colores de<strong> Atalanta, Lecce, Fiorentina, Roma Inter de Mil\u00e1n y Juventus<\/strong>. Top. En el medio, <strong>brill\u00f3 en la liga espa\u00f1ola con el Espanyol e hizo lo propio en la Premier League defendiendo la casaca del Southampton<\/strong>. Todo eso lo llevo a ser una fija en la <strong>Selecci\u00f3n de Italia<\/strong>, donde marc\u00f3 seis tantos en 27 juegos.<\/p>\n<\/div>\n<div class=\"sc-e7b891c4-0 ifHnQL\"><img alt=\"Osvaldo brill\u00f3 en Europa \" loading=\"lazy\" width=\"720\" height=\"100\" decoding=\"async\" data-nimg=\"1\" src=\"http:\/\/cordobadirecto.com\/wp-content\/uploads\/2024\/10\/el-club-del-ascenso-que-quiere-sacar-del-retiro-a-daniel-osvaldo-3.jpg\"><span class=\"epigraphe\">Osvaldo brill\u00f3 en Europa <\/span><\/div>\n<div class=\"custom-text \" readability=\"41\">\n<p>Para el verano del 2015 fue Cuando Daniel Osvaldo estuvo en la tapa de todos los portales:<strong> Boca rompi\u00f3 el mercado y lo fich\u00f3 como la figura estelar para la Copa Libertadores de aquel a\u00f1o. <\/strong>Sin embargo, no todo fue como m\u00e1s de uno lo so\u00f1\u00f3 y<strong>, tras un buen primer semestre, abandon\u00f3 Brandsen 805<\/strong>. Para comienzos del 2016 regres\u00f3, pero las lesiones y las diferencias con Guillermo Barros Schelotto, por aquel entonces det\u00e9 de Boca, <strong>dieron como consecuencia una salida prematura y un retiro inesperado. <\/strong><\/p>\n<\/div>\n<div class=\"sc-e7b891c4-0 ifHnQL\"><img alt=\"Daniel Osvaldo tuvo dos ciclos en Boca\" loading=\"lazy\" width=\"720\" height=\"100\" decoding=\"async\" data-nimg=\"1\" src=\"http:\/\/cordobadirecto.com\/wp-content\/uploads\/2024\/10\/el-club-del-ascenso-que-quiere-sacar-del-retiro-a-daniel-osvaldo-4.jpg\"><span class=\"epigraphe\">Daniel Osvaldo tuvo dos ciclos en Boca<\/span><\/div>\n<div class=\"custom-text \" readability=\"37\">\n<p>En 2020 volvi\u00f3 a ponerse los cortos y calzarse los botines. Sali\u00f3 del retiro profesional y <strong>fue anunciado en Banfield. <\/strong>Pero el par\u00f3n por la pandemia de COVID-19 lo encontr\u00f3 mucho tiempo fuera de las canchas y <strong>Dani tom\u00f3 una decisi\u00f3n que, por ahora, no tuvo vuelta atr\u00e1s: dejar el f\u00fatbol. \u00bfHabr\u00e1 lugar para un cap\u00edtulo m\u00e1s en la carrera de Osvaldo?<\/strong><\/p>\n<\/div>\n<div class=\"sc-a7166897-0 eoLsBE\" readability=\"6\">\n<section readability=\"2\"><picture><img alt=\"\u00bfC\u00f3mo le fue a River en la Libertadores con Valenzuela como \u00e1rbitro?\" loading=\"lazy\" width=\"290\" height=\"290\" decoding=\"async\" data-nimg=\"1\" src=\"http:\/\/cordobadirecto.com\/wp-content\/uploads\/2024\/10\/el-club-del-ascenso-que-quiere-sacar-del-retiro-a-daniel-osvaldo-5.jpg\"><\/picture>\n<p><span>Mir\u00e1 tambi\u00e9n<\/span><\/p>\n<hr>\n<h3>\u00bfC\u00f3mo le fue a River en la Libertadores con Valenzuela como \u00e1rbitro?<\/h3>\n<\/p>\n<\/section>\n<\/div>\n<div class=\"sc-a7166897-0 eoLsBE\" readability=\"6\">\n<section readability=\"2\"><picture><img alt=\"Bomba en Racing: el oficialismo intentar\u00e1 contratar a Jos\u00e9 P\u00e9kerman\" loading=\"lazy\" width=\"290\" height=\"290\" decoding=\"async\" data-nimg=\"1\" src=\"http:\/\/cordobadirecto.com\/wp-content\/uploads\/2024\/10\/el-club-del-ascenso-que-quiere-sacar-del-retiro-a-daniel-osvaldo-6.jpg\"><\/picture>\n<p><span>Mir\u00e1 tambi\u00e9n<\/span><\/p>\n<hr>\n<h3>Bomba en Racing: el oficialismo intentar\u00e1 contratar a Jos\u00e9 P\u00e9kerman<\/h3>\n<\/p>\n<\/section>\n<\/div>\n<div class=\"sc-a7166897-0 eoLsBE\" readability=\"6\">\n<section readability=\"2\"><picture><img alt=\"La dura pelea por entrar a las copas 2025\" loading=\"lazy\" width=\"290\" height=\"290\" decoding=\"async\" data-nimg=\"1\" src=\"http:\/\/cordobadirecto.com\/wp-content\/uploads\/2024\/10\/el-club-del-ascenso-que-quiere-sacar-del-retiro-a-daniel-osvaldo-7.jpg\"><\/picture>\n<p><span>Mir\u00e1 tambi\u00e9n<\/span><\/p>\n<hr>\n<h3>La dura pelea por entrar a las copas 2025<\/h3>\n<\/p>\n<\/section>\n<\/div>\n<div class=\"sc-a7166897-0 eoLsBE\" readability=\"6.5\">\n<section readability=\"3\"><picture><img alt=\"Una fortaleza: Riestra le gan\u00f3 2-0 a Atl\u00e9tico Tucum\u00e1n y estir\u00f3 su tremenda racha como local \" loading=\"lazy\" width=\"290\" height=\"290\" decoding=\"async\" data-nimg=\"1\" src=\"http:\/\/cordobadirecto.com\/wp-content\/uploads\/2024\/10\/el-club-del-ascenso-que-quiere-sacar-del-retiro-a-daniel-osvaldo-8.jpg\"><\/picture>\n<p><span>Mir\u00e1 tambi\u00e9n<\/span><\/p>\n<hr>\n<h3>Una fortaleza: Riestra le gan\u00f3 2-0 a Atl\u00e9tico Tucum\u00e1n y estir\u00f3 su tremenda racha como local<br \/>\n<\/h3>\n<\/p>\n<\/section>\n<\/div>\n<\/div>\n","protected":false},"excerpt":{"rendered":"<p>18\/10\/2024 17:58hs. Est\u00e1 claro que el 2024 de Almirante Brown no fue bueno. Con tan solo decir que pasaron tres entrenadores (Luigi Villalba, Rodrigo Alonso y Daniel Baz\u00e1n Vera) y el equipo pele\u00f3 la permanencia en la Primera Nacional hasta la recta final del campeonato, ya alcanza para explicar el presente deportivo de La Fragata. [&hellip;]<\/p>\n","protected":false},"author":1,"featured_media":157140,"comment_status":"closed","ping_status":"closed","sticky":false,"template":"","format":"standard","meta":[],"categories":[21],"tags":[],"_links":{"self":[{"href":"http:\/\/cordobadirecto.com\/index.php\/wp-json\/wp\/v2\/posts\/157139"}],"collection":[{"href":"http:\/\/cordobadirecto.com\/index.php\/wp-json\/wp\/v2\/posts"}],"about":[{"href":"http:\/\/cordobadirecto.com\/index.php\/wp-json\/wp\/v2\/types\/post"}],"author":[{"embeddable":true,"href":"http:\/\/cordobadirecto.com\/index.php\/wp-json\/wp\/v2\/users\/1"}],"replies":[{"embeddable":true,"href":"http:\/\/cordobadirecto.com\/index.php\/wp-json\/wp\/v2\/comments?post=157139"}],"version-history":[{"count":0,"href":"http:\/\/cordobadirecto.com\/index.php\/wp-json\/wp\/v2\/posts\/157139\/revisions"}],"wp:featuredmedia":[{"embeddable":true,"href":"http:\/\/cordobadirecto.com\/index.php\/wp-json\/wp\/v2\/media\/157140"}],"wp:attachment":[{"href":"http:\/\/cordobadirecto.com\/index.php\/wp-json\/wp\/v2\/media?parent=157139"}],"wp:term":[{"taxonomy":"category","embeddable":true,"href":"http:\/\/cordobadirecto.com\/index.php\/wp-json\/wp\/v2\/categories?post=157139"},{"taxonomy":"post_tag","embeddable":true,"href":"http:\/\/cordobadirecto.com\/index.php\/wp-json\/wp\/v2\/tags?post=157139"}],"curies":[{"name":"wp","href":"https:\/\/api.w.org\/{rel}","templated":true}]}}