{"id":157145,"date":"2024-10-19T21:20:40","date_gmt":"2024-10-19T21:20:40","guid":{"rendered":"https:\/\/cordoba.gob.ar\/?p=62801"},"modified":"2024-10-19T21:20:40","modified_gmt":"2024-10-19T21:20:40","slug":"cordoba-fue-sede-del-encuentro-regional-de-ciudades-solidarias","status":"publish","type":"post","link":"http:\/\/cordobadirecto.com\/index.php\/2024\/10\/19\/cordoba-fue-sede-del-encuentro-regional-de-ciudades-solidarias\/","title":{"rendered":"C\u00f3rdoba fue sede del Encuentro Regional de Ciudades Solidarias"},"content":{"rendered":"<div><img src=\"http:\/\/cordobadirecto.com\/wp-content\/uploads\/2024\/10\/cordoba-fue-sede-del-encuentro-regional-de-ciudades-solidarias.jpg\" class=\"ff-og-image-inserted\"><\/div>\n<ul>\n<li dir=\"auto\"><strong>Organizado por ACNUR, junto a OIM y OIT se avanz\u00f3 sobre los proyectos realizados en la ciudad para personas migrantes y refugiadas.<\/strong><\/li>\n<li><strong>Participaron representantes de ciudades solidarias de Chile, Uruguay y Argentina.<\/strong><\/li>\n<\/ul>\n<hr>\n<p dir=\"auto\">Con el objetivo de promover el dise\u00f1o de pol\u00edticas p\u00fablicas e iniciativas que favorezcan la integraci\u00f3n socioecon\u00f3mica de las personas refugiadas y migrantes, se llev\u00f3 a cabo en la ciudad de C\u00f3rdoba el Encuentro Regional de Ciudades Solidarias.<\/p>\n<p dir=\"auto\">El evento, que se realiz\u00f3 se realiz\u00f3 en el Sal\u00f3n Avalos de la Municipalidad de C\u00f3rdoba, fue organizado por ACNUR, la Agencia de la ONU para los Refugiados, junto a OIM y OIT, en donde el trabajo realizado puso su mirada en los proyectos que se efectuaron en C\u00f3rdoba para personas migrantes y refugiadas.<\/p>\n<p dir=\"auto\">En la jornada estuvieron presentes l\u00edderes y representantes de diversas ciudades comprometidas con la protecci\u00f3n e integraci\u00f3n de personas en movilidad humana en la regi\u00f3n.<\/p>\n<p dir=\"auto\">En este contexto, el Secretario de Integraci\u00f3n Regional y Vinculaci\u00f3n Institucional, Alberto Ambrosio, comparti\u00f3 los ejes centrales de la gesti\u00f3n del intendente Daniel Passerini: Conectar, Integrar y Humanizar como clave en todo el abordaje que se desarrolla desde el municipio y especialmente con las personas migrantes y refugiadas.<\/p>\n<p dir=\"auto\">En tanto que la representante Regional Adjunta de ACNUR para el Sur de Am\u00e9rica Latina, Claudia Rodriguez Sirtori agradeci\u00f3 especialmente a C\u00f3rdoba por ser anfitriona de este encuentro y destac\u00f3 los aspectos centrales del programa de Ciudades Solidarias que sigue sumando nuevas localidades y que ya permite mostrar resultados de las acciones que se vienen implementando en cada una de las ciudades que participan.<\/p>\n<p dir=\"auto\">Asimismo, remarc\u00f3 los logros de la Municipalidad de C\u00f3rdoba en el abordaje de la atenci\u00f3n y el dise\u00f1o de las pol\u00edticas p\u00fablicas para personas migrantes y refugiadas.<\/p>\n<p dir=\"auto\">La Iniciativa Ciudades Solidarias nace del reconocimiento, por parte de ACNUR y del sistema de Naciones Unidas, del rol primordial de los gobiernos locales en la recepci\u00f3n e integraci\u00f3n de las personas refugiadas y migrantes en sus territorios, y la voluntad de crear un marco de cooperaci\u00f3n para apoyar a estos actores.<\/p>\n<p dir=\"auto\">La red de Ciudades Solidarias est\u00e1 conformada por 15 gobiernos locales argentinos, 7 gobiernos locales chilenos y 3 gobiernos locales uruguayos; que se dieron cita en el encuentro de nuestra ciudad.<\/p>\n<p dir=\"auto\">Entre los objetivos espec\u00edficos del encuentro se pueden mencionar: consolidar la red de Ciudades Solidarias en Argentina, Chile y Uruguay, promoviendo el v\u00ednculo entre gobiernos locales; intercambiar buenas pr\u00e1cticas entre gobiernos locales para aprender de la diversidad de experiencias locales existentes; promover la formulaci\u00f3n de propuestas de proyectos en el marco de la iniciativa Ciudades Solidarias y promover intercambios de ciudades con potenciales donantes.<\/p>\n<p dir=\"auto\">La Municipalidad de C\u00f3rdoba se sum\u00f3 a esta iniciativa a trav\u00e9s del CAPEM, perteneciente a la Secretar\u00eda de Integraci\u00f3n Regional y Vinculaci\u00f3n Institucional ratificando el compromiso del Intendente Passerini en apoyo a las comunidades de acogida y a todos los ciudadanos que decidan venir a C\u00f3rdoba.<\/p>\n<p dir=\"auto\">En el marco de este encuentro participaron por la Municipalidad de C\u00f3rdoba el Secretario de Integraci\u00f3n Regional y Vinculaci\u00f3n Institucional Alberto Ambrosio, la Subsecretar\u00eda de Integraci\u00f3n Regional, Silvia Paleo; la Directora de Acompa\u00f1amiento y Apoyo al Migrante, Ver\u00f3nica Sudar; la Directora General de Vinculaci\u00f3n Internacional, Florencia Guidobono.<\/p>\n<p dir=\"auto\">Durante <span dir=\"ltr\">las dos<\/span> jornadas de trabajo que dur\u00f3 el encuentro, los m\u00e1s de veinte participantes de diferentes ciudades solidarias de Argentina, Chile y Uruguay, de los organismos internacionales (ACNUR, OIT, OIM) y dem\u00e1s delegados, l\u00edderes y representantes de diversas instituciones comprometidas con la protecci\u00f3n e integraci\u00f3n de personas en movilidad humana en la regi\u00f3n.<\/p>\n<p dir=\"auto\">Que la ciudad de C\u00f3rdoba haya sido sede de este Encuentro Regional es un reconocimiento a todo el trabajo que se ha realizado en la Municipalidad para promover un verdadero abordaje con enfoque de derechos humanos para personas migrantes y refugiadas.<\/p>\n<p dir=\"auto\"><strong>Sobre ACNUR<\/strong><\/p>\n<p dir=\"auto\">Esta agencia de la ONU para los Refugiados, trabaja para garantizar que todas las personas tengan el derecho a solicitar asilo y encontrar protecci\u00f3n tras huir de violencia, guerras y persecuciones en su pa\u00eds.<\/p>\n","protected":false},"excerpt":{"rendered":"<p>Organizado por ACNUR, junto a OIM y OIT se avanz\u00f3 sobre los proyectos realizados en la ciudad para personas migrantes y refugiadas. Participaron representantes de ciudades solidarias de Chile, Uruguay y Argentina. Con el objetivo de promover el dise\u00f1o de pol\u00edticas p\u00fablicas e iniciativas que favorezcan la integraci\u00f3n socioecon\u00f3mica de las personas refugiadas y migrantes, [&hellip;]<\/p>\n","protected":false},"author":1,"featured_media":157146,"comment_status":"closed","ping_status":"closed","sticky":false,"template":"","format":"standard","meta":[],"categories":[44],"tags":[],"_links":{"self":[{"href":"http:\/\/cordobadirecto.com\/index.php\/wp-json\/wp\/v2\/posts\/157145"}],"collection":[{"href":"http:\/\/cordobadirecto.com\/index.php\/wp-json\/wp\/v2\/posts"}],"about":[{"href":"http:\/\/cordobadirecto.com\/index.php\/wp-json\/wp\/v2\/types\/post"}],"author":[{"embeddable":true,"href":"http:\/\/cordobadirecto.com\/index.php\/wp-json\/wp\/v2\/users\/1"}],"replies":[{"embeddable":true,"href":"http:\/\/cordobadirecto.com\/index.php\/wp-json\/wp\/v2\/comments?post=157145"}],"version-history":[{"count":0,"href":"http:\/\/cordobadirecto.com\/index.php\/wp-json\/wp\/v2\/posts\/157145\/revisions"}],"wp:featuredmedia":[{"embeddable":true,"href":"http:\/\/cordobadirecto.com\/index.php\/wp-json\/wp\/v2\/media\/157146"}],"wp:attachment":[{"href":"http:\/\/cordobadirecto.com\/index.php\/wp-json\/wp\/v2\/media?parent=157145"}],"wp:term":[{"taxonomy":"category","embeddable":true,"href":"http:\/\/cordobadirecto.com\/index.php\/wp-json\/wp\/v2\/categories?post=157145"},{"taxonomy":"post_tag","embeddable":true,"href":"http:\/\/cordobadirecto.com\/index.php\/wp-json\/wp\/v2\/tags?post=157145"}],"curies":[{"name":"wp","href":"https:\/\/api.w.org\/{rel}","templated":true}]}}