{"id":157149,"date":"2024-10-20T02:24:48","date_gmt":"2024-10-20T02:24:48","guid":{"rendered":"https:\/\/puntoapunto.com.ar\/?p=366199"},"modified":"2024-10-20T02:24:48","modified_gmt":"2024-10-20T02:24:48","slug":"sistema-de-salud-el-65-de-quienes-perdieron-su-cobertura-privada-fue-por-quedarse-sin-empleo","status":"publish","type":"post","link":"http:\/\/cordobadirecto.com\/index.php\/2024\/10\/20\/sistema-de-salud-el-65-de-quienes-perdieron-su-cobertura-privada-fue-por-quedarse-sin-empleo\/","title":{"rendered":"Sistema de salud: \u00abel 65% de quienes perdieron su cobertura privada fue por quedarse sin empleo\u00bb"},"content":{"rendered":"<div class=\"g g-36\">\n<div class=\"g-dyn a-29 c-1\"><a class=\"gofollow\" data-track=\"MjksMzYsMSw2MA==\" href=\"https:\/\/www.harmoniechateau.com.ar\/\" target=\"_blank\" rel=\"noopener\"><img src=\"http:\/\/cordobadirecto.com\/wp-content\/uploads\/2024\/10\/sistema-de-salud-el-65-de-quienes-perdieron-su-cobertura-privada-fue-por-quedarse-sin-empleo.gif\" loading=\"lazy\"><\/a><\/div>\n<\/div>\n<p>&nbsp;\n<\/p>\n<p>Desde que asumi\u00f3 el gobierno, Javier Milei ha implementado varias normativas que impactan directamente al sector de las prepagas y obras sociales en Argentina. En medio de un contexto econ\u00f3mico complejo, estas medidas han generado opiniones divididas entre los actores del sistema de salud. <strong>Gast\u00f3n Ceballos, gerente general de <a href=\"https:\/\/puntoapunto.com.ar\/nobis-medical-avanza-en-la-construccion-de-su-nueva-sede-en-zona-norte-2-000-m2-e-inversion-de-us3-millones\/\">Nobis<\/a><\/strong>, comparte su an\u00e1lisis sobre las pol\u00edticas recientes y c\u00f3mo la desregulaci\u00f3n del sector podr\u00eda afectar a la industria y a los usuarios.<!-- \u00a1O bien no hay banners, estan desactivados o no estan programados para esta ubicaci\u00f3n! -->\n<\/p>\n<p><strong>Un marco de trabajo en transici\u00f3n<\/strong>\n<\/p>\n<p>Ceballos destaca que desde principios de a\u00f1o,<strong> el gobierno ha emitido diversas normativas, algunas acertadas y otras que, seg\u00fan su visi\u00f3n, requieren mayor evaluaci\u00f3n<\/strong>. \u00abEl gobierno est\u00e1 intentando, de forma muy libertaria, crear un marco de trabajo donde todo lo que est\u00e9 dentro de ese marco sea regulado, pero fuera de ese marco, nada\u00bb, explica. En ese sentido, en las \u00faltimas semanas se establecieron regulaciones sobre qu\u00e9 servicios m\u00ednimos deben garantizar las prepagas y obras sociales, adem\u00e1s de la necesidad de proporcionar informaci\u00f3n clara y accesible a los usuarios.<!-- \u00a1O bien no hay banners, estan desactivados o no estan programados para esta ubicaci\u00f3n! -->\n<\/p>\n<p><iframe id=\"_ytid_84078\" width=\"480\" height=\"270\" data-origwidth=\"480\" data-origheight=\"270\" src=\"https:\/\/www.youtube.com\/embed\/X6nmg98VclM?enablejsapi=1&amp;autoplay=0&amp;cc_load_policy=0&amp;cc_lang_pref=&amp;iv_load_policy=1&amp;loop=0&amp;modestbranding=0&amp;rel=0&amp;fs=1&amp;playsinline=0&amp;autohide=2&amp;theme=dark&amp;color=red&amp;controls=1&amp;\" class=\"__youtube_prefs__ epyt-is-override no-lazyload\" title=\"YouTube player\" allow=\"fullscreen; accelerometer; autoplay; clipboard-write; encrypted-media; gyroscope; picture-in-picture\" allowfullscreen data-no-lazy=\"1\" data-skipgform_ajax_framebjll>[embedded content]<\/iframe><\/p>\n<p>\u00ab<strong>Me parece correcto que se est\u00e9 impulsando la transparencia hacia el usuario. Ahora, el ciudadano puede acceder a informaci\u00f3n clave como las cartillas, los cuadros de cobertura, los planes, las exclusiones, y los copagos a trav\u00e9s de la p\u00e1gina web de la Superintendencia de Servicios de Salud<\/strong>\u00ab, resalta Ceballos. Tambi\u00e9n menciona que es fundamental que el usuario sepa cu\u00e1les son las prepagas y obras sociales correctamente autorizadas para operar en el pa\u00eds.\n<\/p>\n<p><strong>Un a\u00f1o de cambios y desaf\u00edos para Nobis<\/strong>\n<\/p>\n<p>En cuanto a la situaci\u00f3n actual de Nobis, Ceballos detalla que han logrado mantener un <strong>crecimiento del 15%<\/strong>. Sin embargo, reconoce que el mercado ha sido inestable. \u00abDe marzo a mayo, el padr\u00f3n de afiliados se estabiliz\u00f3, pero sabemos que otras prepagas han perdido entre el 4% y 6% de su cartera. Esto se debe, en gran medida, a la situaci\u00f3n laboral del pa\u00eds\u00bb, explica.\n<\/p>\n<p>Ceballos subraya que el<strong> 65% de las personas que perdieron su cobertura privada lo hicieron porque quedaron desempleadas.<\/strong> \u00abEl sistema de salud argentino es proc\u00edclico. Si hay empleo en relaci\u00f3n de dependencia, hay m\u00e1s personas con cobertura m\u00e9dica. Mientras el pa\u00eds no genere empleos de calidad, lamentablemente la ciudadan\u00eda seguir\u00e1 perdiendo acceso a la medicina privada\u00bb, reflexiona.\n<\/p>\n<p><img decoding=\"async\" class=\"aligncenter wp-image-365943 size-full\" src=\"http:\/\/cordobadirecto.com\/wp-content\/uploads\/2024\/10\/sistema-de-salud-el-65-de-quienes-perdieron-su-cobertura-privada-fue-por-quedarse-sin-empleo.jpg\" alt width=\"2048\" height=\"1365\" srcset=\"http:\/\/cordobadirecto.com\/wp-content\/uploads\/2024\/10\/sistema-de-salud-el-65-de-quienes-perdieron-su-cobertura-privada-fue-por-quedarse-sin-empleo.jpg 2048w, http:\/\/cordobadirecto.com\/wp-content\/uploads\/2024\/10\/sistema-de-salud-el-65-de-quienes-perdieron-su-cobertura-privada-fue-por-quedarse-sin-empleo-1.jpg 300w, http:\/\/cordobadirecto.com\/wp-content\/uploads\/2024\/10\/sistema-de-salud-el-65-de-quienes-perdieron-su-cobertura-privada-fue-por-quedarse-sin-empleo-2.jpg 1024w, http:\/\/cordobadirecto.com\/wp-content\/uploads\/2024\/10\/sistema-de-salud-el-65-de-quienes-perdieron-su-cobertura-privada-fue-por-quedarse-sin-empleo-3.jpg 768w, http:\/\/cordobadirecto.com\/wp-content\/uploads\/2024\/10\/sistema-de-salud-el-65-de-quienes-perdieron-su-cobertura-privada-fue-por-quedarse-sin-empleo-4.jpg 1536w, http:\/\/cordobadirecto.com\/wp-content\/uploads\/2024\/10\/sistema-de-salud-el-65-de-quienes-perdieron-su-cobertura-privada-fue-por-quedarse-sin-empleo-5.jpg 750w, http:\/\/cordobadirecto.com\/wp-content\/uploads\/2024\/10\/sistema-de-salud-el-65-de-quienes-perdieron-su-cobertura-privada-fue-por-quedarse-sin-empleo-6.jpg 1140w\" sizes=\"(max-width: 2048px) 100vw, 2048px\" loading=\"lazy\">\n<\/p>\n<p><strong>La inflaci\u00f3n y su impacto en las prepagas<\/strong>\n<\/p>\n<p>El ejecutivo tambi\u00e9n se refiri\u00f3 a la situaci\u00f3n inflacionaria y c\u00f3mo ha afectado a las prepagas. \u00ab<strong>El a\u00f1o pasado, la <a href=\"https:\/\/puntoapunto.com.ar\/salarios-cuanto-terreno-ganaron-y-como-estan-frente-a-la-inflacion\/\">inflaci\u00f3n<\/a> fue del 210%, mientras que las prepagas s\u00f3lo pudieron aumentar un 136% de acuerdo con las autorizaciones del gobierno<\/strong>. Esto, por supuesto, gener\u00f3 tensiones, pero al menos la relaci\u00f3n con los prestadores era transparente\u00bb, sostiene.\n<\/p>\n<p>Este a\u00f1o, seg\u00fan Ceballos, <strong>los aumentos han estado m\u00e1s alineados con la inflaci\u00f3n,<\/strong> lo que ha permitido una mayor estabilidad en los costos. Sin embargo, advierte que si la inflaci\u00f3n no se controla y no se mejoran las condiciones laborales en el pa\u00eds, el sistema de salud privado seguir\u00e1 enfrentando dificultades.\n<\/p>\n<p><strong>El futuro de la desregulaci\u00f3n en el sector salud<\/strong>\n<\/p>\n<p>Con respecto a la posible desregulaci\u00f3n total del sistema, una de las propuestas del gobierno de Milei, Ceballos expresa cautela. \u00abSi bien la libertad en el mercado puede tener beneficios, es necesario que el Estado establezca ciertos lineamientos m\u00ednimos para garantizar que todos los ciudadanos tengan acceso a un sistema de salud de calidad, ya sea en el \u00e1mbito p\u00fablico o privado\u00bb, concluye.\n<\/p>\n<div class=\"g g-38\">\n<div class=\"g-dyn a-12 c-1\"><a class=\"gofollow\" data-track=\"MTIsMzgsMSw2MA==\" href=\"https:\/\/hospitalprivado.com.ar\/blog\/institucional\/somos-la-primera-institucion-del-interior-del-pais-en-acreditar-joint-commission-international.html\" target=\"_blank\" rel=\"noopener\"><img src=\"http:\/\/cordobadirecto.com\/wp-content\/uploads\/2024\/10\/sistema-de-salud-el-65-de-quienes-perdieron-su-cobertura-privada-fue-por-quedarse-sin-empleo-1.gif\" loading=\"lazy\"><\/a><\/div>\n<\/div>\n","protected":false},"excerpt":{"rendered":"<p>&nbsp; Desde que asumi\u00f3 el gobierno, Javier Milei ha implementado varias normativas que impactan directamente al sector de las prepagas y obras sociales en Argentina. En medio de un contexto econ\u00f3mico complejo, estas medidas han generado opiniones divididas entre los actores del sistema de salud. Gast\u00f3n Ceballos, gerente general de Nobis, comparte su an\u00e1lisis sobre [&hellip;]<\/p>\n","protected":false},"author":1,"featured_media":157150,"comment_status":"closed","ping_status":"closed","sticky":false,"template":"","format":"standard","meta":[],"categories":[25],"tags":[],"_links":{"self":[{"href":"http:\/\/cordobadirecto.com\/index.php\/wp-json\/wp\/v2\/posts\/157149"}],"collection":[{"href":"http:\/\/cordobadirecto.com\/index.php\/wp-json\/wp\/v2\/posts"}],"about":[{"href":"http:\/\/cordobadirecto.com\/index.php\/wp-json\/wp\/v2\/types\/post"}],"author":[{"embeddable":true,"href":"http:\/\/cordobadirecto.com\/index.php\/wp-json\/wp\/v2\/users\/1"}],"replies":[{"embeddable":true,"href":"http:\/\/cordobadirecto.com\/index.php\/wp-json\/wp\/v2\/comments?post=157149"}],"version-history":[{"count":0,"href":"http:\/\/cordobadirecto.com\/index.php\/wp-json\/wp\/v2\/posts\/157149\/revisions"}],"wp:featuredmedia":[{"embeddable":true,"href":"http:\/\/cordobadirecto.com\/index.php\/wp-json\/wp\/v2\/media\/157150"}],"wp:attachment":[{"href":"http:\/\/cordobadirecto.com\/index.php\/wp-json\/wp\/v2\/media?parent=157149"}],"wp:term":[{"taxonomy":"category","embeddable":true,"href":"http:\/\/cordobadirecto.com\/index.php\/wp-json\/wp\/v2\/categories?post=157149"},{"taxonomy":"post_tag","embeddable":true,"href":"http:\/\/cordobadirecto.com\/index.php\/wp-json\/wp\/v2\/tags?post=157149"}],"curies":[{"name":"wp","href":"https:\/\/api.w.org\/{rel}","templated":true}]}}