{"id":157156,"date":"2024-10-19T13:40:46","date_gmt":"2024-10-19T13:40:46","guid":{"rendered":"https:\/\/cordoba.gob.ar\/?p=62797"},"modified":"2024-10-19T13:40:46","modified_gmt":"2024-10-19T13:40:46","slug":"bibliotecas-populares-freestyle-y-el-cierre-de-hernan-brienza-como-sera-el-sabado-en-la-flc2024","status":"publish","type":"post","link":"http:\/\/cordobadirecto.com\/index.php\/2024\/10\/19\/bibliotecas-populares-freestyle-y-el-cierre-de-hernan-brienza-como-sera-el-sabado-en-la-flc2024\/","title":{"rendered":"Bibliotecas populares, freestyle y el cierre de Hern\u00e1n Brienza: c\u00f3mo ser\u00e1 el s\u00e1bado en la FLC2024"},"content":{"rendered":"<div><img src=\"http:\/\/cordobadirecto.com\/wp-content\/uploads\/2024\/10\/bibliotecas-populares-freestyle-y-el-cierre-de-hernan-brienza-como-sera-el-sabado-en-la-flc2024.jpg\" class=\"ff-og-image-inserted\"><\/div>\n<ul>\n<li><strong>Entre otras actividades, tambi\u00e9n destacan el cierre del Ciclo \u201cMiradas: novelas y narrativas\u201d y charlas sobre el pasado cordob\u00e9s.<\/strong><\/li>\n<\/ul>\n<hr>\n<p dir=\"auto\">La Feria del Libro C\u00f3rdoba contar\u00e1 con una nutrida agenda literaria y cultural para este s\u00e1bado 19 de octuber, con la participaci\u00f3n de Hern\u00e1n Brienza, Luciano Lamberti, Gustavo Bl\u00e1zquez y Jimena La Torre.<\/p>\n<p dir=\"auto\">El \u201cTaller de Sole Rebelles\u201d dar\u00e1 inicio a la jornada <span dir=\"ltr\">a las 11 horas<\/span>, en un espacio destinado a las infancias para jugar con la literatura en el Espacio Malicha. <span dir=\"ltr\">A las 16 horas<\/span>, los ni\u00f1os podr\u00e1n disfrutar de \u201cCuentos para chicos que no duermen la siesta\u201d en el mismo lugar.<\/p>\n<p dir=\"auto\">Luciano Lamberti ser\u00e1 uno de los nombres destacados del d\u00eda, con una masterclass <span dir=\"ltr\">a las 16 horas<\/span> en el Espacio Vicente Luy, como parte del Ciclo \u201cMiradas: novelas y narrativas\u201d. Para cerrar esta propuesta, <span dir=\"ltr\">a las 18 horas<\/span> ser\u00e1 el turno de la mesa \u201c\u00bfExiste la literatura juvenil o es una etiqueta del mercado?\u201d y <span dir=\"ltr\">a las 19 horas<\/span>, \u201cLengua Madre\u201d, todo en el mismo espacio.<\/p>\n<p dir=\"auto\">Gustavo Bl\u00e1zquez presentar\u00e1 su libro \u201cMis Maridos\u201d <span dir=\"ltr\">a las 17:30<\/span> en el Espacio Cristina Bajo y Jimena La Torre har\u00e1 lo propio con \u201cConociendo tu magia interior\u201d <span dir=\"ltr\">a las 18 horas<\/span> en el Espacio Daniel Salzano.<\/p>\n<p dir=\"auto\">Las bibliotecas tendr\u00e1n protagonismo <span dir=\"ltr\">a las 18 horas<\/span>, con \u201cLa Biblioteca, identidad del barrio, en la Biblioteca Popular V\u00e9lez S\u00e1rsfield, de barrio General Paz, y <span dir=\"ltr\">a las 19 horas<\/span>, con \u201cCarnaval: la alegr\u00eda como bandera\u201d, en la Biblioteca Popular Julio Cort\u00e1zar, de San Vicente.<\/p>\n<p dir=\"auto\">El cierre estar\u00e1 a cargo de Hern\u00e1n Brienza <span dir=\"ltr\">a las 20 horas<\/span>, con la presentaci\u00f3n de su \u00faltimo libro \u201c\u00bfPara qu\u00e9 sirvi\u00f3 el peronismo?\u201d en el Espacio Daniel Salzano, en una charla con el periodista Cristian Maldonado.<\/p>\n<p dir=\"auto\">Durante la jornada tambi\u00e9n tendr\u00e1n lugar las charlas \u201cMemorias del pasado reciente argentino y cordob\u00e9s\u201d, \u201cLibros y luchas de los pueblos originarios en C\u00f3rdoba\u201d y la jam session &amp; freestyles de Jeta Brava, entre otras actividades de participaci\u00f3n gratuita.<\/p>\n<p dir=\"auto\">La grilla completa puede consultarse en este enlace (<a title=\"\u200c\" href=\"https:\/\/docs.google.com\/document\/d\/1NcIHWTbeOOp6j2ZyGq6iW_AZC2hpqxsg\/edit\" target=\"_blank\" rel=\"nofollow noopener noreferrer\">https:\/\/docs.google.com\/document\/d\/1NcIHWTbeOOp6j2ZyGq6iW_AZC2hpqxsg\/edit<\/a>).<\/p>\n","protected":false},"excerpt":{"rendered":"<p>Entre otras actividades, tambi\u00e9n destacan el cierre del Ciclo \u201cMiradas: novelas y narrativas\u201d y charlas sobre el pasado cordob\u00e9s. La Feria del Libro C\u00f3rdoba contar\u00e1 con una nutrida agenda literaria y cultural para este s\u00e1bado 19 de octuber, con la participaci\u00f3n de Hern\u00e1n Brienza, Luciano Lamberti, Gustavo Bl\u00e1zquez y Jimena La Torre. El \u201cTaller de [&hellip;]<\/p>\n","protected":false},"author":1,"featured_media":157157,"comment_status":"closed","ping_status":"closed","sticky":false,"template":"","format":"standard","meta":[],"categories":[44],"tags":[],"_links":{"self":[{"href":"http:\/\/cordobadirecto.com\/index.php\/wp-json\/wp\/v2\/posts\/157156"}],"collection":[{"href":"http:\/\/cordobadirecto.com\/index.php\/wp-json\/wp\/v2\/posts"}],"about":[{"href":"http:\/\/cordobadirecto.com\/index.php\/wp-json\/wp\/v2\/types\/post"}],"author":[{"embeddable":true,"href":"http:\/\/cordobadirecto.com\/index.php\/wp-json\/wp\/v2\/users\/1"}],"replies":[{"embeddable":true,"href":"http:\/\/cordobadirecto.com\/index.php\/wp-json\/wp\/v2\/comments?post=157156"}],"version-history":[{"count":0,"href":"http:\/\/cordobadirecto.com\/index.php\/wp-json\/wp\/v2\/posts\/157156\/revisions"}],"wp:featuredmedia":[{"embeddable":true,"href":"http:\/\/cordobadirecto.com\/index.php\/wp-json\/wp\/v2\/media\/157157"}],"wp:attachment":[{"href":"http:\/\/cordobadirecto.com\/index.php\/wp-json\/wp\/v2\/media?parent=157156"}],"wp:term":[{"taxonomy":"category","embeddable":true,"href":"http:\/\/cordobadirecto.com\/index.php\/wp-json\/wp\/v2\/categories?post=157156"},{"taxonomy":"post_tag","embeddable":true,"href":"http:\/\/cordobadirecto.com\/index.php\/wp-json\/wp\/v2\/tags?post=157156"}],"curies":[{"name":"wp","href":"https:\/\/api.w.org\/{rel}","templated":true}]}}