{"id":157346,"date":"2024-10-25T14:02:28","date_gmt":"2024-10-25T14:02:28","guid":{"rendered":"https:\/\/cordoba.gob.ar\/?p=62719"},"modified":"2024-10-25T14:02:28","modified_gmt":"2024-10-25T14:02:28","slug":"ente-metropolitano-comenzaron-en-salsipuedes-las-obras-de-450-metros-de-cordon-cuneta-sobre-la-calle-tucuman","status":"publish","type":"post","link":"http:\/\/cordobadirecto.com\/index.php\/2024\/10\/25\/ente-metropolitano-comenzaron-en-salsipuedes-las-obras-de-450-metros-de-cordon-cuneta-sobre-la-calle-tucuman\/","title":{"rendered":"Ente Metropolitano: comenzaron en Salsipuedes las obras de 450 metros de cord\u00f3n cuneta sobre la calle Tucum\u00e1n"},"content":{"rendered":"<div><img src=\"http:\/\/cordobadirecto.com\/wp-content\/uploads\/2024\/10\/ente-metropolitano-comenzaron-en-salsipuedes-las-obras-de-450-metros-de-cordon-cuneta-sobre-la-calle-tucuman.jpg\" class=\"ff-og-image-inserted\"><\/div>\n<ul>\n<li><strong><strong>Brindar\u00e1 conexi\u00f3n con la Ruta E53.<\/strong><\/strong><br \/>\n<hr>\n<\/li>\n<\/ul>\n<p>Comenzaron en Salsipuedes los trabajos de cord\u00f3n cuneta que se extender\u00e1n a lo largo de 450 metros de la calle Tucum\u00e1n y que brindar\u00e1 conexi\u00f3n hacia la Ruta E53.<\/p>\n<p>El presidente del Ente Metropolitano, Rodrigo Fern\u00e1ndez y el intendente de Salsipuedes, David Strasorier, recorrieron las obras que demandar\u00e1n una inversi\u00f3n superior a los 123 millones de pesos.<\/p>\n<p>Para fomentar la econom\u00eda local, las tareas se realizan con mano de obra de trabajadores de la ciudad, lugar en el que tambi\u00e9n se adquieren los materiales necesarios para la obra de infraestructura.<\/p>\n<p>Actualmente el Ente Metropolitano C\u00f3rdoba agrupa a la ciudad capital y 15 localidades. Estas son Villa Allende, Agua de Oro, Bouwer, Mi Granja, Malague\u00f1o, Monte Cristo, Los Cedros, Sald\u00e1n, Salsipuedes, Toledo, Mendiolaza, Colonia Tirolesa, Estaci\u00f3n Ju\u00e1rez Celman, Malvinas Argentinas y La Calera.<\/p>\n<p>La metropolizaci\u00f3n implica un cambio de paradigma con una visi\u00f3n m\u00e1s amplia de las jurisdicciones, integrando territorios, servicios, obras de infraestructura y en definitiva pol\u00edticas p\u00fablicas acordes a las din\u00e1micas urbanas actuales.<\/p>\n","protected":false},"excerpt":{"rendered":"<p>Brindar\u00e1 conexi\u00f3n con la Ruta E53. Comenzaron en Salsipuedes los trabajos de cord\u00f3n cuneta que se extender\u00e1n a lo largo de 450 metros de la calle Tucum\u00e1n y que brindar\u00e1 conexi\u00f3n hacia la Ruta E53. El presidente del Ente Metropolitano, Rodrigo Fern\u00e1ndez y el intendente de Salsipuedes, David Strasorier, recorrieron las obras que demandar\u00e1n una [&hellip;]<\/p>\n","protected":false},"author":1,"featured_media":157347,"comment_status":"closed","ping_status":"closed","sticky":false,"template":"","format":"standard","meta":[],"categories":[44],"tags":[],"_links":{"self":[{"href":"http:\/\/cordobadirecto.com\/index.php\/wp-json\/wp\/v2\/posts\/157346"}],"collection":[{"href":"http:\/\/cordobadirecto.com\/index.php\/wp-json\/wp\/v2\/posts"}],"about":[{"href":"http:\/\/cordobadirecto.com\/index.php\/wp-json\/wp\/v2\/types\/post"}],"author":[{"embeddable":true,"href":"http:\/\/cordobadirecto.com\/index.php\/wp-json\/wp\/v2\/users\/1"}],"replies":[{"embeddable":true,"href":"http:\/\/cordobadirecto.com\/index.php\/wp-json\/wp\/v2\/comments?post=157346"}],"version-history":[{"count":0,"href":"http:\/\/cordobadirecto.com\/index.php\/wp-json\/wp\/v2\/posts\/157346\/revisions"}],"wp:featuredmedia":[{"embeddable":true,"href":"http:\/\/cordobadirecto.com\/index.php\/wp-json\/wp\/v2\/media\/157347"}],"wp:attachment":[{"href":"http:\/\/cordobadirecto.com\/index.php\/wp-json\/wp\/v2\/media?parent=157346"}],"wp:term":[{"taxonomy":"category","embeddable":true,"href":"http:\/\/cordobadirecto.com\/index.php\/wp-json\/wp\/v2\/categories?post=157346"},{"taxonomy":"post_tag","embeddable":true,"href":"http:\/\/cordobadirecto.com\/index.php\/wp-json\/wp\/v2\/tags?post=157346"}],"curies":[{"name":"wp","href":"https:\/\/api.w.org\/{rel}","templated":true}]}}