{"id":157348,"date":"2024-10-25T10:22:35","date_gmt":"2024-10-25T10:22:35","guid":{"rendered":"https:\/\/cordoba.gob.ar\/?p=62963"},"modified":"2024-10-25T10:22:35","modified_gmt":"2024-10-25T10:22:35","slug":"bon-odori-un-festival-para-vivenciar-la-cultura-japonesa-en-la-ciudad-de-cordoba","status":"publish","type":"post","link":"http:\/\/cordobadirecto.com\/index.php\/2024\/10\/25\/bon-odori-un-festival-para-vivenciar-la-cultura-japonesa-en-la-ciudad-de-cordoba\/","title":{"rendered":"Bon Odori, un festival para vivenciar la cultura japonesa en la ciudad de C\u00f3rdoba"},"content":{"rendered":"<div><img src=\"http:\/\/cordobadirecto.com\/wp-content\/uploads\/2024\/10\/bon-odori-un-festival-para-vivenciar-la-cultura-japonesa-en-la-ciudad-de-cordoba.jpg\" class=\"ff-og-image-inserted\"><\/div>\n<ul>\n<li><strong><strong>El evento que se realizar\u00e1 el 26 y 27 de octubre invita a sumergirse en esta milenaria cultura entre l\u00e1mparas de papel, tambores \u00abtaiko\u00bb y vistosos kimonos.<\/strong><\/strong><br \/>\n<hr>\n<\/li>\n<\/ul>\n<p>Este fin de semana, vecinos y vecinas de la ciudad podr\u00e1n vivir la cultura de Jap\u00f3n en C\u00f3rdoba a trav\u00e9s del festival Bon Odori.<\/p>\n<p>El encuentro se desarrollar\u00e1 los d\u00edas 26 y 27 de octubre, y quienes se acerquen hasta el predio que la Asociaci\u00f3n Japonesa de C\u00f3rdoba posee en la Av. Celso Barrios al 3500, podr\u00e1n vivenciar dos jornadas colmadas de tradici\u00f3n milenaria.<\/p>\n<p>El Bon Odori es una festividad tradicional que rinde homenaje a los antepasados, en donde se les agradece por lo brindado y se les pide prosperidad.<\/p>\n<p>Este evento, que se lleva a cabo al aire libre, invita a sumergirse en la milenaria cultura japonesa entre l\u00e1mparas de papel, tambores \u00abtaiko\u00bb y vistosos kimonos.<\/p>\n<p>Es adem\u00e1s, la \u00e9poca del a\u00f1o en la que los japoneses creen que los ancestros, los esp\u00edritus de los antepasados, vuelven al mundo de los vivos para encontrarse con sus seres queridos, en donde a trav\u00e9s de un encuentro familiar, disfrutan de las pr\u00e1cticas ancestrales a trav\u00e9s del baile.<\/p>\n<p>Esta edici\u00f3n 2024 trae una variada muestra de la cultura nipona: m\u00fasica, danzas tradicionales, artes marciales, percusi\u00f3n japonesa, un patio gastron\u00f3mico con m\u00e1s de 10 foodtrucks que traer\u00e1n comidas t\u00edpicas, un gran paseo cultural y una feria de productos asi\u00e1ticos tanto importados como de fabricaci\u00f3n local.<\/p>\n<p>Adem\u00e1s, se podr\u00e1 observar una muestra de bonsai, de piezas construidas a trav\u00e9s de la t\u00e9cnica del origami plegado y de de la cultura samurai.<\/p>\n<p>Quienes deseen asistir, las entradas pueden adquirirse en la puerta de ingreso o de manera anticipada en la plataforma <a href=\"http:\/\/www.autoentrada.com\">autoentrada<\/a>. El lugar cuenta con estacionamiento propio.<\/p>\n<p>El d\u00eda s\u00e1bado, la jornada comenzar\u00e1 a las 17:00 horas, en tanto que el domingo ser\u00e1 a las 15:30 horas con la presentaci\u00f3n de la escuela de esgrima Kendo Bushido Dojo.<\/p>\n<p>El cierre de la jornada del d\u00eda s\u00e1bado ser\u00e1 a las 23:00 horas, mientras que el domingo se efectuar\u00e1 a las 22:00 horas. En ambas ocasiones, los presentes podr\u00e1n disfrutar de danzas y bailes t\u00edpicos.<\/p>\n<p>El evento es organizado por la Asociaci\u00f3n Japonesa de C\u00f3rdoba y cuenta con el acompa\u00f1amiento de la Municipalidad de C\u00f3rdoba a trav\u00e9s de la Secretar\u00eda de Integraci\u00f3n Regional y Vinculaci\u00f3n Institucional, ratificando el compromiso con los migrantes y llevando adelante acciones en donde se posiciona a C\u00f3rdoba como una ciudad m\u00e1s diversa e inclusiva para cada uno de los vecinos.<\/p>\n","protected":false},"excerpt":{"rendered":"<p>El evento que se realizar\u00e1 el 26 y 27 de octubre invita a sumergirse en esta milenaria cultura entre l\u00e1mparas de papel, tambores \u00abtaiko\u00bb y vistosos kimonos. Este fin de semana, vecinos y vecinas de la ciudad podr\u00e1n vivir la cultura de Jap\u00f3n en C\u00f3rdoba a trav\u00e9s del festival Bon Odori. El encuentro se desarrollar\u00e1 [&hellip;]<\/p>\n","protected":false},"author":1,"featured_media":157349,"comment_status":"closed","ping_status":"closed","sticky":false,"template":"","format":"standard","meta":[],"categories":[44],"tags":[],"_links":{"self":[{"href":"http:\/\/cordobadirecto.com\/index.php\/wp-json\/wp\/v2\/posts\/157348"}],"collection":[{"href":"http:\/\/cordobadirecto.com\/index.php\/wp-json\/wp\/v2\/posts"}],"about":[{"href":"http:\/\/cordobadirecto.com\/index.php\/wp-json\/wp\/v2\/types\/post"}],"author":[{"embeddable":true,"href":"http:\/\/cordobadirecto.com\/index.php\/wp-json\/wp\/v2\/users\/1"}],"replies":[{"embeddable":true,"href":"http:\/\/cordobadirecto.com\/index.php\/wp-json\/wp\/v2\/comments?post=157348"}],"version-history":[{"count":0,"href":"http:\/\/cordobadirecto.com\/index.php\/wp-json\/wp\/v2\/posts\/157348\/revisions"}],"wp:featuredmedia":[{"embeddable":true,"href":"http:\/\/cordobadirecto.com\/index.php\/wp-json\/wp\/v2\/media\/157349"}],"wp:attachment":[{"href":"http:\/\/cordobadirecto.com\/index.php\/wp-json\/wp\/v2\/media?parent=157348"}],"wp:term":[{"taxonomy":"category","embeddable":true,"href":"http:\/\/cordobadirecto.com\/index.php\/wp-json\/wp\/v2\/categories?post=157348"},{"taxonomy":"post_tag","embeddable":true,"href":"http:\/\/cordobadirecto.com\/index.php\/wp-json\/wp\/v2\/tags?post=157348"}],"curies":[{"name":"wp","href":"https:\/\/api.w.org\/{rel}","templated":true}]}}