{"id":157401,"date":"2024-10-26T19:11:21","date_gmt":"2024-10-26T19:11:21","guid":{"rendered":"https:\/\/www.ole.com.ar\/autos\/james-volwes-jefe-williams-impresionado-apoyo-argentino-franco-colapinto_0_YJdveltqgz.html"},"modified":"2024-10-26T19:11:21","modified_gmt":"2024-10-26T19:11:21","slug":"el-jefe-de-williams-impresionado-por-el-apoyo-argentino-a-colapinto-a-cada-lugar-al-que-vamos","status":"publish","type":"post","link":"http:\/\/cordobadirecto.com\/index.php\/2024\/10\/26\/el-jefe-de-williams-impresionado-por-el-apoyo-argentino-a-colapinto-a-cada-lugar-al-que-vamos\/","title":{"rendered":"El jefe de Williams, impresionado por el apoyo argentino a Colapinto: &#8220;A cada lugar al que vamos&#8230;&#8221;"},"content":{"rendered":"<p><time class=\"createDate\" datetime=\"2024-10-26T16:11:21-03:00\">26\/10\/2024 16:11hs.<\/time><\/p>\n<div id=\"storyBody\">\n<div class=\"custom-text \" readability=\"41.944525547445\">\n<p>Hasta hace un par de meses, <strong>James Volwes<\/strong> era un nombre que pod\u00eda pasar completamente desapercibido en una conversaci\u00f3n argentina promedio. De hecho, solo algunos fan\u00e1ticos de la <strong>F\u00f3rmula 1<\/strong>, esos que siguen la categor\u00eda semana tras semana, estar\u00edan al tanto ante una posible consulta. Sin embargo, la llegada de <strong>Franco Colapinto<\/strong> a la M\u00e1xima gener\u00f3 una revoluci\u00f3n total en el p\u00fablico nacional: el rating de Fox Sports y las suscripciones a Disney+ Premium, por caso, aumentaron. Y uno de los personajes que m\u00e1s relevancia tom\u00f3 fue el <strong>jefe de Williams<\/strong>, quien siempre se muestra feliz por el apoyo albiceleste. En <strong><a href=\"https:\/\/www.ole.com.ar\/autos\/franco-colapinto-f1-gp-mexico-practicas-3-clasificacion-hoy-vivo-online_0_3l8oIoyZnu.html\" target=\"_blank\" title=\"medio del Gran Premio de M\u00e9xico\" alt=\"medio del Gran Premio de M\u00e9xico\" rel=\"noopener\">medio del Gran Premio de M\u00e9xico<\/a><\/strong>, volvi\u00f3 a elogiar esa pasi\u00f3n.<\/p>\n<\/div>\n<div class=\"custom-text \" readability=\"38\">\n<p>&#8220;Lo que me sorprendi\u00f3 es que 36 millones de personas en Argentina (<strong>NdeR<\/strong>: el \u00faltimo censo realizado en 2023 marc\u00f3 que en el pa\u00eds viven 46.044.703 habitantes) est\u00e1n completamente pendientes de \u00e9l. <strong>En cada lugar al que vamos, pasas por el pitlane y hay cientos o miles de argentinos solo gritando su nombre<\/strong>. As\u00ed que es un gracias a ustedes m\u00e1s que nada&#8221;, coment\u00f3 en una charla con la periodista Sof\u00eda Mart\u00ednez, de ESPN.<\/p>\n<\/div>\n<div type=\"embed\" class=\"sc-3f46f5ae-0 djVTgz\">\n<div class=\"sc-3f46f5ae-1 fTjZec videoText\" id=\"contentTitleembed7PTaxzT6\" type=\"embed\"><svg fill=\"#ffffff\"><symbol id=\"play\" viewBox=\"0 0 512 512\"><path d=\"M512 256C512 397.4 397.4 512 256 512C114.6 512 0 397.4 0 256C0 114.6 114.6 0 256 0C397.4 0 512 114.6 512 256zM176 168V344C176 352.7 180.7 360.7 188.3 364.9C195.8 369.2 205.1 369 212.5 364.5L356.5 276.5C363.6 272.1 368 264.4 368 256C368 247.6 363.6 239.9 356.5 235.5L212.5 147.5C205.1 142.1 195.8 142.8 188.3 147.1C180.7 151.3 176 159.3 176 168V168z\" \/><\/symbol><use xlink:href=\"#play\" \/><\/svg><\/p>\n<div class=\"right\">\n<p>Franco Colapinto<!-- --> &#8211;<!-- --> <span>&nbsp;<\/span><\/p>\n<h2 class=\"title-vid\">El jefe de Williams habl\u00f3 de la pasi\u00f3n por Colapinto<\/h2>\n<\/div>\n<\/div>\n<p><span class=\"back\" id=\"spanBackembed7PTaxzT6\"><\/span><\/div>\n<div class=\"custom-text \" readability=\"38\">\n<p>Adem\u00e1s, se refiri\u00f3 a lo que toda la F1 vivir\u00e1 el pr\u00f3ximo fin de semana en Brasil: &#8220;Escuch\u00e9 que agotaron los pasajes de avi\u00f3n para ir de Buenos Aires a San Pablo, entonces se tomar\u00e1n micros y viajar\u00e1n dos d\u00edas para ir a vernos. As\u00ed que <strong>creo que San Pablo va a ser una locura<\/strong>. Cada segundo de eso ser\u00e1 bienvenido, as\u00ed que gracias por eso&#8221;.<\/p>\n<\/div>\n<div class=\"sc-e7b891c4-0 ifHnQL image-embed\"><img alt=\"Colapinto tuvo una pr\u00e1ctica 3 positiva. (EFE)\" loading=\"lazy\" width=\"720\" height=\"100\" decoding=\"async\" data-nimg=\"1\" src=\"http:\/\/cordobadirecto.com\/wp-content\/uploads\/2024\/10\/el-jefe-de-williams-impresionado-por-el-apoyo-argentino-a-colapinto-a-cada-lugar-al-que-vamos.jpg\"><span class=\"epigraphe\">Colapinto tuvo una pr\u00e1ctica 3 positiva. (EFE)<\/span><\/div>\n<p><h2><strong>\u00bfC\u00f3mo le fue a Colapinto en la \u00faltima pr\u00e1ctica en M\u00e9xico?<\/strong><\/h2>\n<\/p>\n<div class=\"custom-text \" readability=\"38\">\n<p>El pilarense dio 18 vueltas en el circuito capitalino y cerr\u00f3 su actuaci\u00f3n en el 13\u00ba puesto. Al cabo, su mejor registro fue de 1m17s712 y qued\u00f3 a 1s220 de Oscar Piastri, el m\u00e1s r\u00e1pido de la jornada. A su vez, estuvo a menos de 200 cent\u00e9simas de su compa\u00f1ero, Alex Albon. <\/p>\n<\/div>\n<div class=\"sc-a7166897-0 eoLsBE\" readability=\"7\">\n<section readability=\"4\"><picture><img alt=\"Franco Colapinto en la F1, hoy EN VIVO por el GP de M\u00e9xico: qued\u00f3 13\u00b0 en la Pr\u00e1ctica 3 y ya piensa en la clasificaci\u00f3n\" loading=\"lazy\" width=\"290\" height=\"290\" decoding=\"async\" data-nimg=\"1\" src=\"http:\/\/cordobadirecto.com\/wp-content\/uploads\/2024\/10\/el-jefe-de-williams-impresionado-por-el-apoyo-argentino-a-colapinto-a-cada-lugar-al-que-vamos-1.jpg\"><\/picture>\n<p><span>Mir\u00e1 tambi\u00e9n<\/span><\/p>\n<hr>\n<h3>Franco Colapinto en la F1, hoy EN VIVO por el GP de M\u00e9xico: qued\u00f3 13\u00b0 en la Pr\u00e1ctica 3 y ya piensa en la clasificaci\u00f3n<\/h3>\n<\/p>\n<\/section>\n<\/div>\n<div class=\"sc-a7166897-0 eoLsBE\" readability=\"6\">\n<section readability=\"2\"><picture><img alt=\"La figura de la F1 a la que Colapinto quiere hacer hincha de Boca\" loading=\"lazy\" width=\"290\" height=\"290\" decoding=\"async\" data-nimg=\"1\" src=\"http:\/\/cordobadirecto.com\/wp-content\/uploads\/2024\/10\/el-jefe-de-williams-impresionado-por-el-apoyo-argentino-a-colapinto-a-cada-lugar-al-que-vamos-2.jpg\"><\/picture>\n<p><span>Mir\u00e1 tambi\u00e9n<\/span><\/p>\n<hr>\n<h3>La figura de la F1 a la que Colapinto quiere hacer hincha de Boca<\/h3>\n<\/p>\n<\/section>\n<\/div>\n<\/div>\n","protected":false},"excerpt":{"rendered":"<p>26\/10\/2024 16:11hs. Hasta hace un par de meses, James Volwes era un nombre que pod\u00eda pasar completamente desapercibido en una conversaci\u00f3n argentina promedio. De hecho, solo algunos fan\u00e1ticos de la F\u00f3rmula 1, esos que siguen la categor\u00eda semana tras semana, estar\u00edan al tanto ante una posible consulta. Sin embargo, la llegada de Franco Colapinto a [&hellip;]<\/p>\n","protected":false},"author":1,"featured_media":157402,"comment_status":"closed","ping_status":"closed","sticky":false,"template":"","format":"standard","meta":[],"categories":[21],"tags":[],"_links":{"self":[{"href":"http:\/\/cordobadirecto.com\/index.php\/wp-json\/wp\/v2\/posts\/157401"}],"collection":[{"href":"http:\/\/cordobadirecto.com\/index.php\/wp-json\/wp\/v2\/posts"}],"about":[{"href":"http:\/\/cordobadirecto.com\/index.php\/wp-json\/wp\/v2\/types\/post"}],"author":[{"embeddable":true,"href":"http:\/\/cordobadirecto.com\/index.php\/wp-json\/wp\/v2\/users\/1"}],"replies":[{"embeddable":true,"href":"http:\/\/cordobadirecto.com\/index.php\/wp-json\/wp\/v2\/comments?post=157401"}],"version-history":[{"count":0,"href":"http:\/\/cordobadirecto.com\/index.php\/wp-json\/wp\/v2\/posts\/157401\/revisions"}],"wp:featuredmedia":[{"embeddable":true,"href":"http:\/\/cordobadirecto.com\/index.php\/wp-json\/wp\/v2\/media\/157402"}],"wp:attachment":[{"href":"http:\/\/cordobadirecto.com\/index.php\/wp-json\/wp\/v2\/media?parent=157401"}],"wp:term":[{"taxonomy":"category","embeddable":true,"href":"http:\/\/cordobadirecto.com\/index.php\/wp-json\/wp\/v2\/categories?post=157401"},{"taxonomy":"post_tag","embeddable":true,"href":"http:\/\/cordobadirecto.com\/index.php\/wp-json\/wp\/v2\/tags?post=157401"}],"curies":[{"name":"wp","href":"https:\/\/api.w.org\/{rel}","templated":true}]}}