{"id":157415,"date":"2024-10-27T00:30:26","date_gmt":"2024-10-27T00:30:26","guid":{"rendered":"https:\/\/puntoapunto.com.ar\/?p=366495"},"modified":"2024-10-27T00:30:26","modified_gmt":"2024-10-27T00:30:26","slug":"ferretera-central-ingresa-al-mercado-de-capitales-con-la-emision-de-su-primera-on","status":"publish","type":"post","link":"http:\/\/cordobadirecto.com\/index.php\/2024\/10\/27\/ferretera-central-ingresa-al-mercado-de-capitales-con-la-emision-de-su-primera-on\/","title":{"rendered":"Ferretera Central ingresa al mercado de capitales con la emisi\u00f3n de su primera ON"},"content":{"rendered":"<p>&nbsp;\n<\/p>\n<p>&nbsp;\n<\/p>\n<p><strong>Ferretera Central SRL,&nbsp; Pyme en el sector de art\u00edculos de ferreter\u00eda y construcci\u00f3n, ha logrado un hito en su trayectoria al colocar con \u00e9xito su primera obligaci\u00f3n negociable por $540 millones, en colaboraci\u00f3n con Dracma ALyC<\/strong>, un agente de bolsa con sede en C\u00f3rdoba. Esta operaci\u00f3n financiera marca el inicio de una nueva etapa para la empresa, que busca consolidarse como l\u00edder en el competitivo mercado ferretero argentino.<!-- \u00a1O bien no hay banners, estan desactivados o no estan programados para esta ubicaci\u00f3n! -->\n<\/p>\n<p>La colocaci\u00f3n, realizada el mi\u00e9rcoles 23 de octubre, despert\u00f3 un inter\u00e9s significativo en el p\u00fablico inversor, al recibir <strong>ofertas por $662.050.000, superando ampliamente el monto de emisi\u00f3n previsto. La compa\u00f1\u00eda alcanz\u00f3 su objetivo de $540 millones a una tasa competitiva de Badlar + 8,5%, con la participaci\u00f3n de entidades de respaldo como Banco C\u00f3rdoba, Banco Supervielle, Banco Comafi y Garantizar SGR, quienes actuaron como avalistas.<\/strong>\n<\/p>\n<p>Dracma, con m\u00e1s de 20 a\u00f1os de experiencia en el mercado de capitales, ha sido un aliado fundamental en esta operaci\u00f3n. Con una reconocida trayectoria en la gesti\u00f3n de carteras y en asesoramiento financiero para empresas locales, Dracma facilita el acceso de las pymes al financiamiento de capitales, un recurso com\u00fan en grandes corporaciones pero menos explorado entre las peque\u00f1as y medianas empresas.\n<\/p>\n<div class=\"intro-text\">\n<p><img decoding=\"async\" class=\"aligncenter wp-image-366502 size-full\" src=\"http:\/\/cordobadirecto.com\/wp-content\/uploads\/2024\/10\/ferretera-central-ingresa-al-mercado-de-capitales-con-la-emision-de-su-primera-on.jpg\" alt width=\"1792\" height=\"1344\" srcset=\"http:\/\/cordobadirecto.com\/wp-content\/uploads\/2024\/10\/ferretera-central-ingresa-al-mercado-de-capitales-con-la-emision-de-su-primera-on.jpg 1792w, http:\/\/cordobadirecto.com\/wp-content\/uploads\/2024\/10\/ferretera-central-ingresa-al-mercado-de-capitales-con-la-emision-de-su-primera-on-1.jpg 300w, http:\/\/cordobadirecto.com\/wp-content\/uploads\/2024\/10\/ferretera-central-ingresa-al-mercado-de-capitales-con-la-emision-de-su-primera-on-2.jpg 1024w, http:\/\/cordobadirecto.com\/wp-content\/uploads\/2024\/10\/ferretera-central-ingresa-al-mercado-de-capitales-con-la-emision-de-su-primera-on-3.jpg 768w, http:\/\/cordobadirecto.com\/wp-content\/uploads\/2024\/10\/ferretera-central-ingresa-al-mercado-de-capitales-con-la-emision-de-su-primera-on-4.jpg 1536w, http:\/\/cordobadirecto.com\/wp-content\/uploads\/2024\/10\/ferretera-central-ingresa-al-mercado-de-capitales-con-la-emision-de-su-primera-on-5.jpg 750w, http:\/\/cordobadirecto.com\/wp-content\/uploads\/2024\/10\/ferretera-central-ingresa-al-mercado-de-capitales-con-la-emision-de-su-primera-on-6.jpg 1140w\" sizes=\"(max-width: 1792px) 100vw, 1792px\" loading=\"lazy\">\n<\/p>\n<\/div>\n<p>Juan Ignacio Fernigrini, socio de Ferretera Central, celebr\u00f3 el logro: \u201cEste es el primer paso hacia la profesionalizaci\u00f3n financiera de Ferretera Central. Es poco frecuente que una pyme recurra a esta clase de financiamiento; no obstante, creemos firmemente que este proyecto reafirma nuestro compromiso con un crecimiento sostenible y la profesionalizaci\u00f3n del sector\u201d. Por su parte, Tom\u00e1s Fernigrini, tambi\u00e9n socio de la firma, destac\u00f3: \u201cEsta emisi\u00f3n es una se\u00f1al del crecimiento s\u00f3lido que venimos logrando. Nos brinda la oportunidad de impulsar nuestras operaciones y alcanzar nuevas metas\u00bb.<\/p>\n<p>Con m\u00e1s de dos d\u00e9cadas en el mercado y presencia en 16 provincias, <strong>Ferretera Central ha fortalecido su infraestructura log\u00edstica con una nueva nave de 3.200 m\u00b2, que se suma a los 3.000 m\u00b2 de almacenamiento actuales.<\/strong> Esta expansi\u00f3n apunta a duplicar el volumen de ventas de la compa\u00f1\u00eda en el pr\u00f3ximo a\u00f1o, respaldando sus operaciones y reforzando su capacidad de respuesta en toda Argentina.\n<\/p>\n<p>La emisi\u00f3n de esta obligaci\u00f3n negociable no solo subraya la visi\u00f3n estrat\u00e9gica de Ferretera Central, sino que abre una puerta a una mayor competitividad en el mercado, demostrando que las pymes pueden, y deben, acceder a herramientas financieras avanzadas para alcanzar sus metas de crecimiento y profesionalizaci\u00f3n en el sector ferretero. <\/p>\n","protected":false},"excerpt":{"rendered":"<p>&nbsp; &nbsp; Ferretera Central SRL,&nbsp; Pyme en el sector de art\u00edculos de ferreter\u00eda y construcci\u00f3n, ha logrado un hito en su trayectoria al colocar con \u00e9xito su primera obligaci\u00f3n negociable por $540 millones, en colaboraci\u00f3n con Dracma ALyC, un agente de bolsa con sede en C\u00f3rdoba. Esta operaci\u00f3n financiera marca el inicio de una nueva [&hellip;]<\/p>\n","protected":false},"author":1,"featured_media":157416,"comment_status":"closed","ping_status":"closed","sticky":false,"template":"","format":"standard","meta":[],"categories":[25],"tags":[],"_links":{"self":[{"href":"http:\/\/cordobadirecto.com\/index.php\/wp-json\/wp\/v2\/posts\/157415"}],"collection":[{"href":"http:\/\/cordobadirecto.com\/index.php\/wp-json\/wp\/v2\/posts"}],"about":[{"href":"http:\/\/cordobadirecto.com\/index.php\/wp-json\/wp\/v2\/types\/post"}],"author":[{"embeddable":true,"href":"http:\/\/cordobadirecto.com\/index.php\/wp-json\/wp\/v2\/users\/1"}],"replies":[{"embeddable":true,"href":"http:\/\/cordobadirecto.com\/index.php\/wp-json\/wp\/v2\/comments?post=157415"}],"version-history":[{"count":0,"href":"http:\/\/cordobadirecto.com\/index.php\/wp-json\/wp\/v2\/posts\/157415\/revisions"}],"wp:featuredmedia":[{"embeddable":true,"href":"http:\/\/cordobadirecto.com\/index.php\/wp-json\/wp\/v2\/media\/157416"}],"wp:attachment":[{"href":"http:\/\/cordobadirecto.com\/index.php\/wp-json\/wp\/v2\/media?parent=157415"}],"wp:term":[{"taxonomy":"category","embeddable":true,"href":"http:\/\/cordobadirecto.com\/index.php\/wp-json\/wp\/v2\/categories?post=157415"},{"taxonomy":"post_tag","embeddable":true,"href":"http:\/\/cordobadirecto.com\/index.php\/wp-json\/wp\/v2\/tags?post=157415"}],"curies":[{"name":"wp","href":"https:\/\/api.w.org\/{rel}","templated":true}]}}