{"id":157425,"date":"2024-10-25T16:14:14","date_gmt":"2024-10-25T16:14:14","guid":{"rendered":"https:\/\/cordoba.gob.ar\/?p=62984"},"modified":"2024-10-25T16:14:14","modified_gmt":"2024-10-25T16:14:14","slug":"cordoba-fue-multi-galardonada-por-sus-politicas-sustentables-en-los-premios-argentina-economia-circular","status":"publish","type":"post","link":"http:\/\/cordobadirecto.com\/index.php\/2024\/10\/25\/cordoba-fue-multi-galardonada-por-sus-politicas-sustentables-en-los-premios-argentina-economia-circular\/","title":{"rendered":"C\u00f3rdoba fue multi galardonada por sus pol\u00edticas sustentables en los Premios \u201cArgentina Econom\u00eda Circular\u201d"},"content":{"rendered":"<div><img src=\"http:\/\/cordobadirecto.com\/wp-content\/uploads\/2024\/10\/cordoba-fue-multi-galardonada-por-sus-politicas-sustentables-en-los-premios-argentina-economia-circular.png\" class=\"ff-og-image-inserted\"><\/div>\n<ul>\n<li class=\"selectable-text copyable-text x15bjb6t x1n2onr6\" dir=\"ltr\"><strong>Passerini recibi\u00f3 distinciones por el amplio abanico de proyectos que promueven la transici\u00f3n de una econom\u00eda lineal hacia una circular en la ciudad; destacando al ente BioC\u00f3rdoba y el Parque Industrial ubicado en el predio de Cormecor.<\/strong><\/li>\n<li class=\"selectable-text copyable-text x15bjb6t x1n2onr6\" dir=\"ltr\"><strong><strong>Otro reconocimiento fue para el Gobierno de la Provincia por impulsar un cambio de paradigma de consumo a favor del cuidado del ambiente.<\/strong><\/strong><br \/>\n<hr>\n<\/li>\n<\/ul>\n<p class=\"selectable-text copyable-text x15bjb6t x1n2onr6\" dir=\"ltr\"><span class=\"selectable-text copyable-text\">El intendente Daniel Passerini represent\u00f3 a C\u00f3rdoba en los premios \u201cArgentina Econom\u00eda Circular\u201d, ceremonia con sede en la Bolsa de Comercio de Buenos Aires.<\/span><\/p>\n<p class=\"selectable-text copyable-text x15bjb6t x1n2onr6\" dir=\"ltr\"><span class=\"selectable-text copyable-text\">En esta edici\u00f3n, C\u00f3rdoba fue multigalardonada: <\/span>tres distinciones recayeron sobre la Municipalidad y el Gobierno de la Provincia,<span class=\"selectable-text copyable-text\"> liderado por Mart\u00edn Llaryora, por incentivar e impulsar pol\u00edticas p\u00fablicas tendientes a una transici\u00f3n de una econom\u00eda lineal a una circular. El ente BioC\u00f3rdoba y Cormecor destacan entre los espacios Municipales premiados.<\/span><\/p>\n<p class=\"selectable-text copyable-text x15bjb6t x1n2onr6\" dir=\"ltr\"><span class=\"selectable-text copyable-text\">\u00abEn C\u00f3rdoba hace cuatro a\u00f1os y diez meses exactamente que, junto al gobernador Mart\u00edn Llaryora, decidimos comenzar a trabajar sobre acciones comprometidas del cambio clim\u00e1tico y organizamos la primera Cumbre Mundial de Econom\u00eda Circular\u201d, inici\u00f3 su discurso el intendente de la Capital Provincial, Daniel Passerini. \u00abDe esta manera, reunimos a la academia y al sector privado para desarrollar una pol\u00edtica p\u00fablica de articulaci\u00f3n\u00bb.<\/span><\/p>\n<p class=\"selectable-text copyable-text x15bjb6t x1n2onr6\" dir=\"ltr\"><span class=\"selectable-text copyable-text\">El mandatario destac\u00f3 diferentes acciones desarrolladas desde entonces en pos del cuidado del ambiente: \u00abCreamos el Ente BioC\u00f3rdoba que lleva adelante la transformaci\u00f3n hacia la Econom\u00eda Circular; y convertimos el predio de enterramiento en un Parque Industrial de la Econom\u00eda Circular\u00bb, enumer\u00f3 entre la multiplicidad de pol\u00edticas sustentables.<\/span><\/p>\n<p class=\"selectable-text copyable-text x15bjb6t x1n2onr6\" dir=\"ltr\"><span class=\"selectable-text copyable-text\">Adem\u00e1s, detall\u00f3 la situaci\u00f3n ambiental en la que se encontraba el r\u00edo Suqu\u00eda y su saneamiento con la obra de Bajo Grande: \u00abHoy esa planta de tratamiento de l\u00edquidos cloacales genera energ\u00eda el\u00e9ctrica que abastece a la red de trolebuses de la ciudad\u00bb.<\/span><\/p>\n<p class=\"selectable-text copyable-text x15bjb6t x1n2onr6\" dir=\"ltr\"><span class=\"selectable-text copyable-text\">Finalmente, invit\u00f3 a todos los presentes a sumarse a la Red Argentina de Municipios contra el Cambio Clim\u00e1tico: \u201cEl compromiso por cuidar la casa com\u00fan tiene que ser una agenda importante y estamos dispuestos a compartirla\u201d, concluy\u00f3.<\/span><\/p>\n<p class=\"selectable-text copyable-text x15bjb6t x1n2onr6\" dir=\"ltr\"><span class=\"selectable-text copyable-text\">La comitiva estuvo conformada por el titular del BioC\u00f3rdoba, Enzo Cravero; y su par de Cormecor, Constanza M\u00edas.<\/span><\/p>\n<p class=\"selectable-text copyable-text x15bjb6t x1n2onr6\" dir=\"ltr\"><span class=\"selectable-text copyable-text\">\u00abArgentina Econom\u00eda Circular\u00bb, es impulsado por la Fundaci\u00f3n Regenerar, la Fundaci\u00f3n Argentina M\u00e1s Sustentable y G Certi (Global Certification) mediante un esfuerzo colaborativo de diversos actores, incluyendo, medios de comunicaci\u00f3n, gobiernos, organizaciones no gubernamentales (ONGs), asociaciones y c\u00e1maras empresariales.<\/span><\/p>\n<p class=\"selectable-text copyable-text x15bjb6t x1n2onr6\" dir=\"ltr\"><span class=\"selectable-text copyable-text\">El premio reconoce las iniciativas del sector p\u00fablico y privado m\u00e1s relevantes del pa\u00eds, poniendo en relieve aquellos proyectos que demuestran de manera destacada un avance hacia la Econom\u00eda Circular.<\/span><\/p>\n<p class=\"selectable-text copyable-text x15bjb6t x1n2onr6\" dir=\"ltr\"><span class=\"selectable-text copyable-text\">La Municipalidad de C\u00f3rdoba recibi\u00f3 dos premios, uno por la categor\u00eda Gobierno, en el rubro Innovaci\u00f3n liderazgo circular por el proyecto \u201cTransformando la ciudad: La Revoluci\u00f3n de la Econom\u00eda Circular\u201d, que apunta a cambiar el paradigma de la producci\u00f3n lineal.<\/span><\/p>\n<p class=\"selectable-text copyable-text x15bjb6t x1n2onr6\" dir=\"ltr\"><span class=\"selectable-text copyable-text\">El segundo es por la categor\u00eda Instituci\u00f3n, rubro Gesti\u00f3n de Residuos para la circularidad. Este premio es para CORMECOR en cuyo predio funciona el Parque Industrial de Econom\u00eda Circular en donde se desarrollan actividades de tipo industrial que se encuentran directamente vinculadas a procesos de tratamiento, revaloraci\u00f3n o reutilizaci\u00f3n de los residuos en pos del desarrollo sostenible y la econom\u00eda circular.<\/span><\/p>\n<p class=\"selectable-text copyable-text x15bjb6t x1n2onr6\"><span class=\"selectable-text copyable-text\">\u2014<\/span><\/p>\n","protected":false},"excerpt":{"rendered":"<p>Passerini recibi\u00f3 distinciones por el amplio abanico de proyectos que promueven la transici\u00f3n de una econom\u00eda lineal hacia una circular en la ciudad; destacando al ente BioC\u00f3rdoba y el Parque Industrial ubicado en el predio de Cormecor. Otro reconocimiento fue para el Gobierno de la Provincia por impulsar un cambio de paradigma de consumo a [&hellip;]<\/p>\n","protected":false},"author":1,"featured_media":157426,"comment_status":"closed","ping_status":"closed","sticky":false,"template":"","format":"standard","meta":[],"categories":[44],"tags":[],"_links":{"self":[{"href":"http:\/\/cordobadirecto.com\/index.php\/wp-json\/wp\/v2\/posts\/157425"}],"collection":[{"href":"http:\/\/cordobadirecto.com\/index.php\/wp-json\/wp\/v2\/posts"}],"about":[{"href":"http:\/\/cordobadirecto.com\/index.php\/wp-json\/wp\/v2\/types\/post"}],"author":[{"embeddable":true,"href":"http:\/\/cordobadirecto.com\/index.php\/wp-json\/wp\/v2\/users\/1"}],"replies":[{"embeddable":true,"href":"http:\/\/cordobadirecto.com\/index.php\/wp-json\/wp\/v2\/comments?post=157425"}],"version-history":[{"count":0,"href":"http:\/\/cordobadirecto.com\/index.php\/wp-json\/wp\/v2\/posts\/157425\/revisions"}],"wp:featuredmedia":[{"embeddable":true,"href":"http:\/\/cordobadirecto.com\/index.php\/wp-json\/wp\/v2\/media\/157426"}],"wp:attachment":[{"href":"http:\/\/cordobadirecto.com\/index.php\/wp-json\/wp\/v2\/media?parent=157425"}],"wp:term":[{"taxonomy":"category","embeddable":true,"href":"http:\/\/cordobadirecto.com\/index.php\/wp-json\/wp\/v2\/categories?post=157425"},{"taxonomy":"post_tag","embeddable":true,"href":"http:\/\/cordobadirecto.com\/index.php\/wp-json\/wp\/v2\/tags?post=157425"}],"curies":[{"name":"wp","href":"https:\/\/api.w.org\/{rel}","templated":true}]}}