{"id":157427,"date":"2024-10-25T15:43:37","date_gmt":"2024-10-25T15:43:37","guid":{"rendered":"https:\/\/cordoba.gob.ar\/?p=62975"},"modified":"2024-10-25T15:43:37","modified_gmt":"2024-10-25T15:43:37","slug":"cordoba-presento-sus-avances-en-digitalizacion-en-la-17-edicion-del-encuentro-gob-redes-y-ciudades-inteligentes","status":"publish","type":"post","link":"http:\/\/cordobadirecto.com\/index.php\/2024\/10\/25\/cordoba-presento-sus-avances-en-digitalizacion-en-la-17-edicion-del-encuentro-gob-redes-y-ciudades-inteligentes\/","title":{"rendered":"C\u00f3rdoba present\u00f3 sus avances en digitalizaci\u00f3n en la 17\u00b0 edici\u00f3n del encuentro GOB Redes y ciudades inteligentes"},"content":{"rendered":"<div><img src=\"http:\/\/cordobadirecto.com\/wp-content\/uploads\/2024\/10\/cordoba-presento-sus-avances-en-digitalizacion-en-la-17-edicion-del-encuentro-gob-redes-y-ciudades-inteligentes.jpg\" class=\"ff-og-image-inserted\"><\/div>\n<ul>\n<li><strong>El caso de la ciudad cordobesa fue destacado en varias oportunidades como experiencia de buenas pr\u00e1cticas en los procesos de digitalizaci\u00f3n.<\/strong><\/li>\n<li><strong>El evento se realiz\u00f3 el 22 y 23 de octubre en Luj\u00e1n de Cuyo, Mendoza.<\/strong><\/li>\n<li><strong><strong>All\u00ed, se reunieron los principales referentes y l\u00edderes de los sectores p\u00fablicos y privados en materia de innovaci\u00f3n digital.<\/strong><\/strong><br \/>\n<hr>\n<\/li>\n<\/ul>\n<p>La Municipalidad de C\u00f3rdoba mostr\u00f3 sus avances en digitalizaci\u00f3n y en su camino de transformaci\u00f3n hacia una Smart City en el 17\u00b0 encuentro GOB Redes y Ciudades Inteligentes organizado por Grupo Convergencia. Esta edici\u00f3n se realiz\u00f3 el 22 y 23 de octubre en Luj\u00e1n de Cuyo, Mendoza.<\/p>\n<p>El secretario de Ciudad Inteligente y Transformaci\u00f3n Digital Ignacio Gei, en representaci\u00f3n del Municipio, integr\u00f3 el panel de apertura de este encuentro que reuni\u00f3 a los principales referentes y l\u00edderes de los sectores p\u00fablicos y privados en materia de innovaci\u00f3n digital.<\/p>\n<p>Gei expuso sobre la hoja de ruta de C\u00f3rdoba para transformarse en una smart city o ciudad inteligente. \u201cEstamos avanzando a partir de un proceso de digitalizaci\u00f3n que lleva varios a\u00f1os. Nuestra ciudad ha definido su compromiso con la incorporaci\u00f3n de tecnolog\u00eda para hacer que los servicios p\u00fablicos sean m\u00e1s accesibles y sencillos para todos los cordobeses\u201d.<\/p>\n<p>\u201cEstamos pensando e implementando soluciones inclusivas, que impactan en una mejor calidad de vida en nuestra ciudad\u201d, expres\u00f3 el funcionario en consonancia con los ejes de gesti\u00f3n que lleva adelante el intendente Daniel Passerini de integrar, conectar y humanizar la atenci\u00f3n a los vecinos a trav\u00e9s de los recursos tecnol\u00f3gicos.<\/p>\n<p>El caso de C\u00f3rdoba fue destacado en varias oportunidades como experiencia de buenas pr\u00e1cticas en los procesos de digitalizaci\u00f3n, posicionando a la ciudad como referente en el pa\u00eds en materia de implementaciones tecnol\u00f3gicas innovadoras enfocadas en los vecinos.<\/p>\n<p>El panel de apertura tuvo tambi\u00e9n como disertantes a Matias Meric, secretario de Innovaci\u00f3n, Gobierno Abierto y Gesti\u00f3n del Territorio. del Municipio de Luj\u00e1n de Cuyo; Jimena Estrella, secretaria de Vinculaci\u00f3n de la Universidad de Cuyo, y Agust\u00edn Suarez, jefe de gabinete de la Secretar\u00eda de Innovaci\u00f3n y Transformaci\u00f3n Digital de la Ciudad de Buenos Aires.<\/p>\n<p>En tanto, el subsecretario de Innovaci\u00f3n y Transformaci\u00f3n Digital Ariel Vercellone expuso sobre los resultados alcanzados en C\u00f3rdoba con distintas implementaciones que conforman el ecosistema de canales digitales de atenci\u00f3n al vecino.<\/p>\n<p>Vercellone destac\u00f3 que \u201cel chatbot, la app Ciudadana, el turnero digital, entre otros recursos, son soluciones de alto impacto para nuestros vecinos que encuentran canales abiertos de manera permanente para interactuar con el municipio y resolver sus tr\u00e1mites\u201d.<\/p>\n<p>El caso de \u00e9xito de C\u00f3rdoba en estos desarrollos fue destacado tambi\u00e9n como ejemplo de la articulaci\u00f3n p\u00fablico-privada ya que empresas tecnol\u00f3gicas de la Ciudad fueron parte de estos dise\u00f1os e implementaciones.<\/p>\n<p><strong>M\u00e1s sobre GOB Redes y Ciudades Inteligentes<\/strong><\/p>\n<p>Este encuentro lleva ya 17 ediciones convocando a referentes de todo el pa\u00eds en temas de tecnolog\u00eda aplicada al desarrollo de las ciudades.<\/p>\n<p>La edici\u00f3n 2024 tuvo a Mendoza como provincia anfitriona y fue encabezado por el gobernador Alfredo Cornejo quien en su discurso de apertura se refiri\u00f3 a los desaf\u00edos que enfrenta la administraci\u00f3n p\u00fablica para incorporar soluciones tecnol\u00f3gicas que beneficien a las sociedades.<\/p>\n<p>Mariana Rodriguez Zani, directora ejecutiva de Convergencia, destac\u00f3 la articulaci\u00f3n p\u00fablico-privada que se evidenci\u00f3 en los intercambios logrados en este encuentro.<\/p>\n<p>El evento pudo seguirse por streaming en todo el pa\u00eds a trav\u00e9s de la <a href=\"https:\/\/www.gobierno.convergencia.com\/inicio\" target=\"_blank\" rel=\"noopener\">p\u00e1gina oficial<\/a>.<\/p>\n","protected":false},"excerpt":{"rendered":"<p>El caso de la ciudad cordobesa fue destacado en varias oportunidades como experiencia de buenas pr\u00e1cticas en los procesos de digitalizaci\u00f3n. El evento se realiz\u00f3 el 22 y 23 de octubre en Luj\u00e1n de Cuyo, Mendoza. All\u00ed, se reunieron los principales referentes y l\u00edderes de los sectores p\u00fablicos y privados en materia de innovaci\u00f3n digital. [&hellip;]<\/p>\n","protected":false},"author":1,"featured_media":157428,"comment_status":"closed","ping_status":"closed","sticky":false,"template":"","format":"standard","meta":[],"categories":[44],"tags":[],"_links":{"self":[{"href":"http:\/\/cordobadirecto.com\/index.php\/wp-json\/wp\/v2\/posts\/157427"}],"collection":[{"href":"http:\/\/cordobadirecto.com\/index.php\/wp-json\/wp\/v2\/posts"}],"about":[{"href":"http:\/\/cordobadirecto.com\/index.php\/wp-json\/wp\/v2\/types\/post"}],"author":[{"embeddable":true,"href":"http:\/\/cordobadirecto.com\/index.php\/wp-json\/wp\/v2\/users\/1"}],"replies":[{"embeddable":true,"href":"http:\/\/cordobadirecto.com\/index.php\/wp-json\/wp\/v2\/comments?post=157427"}],"version-history":[{"count":0,"href":"http:\/\/cordobadirecto.com\/index.php\/wp-json\/wp\/v2\/posts\/157427\/revisions"}],"wp:featuredmedia":[{"embeddable":true,"href":"http:\/\/cordobadirecto.com\/index.php\/wp-json\/wp\/v2\/media\/157428"}],"wp:attachment":[{"href":"http:\/\/cordobadirecto.com\/index.php\/wp-json\/wp\/v2\/media?parent=157427"}],"wp:term":[{"taxonomy":"category","embeddable":true,"href":"http:\/\/cordobadirecto.com\/index.php\/wp-json\/wp\/v2\/categories?post=157427"},{"taxonomy":"post_tag","embeddable":true,"href":"http:\/\/cordobadirecto.com\/index.php\/wp-json\/wp\/v2\/tags?post=157427"}],"curies":[{"name":"wp","href":"https:\/\/api.w.org\/{rel}","templated":true}]}}