{"id":157446,"date":"2024-10-27T19:30:16","date_gmt":"2024-10-27T19:30:16","guid":{"rendered":"https:\/\/www.ole.com.ar\/autos\/franco-colapinto-casco-diseno-reutemann-lucas-bricco-design-entrevista-f1_0_RpOzFofci0.html"},"modified":"2024-10-27T19:30:16","modified_gmt":"2024-10-27T19:30:16","slug":"la-trastienda-de-los-cascos-de-colapinto-del-encuentro-casual-en-el-aca-al-homenaje-a-reutemann","status":"publish","type":"post","link":"http:\/\/cordobadirecto.com\/index.php\/2024\/10\/27\/la-trastienda-de-los-cascos-de-colapinto-del-encuentro-casual-en-el-aca-al-homenaje-a-reutemann\/","title":{"rendered":"La trastienda de los cascos de Colapinto: del encuentro casual en el ACA al homenaje a Reutemann"},"content":{"rendered":"<p><time class=\"createDate\" datetime=\"2024-10-27T16:30:16-03:00\">27\/10\/2024 16:30hs.<\/time><\/p>\n<div id=\"storyBody\">\n<div class=\"custom-text \" readability=\"37.485380116959\">\n<p>La irrupci\u00f3n de <strong>Franco Colapinto<\/strong> elev\u00f3 a la potencia todo lo que lo rodea. No solo su figura creci\u00f3 exponencialmente, sino tambi\u00e9n el nivel de conocimiento de sponsors, miembros de <strong>Williams <\/strong>y hasta su equipo de trabajo. Uno de los nombres m\u00e1s mencionados en la \u00faltima semana en las redes sociales fue el <strong>Lucas Bricco<\/strong>. M\u00e1s conocido en las plataformas como <strong>Bricco Design<\/strong>, dado que as\u00ed comunica su marca personal, el dise\u00f1ador de 27 a\u00f1os es quien se encarga de llevar a cabo los modelos de los cascos del pilarense. Y justo en la previa del <strong><a href=\"https:\/\/www.ole.com.ar\/autos\/franco-colapinto-vivo-gran-premio-mexico-formula-1_0_QaQlAyRvdV.html\" target=\"_blank\" title=\"GP de M\u00e9xico\" alt=\"GP de M\u00e9xico\" rel=\"noopener\">GP de M\u00e9xico<\/a><\/strong> presentaron el nuevo producto con <strong><a href=\"https:\/\/www.ole.com.ar\/autos\/franco-colapinto-williams-reutemann-mercado-libre_0_kuUiwVRwsE.html\" target=\"_blank\" title=\"un homenaje a Carlos Reutemann\" alt=\"un homenaje a Carlos Reutemann\" rel=\"noopener\">un homenaje a Carlos Reutemann<\/a><\/strong>, uno de los m\u00e1ximos \u00eddolos del automovilismo argentino.<\/p>\n<\/div>\n<div class=\"custom-text \" readability=\"36\">\n<p>&#8220;Sab\u00edamos que iba a tener repercusi\u00f3n pero no nos imagin\u00e1bamos tanto. Por un lado est\u00e1 bueno, pero tambi\u00e9n son unos d\u00edas agitados (risas)&#8221;, le cont\u00f3 Bricco a este medio en una entrevista realizada por tel\u00e9fono en la ma\u00f1ana del domingo.<\/p>\n<\/div>\n<div class=\"sc-e7b891c4-0 ifHnQL image-embed\"><img alt=\"El casco dise\u00f1ado para las carreras de M\u00e9xico y Brasil. (@BriccoDesign)\" loading=\"lazy\" width=\"720\" height=\"100\" decoding=\"async\" data-nimg=\"1\" src=\"http:\/\/cordobadirecto.com\/wp-content\/uploads\/2024\/10\/la-trastienda-de-los-cascos-de-colapinto-del-encuentro-casual-en-el-aca-al-homenaje-a-reutemann.jpg\"><span class=\"epigraphe\">El casco dise\u00f1ado para las carreras de M\u00e9xico y Brasil. (@BriccoDesign)<\/span><\/div>\n<div class=\"custom-text \" readability=\"35\">\n<p><strong>-M\u00e1s all\u00e1 de las llamadas de prensa, \u00bftuviste un reconocimiento mayor en redes? Crecimiento de seguidores, gente que te escribe&#8230;<\/strong><\/p>\n<\/div>\n<div class=\"custom-text \" readability=\"35\">\n<p>-S\u00ed, un mont\u00f3n tambi\u00e9n: sum\u00e9 un mont\u00f3n de seguidores o de p\u00fablico nuevo y hasta de clientes. Es un poco la repercusi\u00f3n del momento. Tal vez estaba acostumbrado un poco m\u00e1s al nicho del automovilismo y esto como excede por el nivel de Franco.<\/p>\n<\/div>\n<div class=\"custom-text \" readability=\"40\">\n<p>De arrancar a los 10 a\u00f1os a usar programas de dise\u00f1o porque su madre, que dise\u00f1aba la gr\u00e1fica de una revista, le hab\u00eda ense\u00f1ado a adoptarlo como un hobby durante su adolescencia. Y la pasi\u00f3n fue tal que a los 16 ya estaba metido en dibujar los modelos para los juegos virtuales. Luego, cuando termin\u00f3 el colegio secundario, continu\u00f3 la carrera de dise\u00f1o gr\u00e1fico para ir profesionalizando m\u00e1s mi trabajo. Y mientras sumaba reconocimiento en el mundo de los fierros nacionales, le apareci\u00f3 una chance hist\u00f3rica.<\/p>\n<\/div>\n<div class=\"custom-text \" readability=\"32\">\n<p><strong>-\u00bfC\u00f3mo surgi\u00f3 el primer acercamiento a Franco?<\/strong><\/p>\n<\/div>\n<div class=\"custom-text \" readability=\"44\">\n<p>-Ya lo conoc\u00eda de los a\u00f1os anteriores, de la F\u00f3rmula 4, de la F\u00f3rmula 3: lo ven\u00eda siguiendo y cada tanto, cuando tengo tiempo libre, hac\u00eda algunos dise\u00f1os conceptos y hab\u00eda hecho de c\u00f3mo ser\u00eda su auto posible para la F\u00f3rmula 3. Y el a\u00f1o pasado, cuando vino a dar una conferencia de prensa al ACA, pude meterme como parte de prensa y lo pude conocer personalmente tanto a \u00e9l como a Mar\u00eda (Catarineu), que es la manager, y a An\u00edbal, el padre. Ellos hab\u00edan visto mis trabajos y me dijeron &#8220;che est\u00e1 muy bueno&#8221;. Pudimos charlar un rato ah\u00ed y a las dos semanas m\u00e1s o menos Mar\u00eda me llam\u00f3 y me cont\u00f3 que Franco iba a correr en F\u00f3rmula 2 y que iba a estar todo el apoyo de Bizarrap. Me dijo que Franco quer\u00eda hacer hacer el casco conmigo y as\u00ed que de ah\u00ed en m\u00e1s nos pusimos a trabajar.<\/p>\n<\/div>\n<div class=\"sc-e7b891c4-0 ifHnQL image-embed\"><img alt=\"Franco Colapinto con su casco de Argentina y Bizarrap en Singapur. (Williams Racing)\" loading=\"lazy\" width=\"720\" height=\"100\" decoding=\"async\" data-nimg=\"1\" src=\"http:\/\/cordobadirecto.com\/wp-content\/uploads\/2024\/10\/la-trastienda-de-los-cascos-de-colapinto-del-encuentro-casual-en-el-aca-al-homenaje-a-reutemann-1.jpg\"><span class=\"epigraphe\">Franco Colapinto con su casco de Argentina y Bizarrap en Singapur. (Williams Racing)<\/span><\/div>\n<div class=\"custom-text \" readability=\"32\">\n<p><strong>-\u00bfC\u00f3mo fueron los primeros modelos? \u00bfEn qu\u00e9 te inspiraste? \u00bfPudiste charlar con Biza?<\/strong><\/p>\n<\/div>\n<div class=\"custom-text \" readability=\"41\">\n<p>-El trabajo del proceso de dise\u00f1o fue a trav\u00e9s de Mar\u00eda, Jamie (Campbell-Walter, el otro manager) y Franco y a m\u00ed me llegaban las repercusiones. Me dec\u00edan &#8220;che mir\u00e1, esto le gust\u00f3 a Biza o por ah\u00ed probar esta opci\u00f3n&#8221; y fuimos puliendo detalles. Tom\u00e9 referencias del estudio de \u00e9l, de la est\u00e9tica, los colores, un poco de todo y lo combin\u00e9 con el estilo de Franco y con las carreras.<\/p>\n<\/div>\n<div class=\"custom-text \" readability=\"35\">\n<p><strong>-Estuviste en Barcelona, donde Franco sali\u00f3 2\u00ba en la F\u00f3rmula 2. Adem\u00e1s, presenciaste una carrera de F1. \u00bfQu\u00e9 sentiste al ver el casco dise\u00f1ado por vos en semejante evento?<\/strong><\/p>\n<\/div>\n<div class=\"custom-text \" readability=\"36\">\n<p>-Nunca hab\u00eda ido a una carrera ni de F\u00f3rmula 2 ni de F\u00f3rmula 1 y surgi\u00f3 esta posibilidad. Encima estuvo Bizarrap, as\u00ed que mejor imposible porque nos juntamos los tres y charlamos un rato. S\u00faper buena onda todos. Fue medio una locura. De ah\u00ed en m\u00e1s qued\u00f3 una relaci\u00f3n muy linda y siempre fueron todos muy atentos y muy amables conmigo.<\/p>\n<\/div>\n<div class=\"custom-text \" readability=\"32\">\n<p><strong>-Y el casco le termin\u00f3 llegando a Messi. \u00bfTe imaginaste tal nivel de repercusi\u00f3n?<\/strong><\/p>\n<\/div>\n<div class=\"custom-text \" readability=\"37\">\n<p>-Soy enfermo del f\u00fatbol y cuando me dijeron que tratar\u00edan de hacerle llegar un casco a Messi dije &#8220;esto es una locura&#8221;. Obviamente yo hice referencia un poco a \u00e9l con los colores de la bandera, el 10 y las tres estrellas. Todav\u00eda no s\u00e9 si hubo una devoluci\u00f3n o algo, pero que ya le haya llegado es incre\u00edble.<\/p>\n<\/div>\n<div class=\"sc-e7b891c4-0 ifHnQL image-embed\"><img alt=\"El casco que Franco Colapinto va a usar en M\u00e9xico y Brasil.\" loading=\"lazy\" width=\"720\" height=\"100\" decoding=\"async\" data-nimg=\"1\" src=\"http:\/\/cordobadirecto.com\/wp-content\/uploads\/2024\/10\/la-trastienda-de-los-cascos-de-colapinto-del-encuentro-casual-en-el-aca-al-homenaje-a-reutemann-2.jpg\"><span class=\"epigraphe\">El casco que Franco Colapinto va a usar en M\u00e9xico y Brasil.<\/span><\/div>\n<div class=\"custom-text \" readability=\"32\">\n<p><strong>-Y ahora otro \u00eddolo argentino: el Lole Reutemann. \u00bfC\u00f3mo se gest\u00f3 este homenaje?<\/strong><\/p>\n<\/div>\n<div class=\"custom-text \" readability=\"45\">\n<p>-A finales de agosto que Mar\u00eda me llam\u00f3 y me dijo &#8220;mir\u00e1, para las carreras de M\u00e9xico y de Brasil se va a sumar un sponsor (Mercado Libre) y el casco va a tener que tener amarillo, pero no queremos que sea un casco amarillo porque s\u00ed, queremos que tenga una idea, una referencia, un hilo conductor&#8221;. Y pensando en esos d\u00edas, vi que Franco tambi\u00e9n tiene un auspiciante que lleva azul en la parte de arriba, y dije &#8220;bueno, es muy similar al esquema de Carlos&#8221;. Adem\u00e1s, coincid\u00edan las carreras de Latinoam\u00e9rica, entonces era la oportunidad perfecta para homenajearlo.<\/p>\n<\/div>\n<div type=\"embed\" class=\"sc-3f46f5ae-0 djVTgz\">\n<div class=\"sc-3f46f5ae-1 fTjZec videoText\" id=\"contentTitleembedHgDLl176\" type=\"embed\"><svg fill=\"#ffffff\"><symbol id=\"play\" viewBox=\"0 0 512 512\"><path d=\"M512 256C512 397.4 397.4 512 256 512C114.6 512 0 397.4 0 256C0 114.6 114.6 0 256 0C397.4 0 512 114.6 512 256zM176 168V344C176 352.7 180.7 360.7 188.3 364.9C195.8 369.2 205.1 369 212.5 364.5L356.5 276.5C363.6 272.1 368 264.4 368 256C368 247.6 363.6 239.9 356.5 235.5L212.5 147.5C205.1 142.1 195.8 142.8 188.3 147.1C180.7 151.3 176 159.3 176 168V168z\" \/><\/symbol><use xlink:href=\"#play\" \/><\/svg><\/p>\n<div class=\"right\">\n<p>Bizarrap<!-- --> &#8211;<!-- --> <span>&nbsp;<\/span><\/p>\n<h2 class=\"title-vid\">La historia del dise\u00f1ador del casco de Franco Colapinto<\/h2>\n<\/div>\n<\/div>\n<p><span class=\"back\" id=\"spanBackembedHgDLl176\"><\/span><\/div>\n<div class=\"custom-text \" readability=\"33\">\n<p><strong>-Volviendo al tiempo atr\u00e1s, \u00bfve\u00edas posible este presente a tus 27 a\u00f1os?<\/strong><\/p>\n<\/div>\n<div class=\"custom-text \" readability=\"42\">\n<p>-Era un sue\u00f1o. Cuando empec\u00e9 quer\u00eda dise\u00f1ar un auto de Turismo Carretera, despu\u00e9s dise\u00f1ar el auto de un piloto, luego un auto para una categor\u00eda exterior, que lo hice para una categor\u00eda de M\u00e9xico, y as\u00ed sucesivamente. Y cada vez como que se iba elevando el objetivo. Y cuando lleg\u00f3 lo del casco de F\u00f3rmula 2 de Franco, pens\u00e9 en la F\u00f3rmula 1 y se dio. Quiz\u00e1s, el pr\u00f3ximo objetivo sea dise\u00f1ar el auto, que ser\u00eda incre\u00edble.<\/p>\n<\/div>\n<div class=\"sc-a7166897-0 eoLsBE\" readability=\"7.5\">\n<section readability=\"5\"><picture><img alt=\"Franco Colapinto en la F1, EN VIVO por el GP de M\u00e9xico: horario, puesto de largada y por d\u00f3nde ver \" loading=\"lazy\" width=\"290\" height=\"290\" decoding=\"async\" data-nimg=\"1\" src=\"http:\/\/cordobadirecto.com\/wp-content\/uploads\/2024\/10\/la-trastienda-de-los-cascos-de-colapinto-del-encuentro-casual-en-el-aca-al-homenaje-a-reutemann-3.jpg\"><\/picture>\n<p><span>Mir\u00e1 tambi\u00e9n<\/span><\/p>\n<hr>\n<h3>Franco Colapinto en la F1, EN VIVO por el GP de M\u00e9xico: horario, puesto de largada y por d\u00f3nde ver<br \/>\n<\/h3>\n<\/p>\n<\/section>\n<\/div>\n<div class=\"sc-a7166897-0 eoLsBE\" readability=\"6.5\">\n<section readability=\"3\"><picture><img alt=\"Novedades con la vuelta de la F\u00f3rmula 1 a la Argentina con Colapinto: el Gobierno har\u00e1 &quot;lo posible&quot; \" loading=\"lazy\" width=\"290\" height=\"290\" decoding=\"async\" data-nimg=\"1\" src=\"http:\/\/cordobadirecto.com\/wp-content\/uploads\/2024\/10\/la-trastienda-de-los-cascos-de-colapinto-del-encuentro-casual-en-el-aca-al-homenaje-a-reutemann-4.jpg\"><\/picture>\n<p><span>Mir\u00e1 tambi\u00e9n<\/span><\/p>\n<hr>\n<h3>Novedades con la vuelta de la F\u00f3rmula 1 a la Argentina con Colapinto: el Gobierno har\u00e1 &#8220;lo posible&#8221; <\/h3>\n<\/p>\n<\/section>\n<\/div>\n<div class=\"sc-a7166897-0 eoLsBE\" readability=\"6.5\">\n<section readability=\"3\"><picture><img alt=\"Qui\u00e9nes son los famosos que fueron a alentar a Franco Colapinto al Gran Premio de M\u00e9xico\" loading=\"lazy\" width=\"290\" height=\"290\" decoding=\"async\" data-nimg=\"1\" src=\"http:\/\/cordobadirecto.com\/wp-content\/uploads\/2024\/10\/la-trastienda-de-los-cascos-de-colapinto-del-encuentro-casual-en-el-aca-al-homenaje-a-reutemann-5.jpg\"><\/picture>\n<p><span>Mir\u00e1 tambi\u00e9n<\/span><\/p>\n<hr>\n<h3>Qui\u00e9nes son los famosos que fueron a alentar a Franco Colapinto al Gran Premio de M\u00e9xico<\/h3>\n<\/p>\n<\/section>\n<\/div>\n<\/div>\n","protected":false},"excerpt":{"rendered":"<p>27\/10\/2024 16:30hs. La irrupci\u00f3n de Franco Colapinto elev\u00f3 a la potencia todo lo que lo rodea. No solo su figura creci\u00f3 exponencialmente, sino tambi\u00e9n el nivel de conocimiento de sponsors, miembros de Williams y hasta su equipo de trabajo. Uno de los nombres m\u00e1s mencionados en la \u00faltima semana en las redes sociales fue el [&hellip;]<\/p>\n","protected":false},"author":1,"featured_media":157447,"comment_status":"closed","ping_status":"closed","sticky":false,"template":"","format":"standard","meta":[],"categories":[21],"tags":[],"_links":{"self":[{"href":"http:\/\/cordobadirecto.com\/index.php\/wp-json\/wp\/v2\/posts\/157446"}],"collection":[{"href":"http:\/\/cordobadirecto.com\/index.php\/wp-json\/wp\/v2\/posts"}],"about":[{"href":"http:\/\/cordobadirecto.com\/index.php\/wp-json\/wp\/v2\/types\/post"}],"author":[{"embeddable":true,"href":"http:\/\/cordobadirecto.com\/index.php\/wp-json\/wp\/v2\/users\/1"}],"replies":[{"embeddable":true,"href":"http:\/\/cordobadirecto.com\/index.php\/wp-json\/wp\/v2\/comments?post=157446"}],"version-history":[{"count":0,"href":"http:\/\/cordobadirecto.com\/index.php\/wp-json\/wp\/v2\/posts\/157446\/revisions"}],"wp:featuredmedia":[{"embeddable":true,"href":"http:\/\/cordobadirecto.com\/index.php\/wp-json\/wp\/v2\/media\/157447"}],"wp:attachment":[{"href":"http:\/\/cordobadirecto.com\/index.php\/wp-json\/wp\/v2\/media?parent=157446"}],"wp:term":[{"taxonomy":"category","embeddable":true,"href":"http:\/\/cordobadirecto.com\/index.php\/wp-json\/wp\/v2\/categories?post=157446"},{"taxonomy":"post_tag","embeddable":true,"href":"http:\/\/cordobadirecto.com\/index.php\/wp-json\/wp\/v2\/tags?post=157446"}],"curies":[{"name":"wp","href":"https:\/\/api.w.org\/{rel}","templated":true}]}}