{"id":157456,"date":"2024-10-28T01:15:48","date_gmt":"2024-10-28T01:15:48","guid":{"rendered":"https:\/\/cordoba.gob.ar\/?p=63007"},"modified":"2024-10-28T01:15:48","modified_gmt":"2024-10-28T01:15:48","slug":"passerini-participo-del-festival-bon-odori-cultura-japonesa-en-cordoba-capital","status":"publish","type":"post","link":"http:\/\/cordobadirecto.com\/index.php\/2024\/10\/28\/passerini-participo-del-festival-bon-odori-cultura-japonesa-en-cordoba-capital\/","title":{"rendered":"Passerini particip\u00f3 del Festival Bon Odori: cultura japonesa en C\u00f3rdoba Capital"},"content":{"rendered":"<div><img src=\"http:\/\/cordobadirecto.com\/wp-content\/uploads\/2024\/10\/passerini-participo-del-festival-bon-odori-cultura-japonesa-en-cordoba-capital.jpg\" class=\"ff-og-image-inserted\"><\/div>\n<p>Organizado por la Asociaci\u00f3n Japonesa de C\u00f3rdoba, esta fiesta milenaria tradicional de la cultura japonesa est\u00e1 destinada a rendir homenaje a los ancestros, agradecerles y pedir prosperidad.<\/p>\n<p>En intendente Daniel Passerini estuvo presente este domingo en el festival \u201cBon Odori\u201d que se llev\u00f3 a cabo en nuestra ciudad en el predio de la Asociaci\u00f3n Japonesa de C\u00f3rdoba.<\/p>\n<p>El mandatario Municipal presenci\u00f3 de una de las fiestas populares m\u00e1s tradicionales de la cultura japonesa, destinada a rendir homenaje a los antepasados, agradecerles y pedir prosperidad a trav\u00e9s de la m\u00fasica, la danza y otras expresiones culturales.<\/p>\n<p>Acompa\u00f1\u00f3 a miembros de la Asociaci\u00f3n, a japoneses y descendientes radicados en la ciudad, al Embajador, adem\u00e1s de todos los cordobeses que se sumaron a la celebraci\u00f3n.<\/p>\n<p>En ese marco, el mandatario municipal destac\u00f3 su alegr\u00eda y orgullo por esta celebraci\u00f3n, como tambi\u00e9n que la colectividad japonesa \u201dse est\u00e9 preparando para celebrar los 140 a\u00f1os y que C\u00f3rdoba haya sido el primer punto en el cual est\u00e9 registrada la presencia de los primeros hermanos japoneses\u201d.<\/p>\n<p>\u201cSiempre lo digo y hoy lo ratifico, una de las mayores riquezas que tiene nuestra ciudad es la diversidad de culturas que la han elegido y que nos hemos amalgamado para hacer de C\u00f3rdoba un lugar mejor\u201d.<\/p>\n<p>\u201cLos invito a que sigamos trabajando de esta manera, haciendo de C\u00f3rdoba un lugar de encuentro, haciendo de esta tierra un lugar donde celebremos esta diversidad de culturas y que hagamos ejemplo en un mundo donde, lamentablemente, en muchos lugares las diversidades refieren adversidades\u201d<\/p>\n<p>Por su parte, el presidente Asociaci\u00f3n Japonesa de C\u00f3rdoba, Marcelo Oshiro, manifest\u00f3: \u00abHace seis a\u00f1os que quer\u00edamos volver a hacer este Bon Odori. Quiero agradecer todo el apoyo de la Municipalidad que nos abri\u00f3 las puertas y nos apoy\u00f3 en todo lo que pudo, a la provincia, al ministerio de salud, a la polic\u00eda, gracias a eso pudimos llevar a cabo este festejo\u201d.<\/p>\n<p>La festividad, realizada al aire libre entre l\u00e1mparas de papel, tambores \u00abtaiko\u201d y kimonos, despleg\u00f3 una variada muestra de la cultura nipona: su m\u00fasica, danzas tradicionales, artes marciales y show de percusi\u00f3n japonesa.<\/p>\n<p>Adem\u00e1s, un patio gastron\u00f3mico y una gran feria con m\u00e1s de 50 stand con productos de origen o inspiraci\u00f3n oriental, como prendas de vestir (kimonos), objetos decorativos en origami, cer\u00e1mica, entre otros.<\/p>\n","protected":false},"excerpt":{"rendered":"<p>Organizado por la Asociaci\u00f3n Japonesa de C\u00f3rdoba, esta fiesta milenaria tradicional de la cultura japonesa est\u00e1 destinada a rendir homenaje a los ancestros, agradecerles y pedir prosperidad. En intendente Daniel Passerini estuvo presente este domingo en el festival \u201cBon Odori\u201d que se llev\u00f3 a cabo en nuestra ciudad en el predio de la Asociaci\u00f3n Japonesa [&hellip;]<\/p>\n","protected":false},"author":1,"featured_media":157457,"comment_status":"closed","ping_status":"closed","sticky":false,"template":"","format":"standard","meta":[],"categories":[44],"tags":[],"_links":{"self":[{"href":"http:\/\/cordobadirecto.com\/index.php\/wp-json\/wp\/v2\/posts\/157456"}],"collection":[{"href":"http:\/\/cordobadirecto.com\/index.php\/wp-json\/wp\/v2\/posts"}],"about":[{"href":"http:\/\/cordobadirecto.com\/index.php\/wp-json\/wp\/v2\/types\/post"}],"author":[{"embeddable":true,"href":"http:\/\/cordobadirecto.com\/index.php\/wp-json\/wp\/v2\/users\/1"}],"replies":[{"embeddable":true,"href":"http:\/\/cordobadirecto.com\/index.php\/wp-json\/wp\/v2\/comments?post=157456"}],"version-history":[{"count":0,"href":"http:\/\/cordobadirecto.com\/index.php\/wp-json\/wp\/v2\/posts\/157456\/revisions"}],"wp:featuredmedia":[{"embeddable":true,"href":"http:\/\/cordobadirecto.com\/index.php\/wp-json\/wp\/v2\/media\/157457"}],"wp:attachment":[{"href":"http:\/\/cordobadirecto.com\/index.php\/wp-json\/wp\/v2\/media?parent=157456"}],"wp:term":[{"taxonomy":"category","embeddable":true,"href":"http:\/\/cordobadirecto.com\/index.php\/wp-json\/wp\/v2\/categories?post=157456"},{"taxonomy":"post_tag","embeddable":true,"href":"http:\/\/cordobadirecto.com\/index.php\/wp-json\/wp\/v2\/tags?post=157456"}],"curies":[{"name":"wp","href":"https:\/\/api.w.org\/{rel}","templated":true}]}}