{"id":157461,"date":"2024-10-28T13:16:11","date_gmt":"2024-10-28T13:16:11","guid":{"rendered":"https:\/\/puntoapunto.com.ar\/?p=366510"},"modified":"2024-10-28T13:16:11","modified_gmt":"2024-10-28T13:16:11","slug":"salim-mano-a-mano-los-rumores-de-sumarse-a-la-libertad-avanza-y-como-sigue-la-macro","status":"publish","type":"post","link":"http:\/\/cordobadirecto.com\/index.php\/2024\/10\/28\/salim-mano-a-mano-los-rumores-de-sumarse-a-la-libertad-avanza-y-como-sigue-la-macro\/","title":{"rendered":"Salim, mano a mano: los rumores de sumarse a La Libertad Avanza y c\u00f3mo sigue la macro"},"content":{"rendered":"<div class=\"g g-36\">\n<div class=\"g-dyn a-29 c-1\"><a class=\"gofollow\" data-track=\"MjksMzYsMSw2MA==\" href=\"https:\/\/www.harmoniechateau.com.ar\/\" target=\"_blank\" rel=\"noopener\"><img src=\"http:\/\/cordobadirecto.com\/wp-content\/uploads\/2024\/10\/salim-mano-a-mano-los-rumores-de-sumarse-a-la-libertad-avanza-y-como-sigue-la-macro.gif\" loading=\"lazy\"><\/a><\/div>\n<\/div>\n<p>&nbsp;\n<\/p>\n<p>Por Diego Caniglia, especial para Perfil C\u00f3rdoba. <strong>El sector inmobiliario va a ser uno de los motores de la econom\u00eda en Argentina.<\/strong>&nbsp;De hecho, las previsiones hablan de que esta industria va a crecer por cuatro\u201d, sostiene Lucas Salim, CEO de Grupo Proaco. \u00bfQu\u00e9 significa ese nivel de expansi\u00f3n?&nbsp;<strong>Volver a los valores del 2011, en la previa al cepo al d\u00f3lar.<\/strong>&nbsp;\u201cSi en C\u00f3rdoba hay 20 mil obreros inscriptos en Uocra pasaremos a 60 mil. Se est\u00e1 viendo una curva en V, con dos meses, como lo fueron agosto y septiembre, fuertes y octubre que viene muy bien. Se van a sorprender con los datos de ventas\u201d, destaca el empresario.\n<\/p>\n<p>Salim remarca el hecho de volver a los par\u00e1metros del 2011, ya que desde la implementaci\u00f3n del cepo \u201cse destruy\u00f3 el sector inmobiliario, con dos condicionantes muy importantes: por un lado, se construy\u00f3 menos de lo que hac\u00eda falta, y por otro las inversiones se fueron a Uruguay, Estados Unidos y Paraguay\u201d.\n<\/p>\n<p>Convencido de que&nbsp;<strong>el gobierno \u201csali\u00f3 airoso\u201d<\/strong>&nbsp;de la batalla m\u00e1s dura que enfrent\u00f3 (<strong>defender el equilibrio fiscal con una debilidad parlamentaria manifiesta<\/strong>), Salim pondera que Milei \u201credoble la apuesta, m\u00e1s all\u00e1 del reclamo de algunos sectores puntuales\u201d. Con todo, asegura que una vez que la macro se termine de acomodar, \u201chabr\u00e1 que meter mano en la&nbsp;<strong>micro econom\u00eda<\/strong>, porque toda la riqueza que se va a generar se tiene que derramar en la sociedad. Lo peor de la econom\u00eda ya pas\u00f3\u201d.<!-- \u00a1O bien no hay banners, estan desactivados o no estan programados para esta ubicaci\u00f3n! -->\n<\/p>\n<p>La pronunciada&nbsp;<strong>baja de la inflaci\u00f3n y la derogaci\u00f3n de la ley de Alquileres<\/strong>&nbsp;asoman como dos de los factores de peso en el orden de las cuentas macro. \u201cLa inflaci\u00f3n ya dej\u00f3 de ser una preocupaci\u00f3n para los argentinos, que ahora piensan en c\u00f3mo mejorar la actividad econ\u00f3mica y el empleo\u201d, sostiene Salim. A la par, la irrupci\u00f3n de los&nbsp;<strong>cr\u00e9ditos hipotecarios<\/strong>&nbsp;es otra muestra del crecimiento que viene experimentando la econom\u00eda en general y la construcci\u00f3n en particular. \u201cEn los primeros meses de este gobierno, con una inflaci\u00f3n mensual del 20%, era inviable que alguien sacara un cr\u00e9dito pero ahora est\u00e1n fluyendo y los bancos entienden que ya no tienen el tomador que ten\u00edan y se adecuaron. La gente se anim\u00f3\u201d, precisa.<\/p>\n<p>Para el empresario se viene una nueva etapa, en la que el gobierno deber\u00e1 intervenir en temas puntuales que fueron un caballito de batalla en la campa\u00f1a y forman parte del \u201crelato libertario\u201d, como&nbsp;<strong>la obra p\u00fablica<\/strong>.&nbsp;<strong>\u201cEl gobierno no come vidrio y tarde o temprano se va a reestablecer.&nbsp;<\/strong>Despu\u00e9s veremos el formato: si es a la chilena o con participaci\u00f3n de los privados, pero es algo que se implementar\u00e1: hay que invertir en infraestructura y en mantenimiento, es clave\u201d.\n<\/p>\n<p><strong>Subsidios y clase media<\/strong><br \/>\u201cLa quita de subsidios revolucionar\u00e1 el sector inmobiliario el pr\u00f3ximo a\u00f1o y medio\u201d, asegura Salim. Para el CEO, el \u201csinceramiento\u201d de la econom\u00eda terminar\u00e1 acomodando las variables, lo que tendr\u00e1 repercusi\u00f3n directa \u201cen el modo que vive la gente\u201d.&nbsp;<strong>\u201cLa clase media tambi\u00e9n se benefici\u00f3 por los subsidios. En Europa&nbsp;<\/strong>una familia de clase media vive en un departamento, cerca del colegio de los chicos y van al trabajo en un auto, mientras que ac\u00e1 muchos se fueron a vivir a m\u00e1s de 30 kil\u00f3metros de la ciudad\u201d, dispara Salim.\n<\/p>\n<p>El empresario cree que en \u201cel nuevo contexto econ\u00f3mico\u201d, con el precio de las naftas y peajes \u201cen los valores que corresponden\u201d,&nbsp;<strong>mucha gente volver\u00e1 de las zonas sub-urbanas, como Falda del Carmen y la ruta E-53<\/strong>, para reinstalarse en la ciudad.\n<\/p>\n<p><strong>\u00bfCandidato de La Libertad Avanza?<\/strong><br \/>Aunque nadie lo dijo de manera oficial, hace un tiempo que se instal\u00f3 el&nbsp;<strong>rumor<\/strong>&nbsp;de que&nbsp;<strong>Lucas Salim podr\u00eda sumarse a La Libertad Avanza en C\u00f3rdoba<\/strong>. La defensa que el empresario realiza del modelo libertario (particularmente en redes sociales) ilusion\u00f3 a dirigentes de esa fuerza con la posibilidad de incorporar al empresario de cara a las elecciones de medio t\u00e9rmino del a\u00f1o pr\u00f3ximo.\n<\/p>\n<p>Sin embargo, Salim rechaz\u00f3 la posibilidad. \u201cFund\u00e9 mi empresa hace 23 a\u00f1os y hace 14 que la remo invirtiendo en un mercado que se reventaba. Ahora que lleg\u00f3 el momento de capitalizar todo el esfuerzo que realizamos, no s\u00f3lo econ\u00f3mico, lo voy a hacer\u201d, sostuvo. Y a\u00f1adi\u00f3: \u201cHay gente que tiene buena formaci\u00f3n pol\u00edtica y con un Estado cada vez m\u00e1s chiquito yo quiero estar del lado empresarial, apoyando a los mejores cuadros pol\u00edticos m\u00e1s all\u00e1 del partido que sea, porque creo que debe haber una reivindicaci\u00f3n de los pol\u00edticos\u201d.\n<\/p>\n<div class=\"g g-38\">\n<div class=\"g-dyn a-12 c-1\"><a class=\"gofollow\" data-track=\"MTIsMzgsMSw2MA==\" href=\"https:\/\/hospitalprivado.com.ar\/blog\/institucional\/somos-la-primera-institucion-del-interior-del-pais-en-acreditar-joint-commission-international.html\" target=\"_blank\" rel=\"noopener\"><img src=\"http:\/\/cordobadirecto.com\/wp-content\/uploads\/2024\/10\/salim-mano-a-mano-los-rumores-de-sumarse-a-la-libertad-avanza-y-como-sigue-la-macro-1.gif\" loading=\"lazy\"><\/a><\/div>\n<\/div>\n","protected":false},"excerpt":{"rendered":"<p>&nbsp; Por Diego Caniglia, especial para Perfil C\u00f3rdoba. El sector inmobiliario va a ser uno de los motores de la econom\u00eda en Argentina.&nbsp;De hecho, las previsiones hablan de que esta industria va a crecer por cuatro\u201d, sostiene Lucas Salim, CEO de Grupo Proaco. \u00bfQu\u00e9 significa ese nivel de expansi\u00f3n?&nbsp;Volver a los valores del 2011, en [&hellip;]<\/p>\n","protected":false},"author":1,"featured_media":157462,"comment_status":"closed","ping_status":"closed","sticky":false,"template":"","format":"standard","meta":[],"categories":[25],"tags":[],"_links":{"self":[{"href":"http:\/\/cordobadirecto.com\/index.php\/wp-json\/wp\/v2\/posts\/157461"}],"collection":[{"href":"http:\/\/cordobadirecto.com\/index.php\/wp-json\/wp\/v2\/posts"}],"about":[{"href":"http:\/\/cordobadirecto.com\/index.php\/wp-json\/wp\/v2\/types\/post"}],"author":[{"embeddable":true,"href":"http:\/\/cordobadirecto.com\/index.php\/wp-json\/wp\/v2\/users\/1"}],"replies":[{"embeddable":true,"href":"http:\/\/cordobadirecto.com\/index.php\/wp-json\/wp\/v2\/comments?post=157461"}],"version-history":[{"count":0,"href":"http:\/\/cordobadirecto.com\/index.php\/wp-json\/wp\/v2\/posts\/157461\/revisions"}],"wp:featuredmedia":[{"embeddable":true,"href":"http:\/\/cordobadirecto.com\/index.php\/wp-json\/wp\/v2\/media\/157462"}],"wp:attachment":[{"href":"http:\/\/cordobadirecto.com\/index.php\/wp-json\/wp\/v2\/media?parent=157461"}],"wp:term":[{"taxonomy":"category","embeddable":true,"href":"http:\/\/cordobadirecto.com\/index.php\/wp-json\/wp\/v2\/categories?post=157461"},{"taxonomy":"post_tag","embeddable":true,"href":"http:\/\/cordobadirecto.com\/index.php\/wp-json\/wp\/v2\/tags?post=157461"}],"curies":[{"name":"wp","href":"https:\/\/api.w.org\/{rel}","templated":true}]}}