{"id":157464,"date":"2024-10-28T16:36:40","date_gmt":"2024-10-28T16:36:40","guid":{"rendered":"https:\/\/cordoba.gob.ar\/?p=63032"},"modified":"2024-10-28T16:36:40","modified_gmt":"2024-10-28T16:36:40","slug":"passerini-participo-de-los-festejos-por-el-75-aniversario-de-la-federacion-provincial-de-mutualidades-de-cordoba","status":"publish","type":"post","link":"http:\/\/cordobadirecto.com\/index.php\/2024\/10\/28\/passerini-participo-de-los-festejos-por-el-75-aniversario-de-la-federacion-provincial-de-mutualidades-de-cordoba\/","title":{"rendered":"Passerini particip\u00f3 de los festejos por el 75\u00b0 Aniversario de la Federaci\u00f3n Provincial de Mutualidades de C\u00f3rdoba"},"content":{"rendered":"<div><img src=\"http:\/\/cordobadirecto.com\/wp-content\/uploads\/2024\/10\/passerini-participo-de-los-festejos-por-el-75-aniversario-de-la-federacion-provincial-de-mutualidades-de-cordoba.jpg\" class=\"ff-og-image-inserted\"><\/div>\n<ul>\n<li><strong>La actividad se llev\u00f3 a cabo en el Hotel Quorum.<\/strong><\/li>\n<li><strong>Se celebr\u00f3 la trayectoria y vigencia a nivel provincial, nacional e internacional del mutualismo organizado de C\u00f3rdoba.<\/strong><\/li>\n<\/ul>\n<hr>\n<p>El intendente Daniel Passerini fue parte de los festejos por los 75 a\u00f1os de la Federaci\u00f3n Provincial de Mutualidades de C\u00f3rdoba, que se llevaron a cabo en el hotel Quorum de la ciudad de C\u00f3rdoba.<\/p>\n<p>En la oportunidad se celebr\u00f3 el sostenimiento, la expansi\u00f3n del movimiento mutual cordob\u00e9s y su protagonismo en el sector a nivel pa\u00eds.<\/p>\n<p>En ese marco, el mandatario resalto: \u201cQuiero agradecerles, felicitar a todas las autoridades nacionales, provinciales, fundamentalmente a nuestros anfitriones de FEMUCOR, por este aniversario. Si algo ha construido esta instituci\u00f3n a lo largo de los a\u00f1os y yo lo quiero reconocer y celebrar es el honor y la confianza\u201d<\/p>\n<p>Y a\u00f1adi\u00f3: \u201cLas mutuales trabajan para construir comunidad, para construir familia, pero sobre todo siempre pensando en las personas. El mutualismo tiene valores que hoy, lamentablemente, cierto discurso hegem\u00f3nico quiere dejar de lado y que nosotros tenemos que poner arriba de la mesa, que es el valor de la solidaridad\u00bb.<\/p>\n<p>El intendente estuvo acompa\u00f1ado del presidente de la Federaci\u00f3n, Alejandro Russo. De parte del municipio estuvo presente el secretario de Administraci\u00f3n P\u00fablica y Capital Humano, Sergio Lorenzzati; los legisladores Miguel Siciliano y Mat\u00edas Chamorro; y otros funcionarios provinciales.<\/p>\n<p>FEMUCOR es una entidad mutualista de segundo grado, representativa de la econom\u00eda solidaria, de C\u00f3rdoba y de todo el pa\u00eds. En este momento, representa a 240 entidades mutuales afiliadas.<\/p>\n<p>Su finalidad principal es la de agrupar a todas las asociaciones de la provincia en defensa de sus intereses comunes.<\/p>\n<p>Desde el a\u00f1o 1949 viene integrando a la mutualidad de la provincia de C\u00f3rdoba con su amplia gama de servicios, entre los que se destacan atenci\u00f3n en salud, emergencias m\u00e9dicas, farmacias, consumo, educaci\u00f3n, promoci\u00f3n educativa-deportiva- cultural y turismo.<\/p>\n<p>Adem\u00e1s, brinda ayuda econ\u00f3mica, vivienda, subsidios, servicios f\u00fanebres, panteones, jardines maternales, guarder\u00edas infantiles, biblioteca, entre otros rubros que hacen a la vida cotidiana de m\u00e1s de miles de cordobeses.<\/p>\n<p>Nutrida por el aporte de mutuales arraigadas hace d\u00e9cadas en ciudades y peque\u00f1as localidades de nuestra provincia, asiste y capacita en cuestiones legales, administrativas y financieras.<\/p>\n<p>FEMUCOR integra a nivel nacional la Confederaci\u00f3n Argentina de Mutualidades, en Latinoam\u00e9rica forma parte de la Alianza del Mutualismo de Am\u00e9rica y de la Confederaci\u00f3n Latinoamericana de Cooperativas y Mutuales de Trabajadores.<\/p>\n<p>Adem\u00e1s, y a trav\u00e9s de la Confederaci\u00f3n Argentina de Mutualidades, es parte de la Asociaci\u00f3n Internacional de la Mutualidad con sede en Bruselas, B\u00e9lgica.<\/p>\n","protected":false},"excerpt":{"rendered":"<p>La actividad se llev\u00f3 a cabo en el Hotel Quorum. Se celebr\u00f3 la trayectoria y vigencia a nivel provincial, nacional e internacional del mutualismo organizado de C\u00f3rdoba. El intendente Daniel Passerini fue parte de los festejos por los 75 a\u00f1os de la Federaci\u00f3n Provincial de Mutualidades de C\u00f3rdoba, que se llevaron a cabo en el [&hellip;]<\/p>\n","protected":false},"author":1,"featured_media":157465,"comment_status":"closed","ping_status":"closed","sticky":false,"template":"","format":"standard","meta":[],"categories":[44],"tags":[],"_links":{"self":[{"href":"http:\/\/cordobadirecto.com\/index.php\/wp-json\/wp\/v2\/posts\/157464"}],"collection":[{"href":"http:\/\/cordobadirecto.com\/index.php\/wp-json\/wp\/v2\/posts"}],"about":[{"href":"http:\/\/cordobadirecto.com\/index.php\/wp-json\/wp\/v2\/types\/post"}],"author":[{"embeddable":true,"href":"http:\/\/cordobadirecto.com\/index.php\/wp-json\/wp\/v2\/users\/1"}],"replies":[{"embeddable":true,"href":"http:\/\/cordobadirecto.com\/index.php\/wp-json\/wp\/v2\/comments?post=157464"}],"version-history":[{"count":0,"href":"http:\/\/cordobadirecto.com\/index.php\/wp-json\/wp\/v2\/posts\/157464\/revisions"}],"wp:featuredmedia":[{"embeddable":true,"href":"http:\/\/cordobadirecto.com\/index.php\/wp-json\/wp\/v2\/media\/157465"}],"wp:attachment":[{"href":"http:\/\/cordobadirecto.com\/index.php\/wp-json\/wp\/v2\/media?parent=157464"}],"wp:term":[{"taxonomy":"category","embeddable":true,"href":"http:\/\/cordobadirecto.com\/index.php\/wp-json\/wp\/v2\/categories?post=157464"},{"taxonomy":"post_tag","embeddable":true,"href":"http:\/\/cordobadirecto.com\/index.php\/wp-json\/wp\/v2\/tags?post=157464"}],"curies":[{"name":"wp","href":"https:\/\/api.w.org\/{rel}","templated":true}]}}