{"id":157482,"date":"2024-10-28T19:50:48","date_gmt":"2024-10-28T19:50:48","guid":{"rendered":"https:\/\/www.ole.com.ar\/autos\/oscar-piastri-reconocio-dura-defensa-franco-colapinto-gp-mexico-formula1_0_dKlUtSZyU9.html"},"modified":"2024-10-28T19:50:48","modified_gmt":"2024-10-28T19:50:48","slug":"oscar-piastri-reconocio-la-dura-defensa-de-franco-colapinto-en-el-gp-de-mexico-de-la-formula-1","status":"publish","type":"post","link":"http:\/\/cordobadirecto.com\/index.php\/2024\/10\/28\/oscar-piastri-reconocio-la-dura-defensa-de-franco-colapinto-en-el-gp-de-mexico-de-la-formula-1\/","title":{"rendered":"Oscar Piastri reconoci\u00f3 la &#8220;dura defensa&#8221; de Franco Colapinto en el GP de M\u00e9xico de la F\u00f3rmula 1"},"content":{"rendered":"<p><time class=\"createDate\" datetime=\"2024-10-28T16:50:48-03:00\">28\/10\/2024 16:50hs.<\/time><\/p>\n<div id=\"storyBody\">\n<div class=\"custom-text \" readability=\"31.299363057325\">\n<p>Pas\u00f3 otro fin de semana de <strong>F\u00f3rmula 1<\/strong>, esta vez en M\u00e9xico, donde <strong><a href=\"https:\/\/www.ole.com.ar\/tema\/QaQlAyRvdV.html\" title=\"Franco Colapinto cerr\u00f3 una buena carrera a pesar de no poder sumar puntos\" alt=\"Franco Colapinto cerr\u00f3 una buena carrera a pesar de no poder sumar puntos\">Franco Colapinto cerr\u00f3 una buena carrera a pesar de no haber podido sumar puntos<\/a><\/strong> y <strong><a href=\"https:\/\/www.ole.com.ar\/tema\/SOMuG1Hdqh.html\" title=\"sufrir una sanci\u00f3n por parte de la FIA\" alt=\"sufrir una sanci\u00f3n por parte de la FIA\">sufrir una sanci\u00f3n por parte de la FIA<\/a><\/strong>. El argentino, que larg\u00f3 desde el 16\u00b0 puesto, tuvo que lidiar con un piloto top desde el arranque en el Hermanos Rodr\u00edguez: <strong>Oscar Piastri, quien sali\u00f3 desde la 18\u00aa posici\u00f3n con su McLaren<\/strong>, por detr\u00e1s del de Williams, y que m\u00e1s tarde habl\u00f3 lo complicado que fue superarlo.<\/p>\n<\/div>\n<div class=\"custom-text \" readability=\"39\">\n<p>&#8220;Honestamente, <strong>en el primer stint, (Colapinto) no era nada lento<\/strong>. Creo que despu\u00e9s de que yo entrara en boxes, <strong>\u00e9l tuvo un gran susto y luego se defendi\u00f3 muy duro<\/strong>, lo que creo que nos cost\u00f3 mucho tiempo a los dos&#8221;, declar\u00f3 a los medios.<\/p>\n<\/div>\n<div class=\"custom-text \" readability=\"38\">\n<p>Luego, Piastri agreg\u00f3: &#8220;<strong>\u00c9l puede hacer lo que quiera, no tiene que hacerme la vida f\u00e1cil<\/strong>. Fue s\u00f3lo un poco m\u00e1s dif\u00edcil de lo que esperaba para pasar, pero una vez que tuvimos un poco de aire limpio, el ritmo fue bueno&#8221;.<\/p>\n<\/div>\n<div class=\"sc-e7b891c4-0 ifHnQL image-embed\"><img alt=\"Piastri larg\u00f3 desde atr\u00e1s en M\u00e9xico y tuvo dificultades para superar a Colapinto. (EFE)\" loading=\"lazy\" width=\"720\" height=\"100\" decoding=\"async\" data-nimg=\"1\" src=\"http:\/\/cordobadirecto.com\/wp-content\/uploads\/2024\/10\/oscar-piastri-reconocio-la-dura-defensa-de-franco-colapinto-en-el-gp-de-mexico-de-la-formula-1.jpg\"><span class=\"epigraphe\">Piastri larg\u00f3 desde atr\u00e1s en M\u00e9xico y tuvo dificultades para superar a Colapinto. (EFE)<\/span><\/div>\n<div class=\"custom-text \" readability=\"37.86295503212\">\n<p>A pesar de su talento al volante y de la calidad de su auto, al australiano le cost\u00f3 avanzar en el tr\u00e1fico, y <strong>uno de los obst\u00e1culos m\u00e1s duros fue Colapinto<\/strong>, quien se mostr\u00f3 defensivo, firme y combativo (principalmente en las primeras 20 vueltas). Si bien en la vuelta 21 finalmente lo logr\u00f3 superar <strong><a href=\"https:\/\/www.ole.com.ar\/tema\/WSCbH3LlpO.html\" title=\"(tres giros despu\u00e9s de tocarlo en una curva)\" alt=\"(tres giros despu\u00e9s de tocarlo en una curva)\">(tres despu\u00e9s de haberlo tocado en una curva)<\/a><\/strong>, el piloto de McLaren volvi\u00f3 a enfrentarlo m\u00e1s adelante, a la altura del giro 40, despu\u00e9s de su ingreso a boxes.<\/p>\n<\/div>\n<div class=\"custom-text \" readability=\"42\">\n<p>Fue de esa manera que Piastri, acostumbrado a pelear por los primeros puestos (est\u00e1 4\u00b0 en el Campeonato de Pilotos, con 251 puntos, 2 triunfos -Hungr\u00eda y Azerbaiy\u00e1n- y 7 podios), se present\u00f3 ante un desaf\u00edo inesperado tras un mal resultado en la Q1, que lo deposit\u00f3 entre los corredores que partieron desde el fondo. No obstante, el joven de 23 a\u00f1os <strong>logr\u00f3 avanzar hasta el top 10 y finaliz\u00f3 en la 8\u00aa ubicaci\u00f3n<\/strong>, logrando sumar 4 puntos.<\/p>\n<\/div>\n<div class=\"sc-e7b891c4-0 ifHnQL image-embed\"><img alt=\"Colapinto: defensivo, firme y combativo en el GP de M\u00e9xico.\" loading=\"lazy\" width=\"720\" height=\"100\" decoding=\"async\" data-nimg=\"1\" src=\"http:\/\/cordobadirecto.com\/wp-content\/uploads\/2024\/10\/oscar-piastri-reconocio-la-dura-defensa-de-franco-colapinto-en-el-gp-de-mexico-de-la-formula-1-1.jpg\"><span class=\"epigraphe\">Colapinto: defensivo, firme y combativo en el GP de M\u00e9xico.<\/span><\/div>\n<p><h2><strong>As\u00ed se defendi\u00f3 Colapinto del ataque de Piastri<\/strong><\/h2>\n<\/p>\n<div type=\"embed\" class=\"sc-3f46f5ae-0 djVTgz\">\n<div class=\"sc-3f46f5ae-1 fTjZec videoText\" id=\"contentTitleembedCtvXnGQv\" type=\"embed\"><svg fill=\"#ffffff\"><symbol id=\"play\" viewBox=\"0 0 512 512\"><path d=\"M512 256C512 397.4 397.4 512 256 512C114.6 512 0 397.4 0 256C0 114.6 114.6 0 256 0C397.4 0 512 114.6 512 256zM176 168V344C176 352.7 180.7 360.7 188.3 364.9C195.8 369.2 205.1 369 212.5 364.5L356.5 276.5C363.6 272.1 368 264.4 368 256C368 247.6 363.6 239.9 356.5 235.5L212.5 147.5C205.1 142.1 195.8 142.8 188.3 147.1C180.7 151.3 176 159.3 176 168V168z\" \/><\/symbol><use xlink:href=\"#play\" \/><\/svg><\/p>\n<div class=\"right\">\n<p>Franco Colapinto<!-- --> &#8211;<!-- --> <span>&nbsp;<\/span><\/p>\n<h2 class=\"title-vid\">As\u00ed se defendi\u00f3 Colapinto del ataque de Piastri<\/h2>\n<\/div>\n<\/div>\n<p><span class=\"back\" id=\"spanBackembedCtvXnGQv\"><\/span><\/div>\n<p><h2><strong>Cu\u00e1ndo es la pr\u00f3xima carrera de Franco Colapinto en la F\u00f3rmula 1<\/strong><\/h2>\n<\/p>\n<div class=\"custom-text \" readability=\"36\">\n<p><strong>Brasil ser\u00e1 el escenario el pr\u00f3ximo escenario para el argentino<\/strong>, en una fecha que habr\u00e1 sprint. La actividad comenzar\u00e1 el viernes a las 11.30 con las pr\u00e1cticas libres 1 y seguir\u00e1 a las 15.30 con la clasificaci\u00f3n para la sprint. El s\u00e1bado a las 11 se correr\u00e1 la sprint y cuatro horas despu\u00e9s saldr\u00e1n nuevamente todos los pilotos a la pista para la clasificaci\u00f3n. <\/p>\n<\/div>\n<div class=\"sc-e7b891c4-0 ifHnQL image-embed\"><img alt=\"Brasil, el pr\u00f3ximo desaf\u00edo para Colapinto en la F1. (AP)\" loading=\"lazy\" width=\"720\" height=\"100\" decoding=\"async\" data-nimg=\"1\" src=\"http:\/\/cordobadirecto.com\/wp-content\/uploads\/2024\/10\/oscar-piastri-reconocio-la-dura-defensa-de-franco-colapinto-en-el-gp-de-mexico-de-la-formula-1-2.jpg\"><span class=\"epigraphe\">Brasil, el pr\u00f3ximo desaf\u00edo para Colapinto en la F1. (AP)<\/span><\/div>\n<div class=\"custom-text \" readability=\"34\">\n<p>Por \u00faltimo, <strong>la carrera principal ser\u00e1 el domingo 3 de noviembre a las 14<\/strong>. Toda la acci\u00f3n se podr\u00e1 ver en vivo y en directo por<strong> Fox Sports<\/strong> y <strong>Disney+ Premium<\/strong>.<\/p>\n<\/div>\n<div class=\"sc-a7166897-0 eoLsBE\" readability=\"6.5\">\n<section readability=\"3\"><picture><img alt=\"El sincericidio de Liam Lawson sobre el toque que le cost\u00f3 una sanci\u00f3n a Franco Colapinto\" loading=\"lazy\" width=\"290\" height=\"290\" decoding=\"async\" data-nimg=\"1\" src=\"http:\/\/cordobadirecto.com\/wp-content\/uploads\/2024\/10\/oscar-piastri-reconocio-la-dura-defensa-de-franco-colapinto-en-el-gp-de-mexico-de-la-formula-1-3.jpg\"><\/picture>\n<p><span>Mir\u00e1 tambi\u00e9n<\/span><\/p>\n<hr>\n<h3>El sincericidio de Liam Lawson sobre el toque que le cost\u00f3 una sanci\u00f3n a Franco Colapinto<\/h3>\n<\/p>\n<\/section>\n<\/div>\n<div class=\"sc-a7166897-0 eoLsBE\" readability=\"6\">\n<section readability=\"2\"><picture><img alt=\"\u00a1Sancionaron a Franco Colapinto luego del GP de M\u00e9xico!\" loading=\"lazy\" width=\"290\" height=\"290\" decoding=\"async\" data-nimg=\"1\" src=\"http:\/\/cordobadirecto.com\/wp-content\/uploads\/2024\/10\/oscar-piastri-reconocio-la-dura-defensa-de-franco-colapinto-en-el-gp-de-mexico-de-la-formula-1-4.jpg\"><\/picture>\n<p><span>Mir\u00e1 tambi\u00e9n<\/span><\/p>\n<hr>\n<h3>\u00a1Sancionaron a Franco Colapinto luego del GP de M\u00e9xico!<\/h3>\n<\/p>\n<\/section>\n<\/div>\n<div class=\"sc-a7166897-0 eoLsBE\" readability=\"6.5\">\n<section readability=\"3\"><picture><img alt=\"La enf\u00e1tica reacci\u00f3n de Franco Colapinto luego de la sanci\u00f3n recibida en el GP de M\u00e9xico\" loading=\"lazy\" width=\"290\" height=\"290\" decoding=\"async\" data-nimg=\"1\" src=\"http:\/\/cordobadirecto.com\/wp-content\/uploads\/2024\/10\/oscar-piastri-reconocio-la-dura-defensa-de-franco-colapinto-en-el-gp-de-mexico-de-la-formula-1-5.jpg\"><\/picture>\n<p><span>Mir\u00e1 tambi\u00e9n<\/span><\/p>\n<hr>\n<h3>La enf\u00e1tica reacci\u00f3n de Franco Colapinto luego de la sanci\u00f3n recibida en el GP de M\u00e9xico<\/h3>\n<\/p>\n<\/section>\n<\/div>\n<div class=\"sc-a7166897-0 eoLsBE\" readability=\"7\">\n<section readability=\"4\"><picture><img alt=\"Colapinto, otra vez entre los m\u00e1s elegidos de la votaci\u00f3n para el mejor piloto del d\u00eda\" loading=\"lazy\" width=\"290\" height=\"290\" decoding=\"async\" data-nimg=\"1\" src=\"http:\/\/cordobadirecto.com\/wp-content\/uploads\/2024\/10\/oscar-piastri-reconocio-la-dura-defensa-de-franco-colapinto-en-el-gp-de-mexico-de-la-formula-1-6.jpg\"><\/picture>\n<p><span>Mir\u00e1 tambi\u00e9n<\/span><\/p>\n<hr>\n<h3>Colapinto, otra vez entre los m\u00e1s elegidos de la votaci\u00f3n para el mejor piloto del d\u00eda<\/h3>\n<\/p>\n<\/section>\n<\/div>\n<\/div>\n","protected":false},"excerpt":{"rendered":"<p>28\/10\/2024 16:50hs. Pas\u00f3 otro fin de semana de F\u00f3rmula 1, esta vez en M\u00e9xico, donde Franco Colapinto cerr\u00f3 una buena carrera a pesar de no haber podido sumar puntos y sufrir una sanci\u00f3n por parte de la FIA. El argentino, que larg\u00f3 desde el 16\u00b0 puesto, tuvo que lidiar con un piloto top desde el [&hellip;]<\/p>\n","protected":false},"author":1,"featured_media":157483,"comment_status":"closed","ping_status":"closed","sticky":false,"template":"","format":"standard","meta":[],"categories":[21],"tags":[],"_links":{"self":[{"href":"http:\/\/cordobadirecto.com\/index.php\/wp-json\/wp\/v2\/posts\/157482"}],"collection":[{"href":"http:\/\/cordobadirecto.com\/index.php\/wp-json\/wp\/v2\/posts"}],"about":[{"href":"http:\/\/cordobadirecto.com\/index.php\/wp-json\/wp\/v2\/types\/post"}],"author":[{"embeddable":true,"href":"http:\/\/cordobadirecto.com\/index.php\/wp-json\/wp\/v2\/users\/1"}],"replies":[{"embeddable":true,"href":"http:\/\/cordobadirecto.com\/index.php\/wp-json\/wp\/v2\/comments?post=157482"}],"version-history":[{"count":0,"href":"http:\/\/cordobadirecto.com\/index.php\/wp-json\/wp\/v2\/posts\/157482\/revisions"}],"wp:featuredmedia":[{"embeddable":true,"href":"http:\/\/cordobadirecto.com\/index.php\/wp-json\/wp\/v2\/media\/157483"}],"wp:attachment":[{"href":"http:\/\/cordobadirecto.com\/index.php\/wp-json\/wp\/v2\/media?parent=157482"}],"wp:term":[{"taxonomy":"category","embeddable":true,"href":"http:\/\/cordobadirecto.com\/index.php\/wp-json\/wp\/v2\/categories?post=157482"},{"taxonomy":"post_tag","embeddable":true,"href":"http:\/\/cordobadirecto.com\/index.php\/wp-json\/wp\/v2\/tags?post=157482"}],"curies":[{"name":"wp","href":"https:\/\/api.w.org\/{rel}","templated":true}]}}