{"id":157522,"date":"2024-10-28T21:07:37","date_gmt":"2024-10-28T21:07:37","guid":{"rendered":"https:\/\/www.ole.com.ar\/autos\/73-anos-primer-titulo-fangio-formula1-legado-argentino-continua-colapinto_0_mGVAzegDhn.html"},"modified":"2024-10-28T21:07:37","modified_gmt":"2024-10-28T21:07:37","slug":"a-73-anos-del-primer-titulo-de-fangio-en-la-formula-1-el-legado-argentino-que-hoy-continua-colapinto","status":"publish","type":"post","link":"http:\/\/cordobadirecto.com\/index.php\/2024\/10\/28\/a-73-anos-del-primer-titulo-de-fangio-en-la-formula-1-el-legado-argentino-que-hoy-continua-colapinto\/","title":{"rendered":"A 73 a\u00f1os del primer t\u00edtulo de Fangio en la F\u00f3rmula 1: el legado argentino que hoy contin\u00faa Colapinto"},"content":{"rendered":"<p><time class=\"createDate\" datetime=\"2024-10-28T18:07:37-03:00\">28\/10\/2024 18:07hs.<\/time><\/p>\n<div id=\"storyBody\">\n<div class=\"custom-text \" readability=\"40\">\n<p>Hace exactamente 73 a\u00f1os, el 28 de octubre de 1951, <strong>Juan Manuel Fangio<\/strong> <strong>consigui\u00f3 su primer t\u00edtulo en la F\u00f3rmula 1<\/strong>, alcanzando la c\u00faspide del automovilismo a nivel mundial. En un campeonato que combinaba la potencia de los autos de la \u00e9poca con el talento de los pioneros, el Chueco coron\u00f3 un viaje extraordinario: desde los polvorientos caminos de Balcarce hasta los circuitos m\u00e1s prestigiosos del mundo, convirti\u00e9ndose en leyenda.<\/p>\n<\/div>\n<div class=\"custom-text \" readability=\"40\">\n<p>El Maestro debut\u00f3 en la M\u00e1xima en 1950 (cuando se cre\u00f3 oficialmente la categor\u00eda, aunque antes ya se corr\u00edan algunas carreras), a los 39 a\u00f1os, despu\u00e9s de brillar en Sudam\u00e9rica en competencias como el Turismo Carretera en su pa\u00eds natal o en los Grandes Premios que se sol\u00edan disputar en Brasil. Su talento lo llev\u00f3 a Europa (con apoyo del ACA), donde <strong>Alfa Romeo<\/strong> <strong>no tard\u00f3 en poner los ojos en \u00e9l, y fue precisamente aquella escuder\u00eda en la que lograr\u00eda su primera corona<\/strong>.<\/p>\n<\/div>\n<div class=\"custom-text \" readability=\"39\">\n<p>Y fue un a\u00f1o despu\u00e9s de su llegada al equipo italiano (en su primera campa\u00f1a sali\u00f3 subcampe\u00f3n) donde Fangio se enfrent\u00f3 a nombres hist\u00f3ricos como los italianos <strong>Giuseppe Farina<\/strong> (su compa\u00f1ero en Alfa Romero) y <strong>Alberto Ascari <\/strong>(Ferrari), as\u00ed como a su compatriota <strong>Jos\u00e9 Froil\u00e1n Gonz\u00e1lez<\/strong> (Ferrari). Pese a las dificultades que supon\u00edan estos grandes pilotos de la \u00e9poca, su estilo de manejo e instinto lo hicieron triunfar en tres de las ocho pistas en las que se corri\u00f3 ese a\u00f1o por los puntos: <strong>Bremgarten <\/strong>(Suiza), <strong>Reims <\/strong>(Francia) y el circuito callejero de Pedralbes en <strong>Barcelona, donde finalmente asegur\u00f3 el t\u00edtulo con un total de 31 puntos<\/strong>.<\/p>\n<\/div>\n<div class=\"sc-e7b891c4-0 ifHnQL image-embed\"><img alt=\"Fangio, con el Alfa Romeo 159, gan\u00f3 su primer Campeonato Mundial de la F\u00f3rmula 1 en 1951. (@F1)\" loading=\"lazy\" width=\"720\" height=\"100\" decoding=\"async\" data-nimg=\"1\" src=\"http:\/\/cordobadirecto.com\/wp-content\/uploads\/2024\/10\/a-73-anos-del-primer-titulo-de-fangio-en-la-formula-1-el-legado-argentino-que-hoy-continua-colapinto.jpg\"><span class=\"epigraphe\">Fangio, con el Alfa Romeo 159, gan\u00f3 su primer Campeonato Mundial de la F\u00f3rmula 1 en 1951. (@F1)<\/span><\/div>\n<div class=\"custom-text \" readability=\"46\">\n<p>As\u00ed, con la \u00faltima victoria en el Gran Premio de Espa\u00f1a, el argentino entr\u00f3 al sal\u00f3n de los grandes y festej\u00f3 su primer t\u00edtulo en la categor\u00eda. Luego, su legado se convirti\u00f3 en algo todav\u00eda m\u00e1s hist\u00f3rico, porque cerr\u00f3 su carrera con un total de <strong>cinco campeonatos de la F1 en su palmar\u00e9s (1954 y 1955 con Mercedes, 1956 con Ferrari y 1957 con Maserati, los otros cuatro). <\/strong>Con el paso de los a\u00f1os, su r\u00e9cord de coronaciones ser\u00eda superado por otras dos leyendas: <strong>Michael Schumacher y Lewis Hamilton, ambos con siete<\/strong>. Asimismo, el oriundo de Balcarce se sigue posicionando como el tercer m\u00e1ximo ganador de la M\u00e1xima, por delante del Alain Prost y Sebastian Vettel, quienes cuentan con cuatro cada uno.<\/p>\n<\/div>\n<div class=\"sc-e7b891c4-0 ifHnQL image-embed\"><img alt=\"Fangio, uno de los mejores pilotos de todos los tiempos en la F\u00f3rmula 1.\" loading=\"lazy\" width=\"720\" height=\"100\" decoding=\"async\" data-nimg=\"1\" src=\"http:\/\/cordobadirecto.com\/wp-content\/uploads\/2024\/10\/a-73-anos-del-primer-titulo-de-fangio-en-la-formula-1-el-legado-argentino-que-hoy-continua-colapinto-1.jpg\"><span class=\"epigraphe\">Fangio, uno de los mejores pilotos de todos los tiempos en la F\u00f3rmula 1.<\/span><\/div>\n<div class=\"custom-text \" readability=\"41\">\n<p>Y en memoria de este acontecimiento, la categor\u00eda reina del deporte automotor no estuvo exenta de recordar al hist\u00f3rico piloto albiceleste en este nuevo aniversario. En su Instagram oficial, la F1 public\u00f3 un posteo con im\u00e1genes in\u00e9ditas de aquella temporada, acompa\u00f1adas con el siguiente mensaje: <strong>&#8220;\u00a1Chueco, leyenda! Un d\u00eda como hoy, en 1951, Juan Manuel Fangio ganaba el primero de sus cinco t\u00edtulos de F1&#8221;<\/strong>. El mejor piloto argentino de la historia muri\u00f3 en el 95 a los 84 a\u00f1os.<\/p>\n<\/div>\n<div class=\"sc-e7b891c4-0 ifHnQL image-embed\"><img alt=\"Ayrton Senna y Juan Manuel Fangio\" loading=\"lazy\" width=\"720\" height=\"100\" decoding=\"async\" data-nimg=\"1\" src=\"http:\/\/cordobadirecto.com\/wp-content\/uploads\/2024\/10\/a-73-anos-del-primer-titulo-de-fangio-en-la-formula-1-el-legado-argentino-que-hoy-continua-colapinto-2.jpg\"><span class=\"epigraphe\">Ayrton Senna y Juan Manuel Fangio<\/span><\/div>\n<div class=\"custom-text \" readability=\"38.006085192698\">\n<p>Hoy, <strong>siete d\u00e9cadas despu\u00e9s<\/strong>, Argentina vuelve a ilusionarse con un nombre en la F\u00f3rmula 1: <strong>Franco Colapinto<\/strong>. Con apenas 21 a\u00f1os, el joven de Pilar se est\u00e1 ganando el respeto en el paddock y representa la esperanza de los fan\u00e1ticos albicelestes de ver la bandera otra vez en lo m\u00e1s alto. Este fin de semana, <strong><a href=\"https:\/\/www.ole.com.ar\/tema\/QaQlAyRvdV.html\" title=\"tras una carrera dif\u00edcil en M\u00e9xico\" alt=\"tras una carrera dif\u00edcil en M\u00e9xico\">tras una carrera dif\u00edcil en M\u00e9xico<\/a><\/strong>, el piloto de Williams sigue demostrando que no est\u00e1 solo para cumplir, si no que realmente puede ganarse un asiento para los pr\u00f3ximos a\u00f1os. <\/p>\n<\/div>\n<p><h2><strong>Cu\u00e1ndo es la pr\u00f3xima carrera de Franco Colapinto en la F\u00f3rmula 1<\/strong><\/h2>\n<\/p>\n<div class=\"custom-text \" readability=\"36\">\n<p><strong>Brasil ser\u00e1 el escenario el pr\u00f3ximo escenario para el argentino<\/strong>, en una fecha que<strong> habr\u00e1 sprint<\/strong>. La actividad comenzar\u00e1 el viernes a las 11.30 con las pr\u00e1cticas libres 1 y seguir\u00e1 a las 15.30 con la clasificaci\u00f3n para la sprint. El s\u00e1bado a las 11 se correr\u00e1 la sprint y cuatro horas despu\u00e9s saldr\u00e1n nuevamente todos los pilotos a la pista para la clasificaci\u00f3n.<\/p>\n<\/div>\n<div class=\"sc-e7b891c4-0 ifHnQL image-embed\"><img alt=\"Brasil, el escenario para la pr\u00f3xima carrera de Colapinto en la F\u00f3rmula 1. (AP)\" loading=\"lazy\" width=\"720\" height=\"100\" decoding=\"async\" data-nimg=\"1\" src=\"http:\/\/cordobadirecto.com\/wp-content\/uploads\/2024\/10\/a-73-anos-del-primer-titulo-de-fangio-en-la-formula-1-el-legado-argentino-que-hoy-continua-colapinto-3.jpg\"><span class=\"epigraphe\">Brasil, el escenario para la pr\u00f3xima carrera de Colapinto en la F\u00f3rmula 1. (AP)<\/span><\/div>\n<div class=\"custom-text \" readability=\"34\">\n<p>Por \u00faltimo, <strong>la carrera principal ser\u00e1 el domingo 3 de noviembre a las 14<\/strong>. Toda la acci\u00f3n se podr\u00e1 ver en vivo y en directo por <strong>Fox Sports <\/strong>y<strong> Disney+ Premium<\/strong>.<\/p>\n<\/div>\n<div class=\"sc-a7166897-0 eoLsBE\" readability=\"6.5\">\n<section readability=\"3\"><picture><img alt=\"Oscar Piastri reconoci\u00f3 la &quot;dura defensa&quot; de Franco Colapinto en el GP de M\u00e9xico de la F\u00f3rmula 1\" loading=\"lazy\" width=\"290\" height=\"290\" decoding=\"async\" data-nimg=\"1\" src=\"http:\/\/cordobadirecto.com\/wp-content\/uploads\/2024\/10\/a-73-anos-del-primer-titulo-de-fangio-en-la-formula-1-el-legado-argentino-que-hoy-continua-colapinto-4.jpg\"><\/picture>\n<p><span>Mir\u00e1 tambi\u00e9n<\/span><\/p>\n<hr>\n<h3>Oscar Piastri reconoci\u00f3 la &#8220;dura defensa&#8221; de Franco Colapinto en el GP de M\u00e9xico de la F\u00f3rmula 1<\/h3>\n<\/p>\n<\/section>\n<\/div>\n<div class=\"sc-a7166897-0 eoLsBE\" readability=\"6.5\">\n<section readability=\"3\"><picture><img alt=\"El sincericidio de Liam Lawson sobre el toque que le cost\u00f3 una sanci\u00f3n a Franco Colapinto\" loading=\"lazy\" width=\"290\" height=\"290\" decoding=\"async\" data-nimg=\"1\" src=\"http:\/\/cordobadirecto.com\/wp-content\/uploads\/2024\/10\/a-73-anos-del-primer-titulo-de-fangio-en-la-formula-1-el-legado-argentino-que-hoy-continua-colapinto-5.jpg\"><\/picture>\n<p><span>Mir\u00e1 tambi\u00e9n<\/span><\/p>\n<hr>\n<h3>El sincericidio de Liam Lawson sobre el toque que le cost\u00f3 una sanci\u00f3n a Franco Colapinto<\/h3>\n<\/p>\n<\/section>\n<\/div>\n<div class=\"sc-a7166897-0 eoLsBE\" readability=\"6\">\n<section readability=\"2\"><picture><img alt=\"\u00a1Sancionaron a Franco Colapinto luego del GP de M\u00e9xico!\" loading=\"lazy\" width=\"290\" height=\"290\" decoding=\"async\" data-nimg=\"1\" src=\"http:\/\/cordobadirecto.com\/wp-content\/uploads\/2024\/10\/a-73-anos-del-primer-titulo-de-fangio-en-la-formula-1-el-legado-argentino-que-hoy-continua-colapinto-6.jpg\"><\/picture>\n<p><span>Mir\u00e1 tambi\u00e9n<\/span><\/p>\n<hr>\n<h3>\u00a1Sancionaron a Franco Colapinto luego del GP de M\u00e9xico!<\/h3>\n<\/p>\n<\/section>\n<\/div>\n<div class=\"sc-a7166897-0 eoLsBE\" readability=\"6.5\">\n<section readability=\"3\"><picture><img alt=\"La enf\u00e1tica reacci\u00f3n de Franco Colapinto luego de la sanci\u00f3n recibida en el GP de M\u00e9xico\" loading=\"lazy\" width=\"290\" height=\"290\" decoding=\"async\" data-nimg=\"1\" src=\"http:\/\/cordobadirecto.com\/wp-content\/uploads\/2024\/10\/a-73-anos-del-primer-titulo-de-fangio-en-la-formula-1-el-legado-argentino-que-hoy-continua-colapinto-7.jpg\"><\/picture>\n<p><span>Mir\u00e1 tambi\u00e9n<\/span><\/p>\n<hr>\n<h3>La enf\u00e1tica reacci\u00f3n de Franco Colapinto luego de la sanci\u00f3n recibida en el GP de M\u00e9xico<\/h3>\n<\/p>\n<\/section>\n<\/div>\n<\/div>\n","protected":false},"excerpt":{"rendered":"<p>28\/10\/2024 18:07hs. Hace exactamente 73 a\u00f1os, el 28 de octubre de 1951, Juan Manuel Fangio consigui\u00f3 su primer t\u00edtulo en la F\u00f3rmula 1, alcanzando la c\u00faspide del automovilismo a nivel mundial. En un campeonato que combinaba la potencia de los autos de la \u00e9poca con el talento de los pioneros, el Chueco coron\u00f3 un viaje [&hellip;]<\/p>\n","protected":false},"author":1,"featured_media":157523,"comment_status":"closed","ping_status":"closed","sticky":false,"template":"","format":"standard","meta":[],"categories":[21],"tags":[],"_links":{"self":[{"href":"http:\/\/cordobadirecto.com\/index.php\/wp-json\/wp\/v2\/posts\/157522"}],"collection":[{"href":"http:\/\/cordobadirecto.com\/index.php\/wp-json\/wp\/v2\/posts"}],"about":[{"href":"http:\/\/cordobadirecto.com\/index.php\/wp-json\/wp\/v2\/types\/post"}],"author":[{"embeddable":true,"href":"http:\/\/cordobadirecto.com\/index.php\/wp-json\/wp\/v2\/users\/1"}],"replies":[{"embeddable":true,"href":"http:\/\/cordobadirecto.com\/index.php\/wp-json\/wp\/v2\/comments?post=157522"}],"version-history":[{"count":0,"href":"http:\/\/cordobadirecto.com\/index.php\/wp-json\/wp\/v2\/posts\/157522\/revisions"}],"wp:featuredmedia":[{"embeddable":true,"href":"http:\/\/cordobadirecto.com\/index.php\/wp-json\/wp\/v2\/media\/157523"}],"wp:attachment":[{"href":"http:\/\/cordobadirecto.com\/index.php\/wp-json\/wp\/v2\/media?parent=157522"}],"wp:term":[{"taxonomy":"category","embeddable":true,"href":"http:\/\/cordobadirecto.com\/index.php\/wp-json\/wp\/v2\/categories?post=157522"},{"taxonomy":"post_tag","embeddable":true,"href":"http:\/\/cordobadirecto.com\/index.php\/wp-json\/wp\/v2\/tags?post=157522"}],"curies":[{"name":"wp","href":"https:\/\/api.w.org\/{rel}","templated":true}]}}