{"id":157530,"date":"2024-10-29T22:52:07","date_gmt":"2024-10-29T22:52:07","guid":{"rendered":"https:\/\/cordoba.gob.ar\/?p=63067"},"modified":"2024-10-29T22:52:07","modified_gmt":"2024-10-29T22:52:07","slug":"passerini-busca-ampliar-el-alcance-de-la-agencia-para-el-desarrollo-economico-de-cordoba-y-conectarla-con-las-ciudades-del-ente-metropolitano","status":"publish","type":"post","link":"http:\/\/cordobadirecto.com\/index.php\/2024\/10\/29\/passerini-busca-ampliar-el-alcance-de-la-agencia-para-el-desarrollo-economico-de-cordoba-y-conectarla-con-las-ciudades-del-ente-metropolitano\/","title":{"rendered":"Passerini busca ampliar el alcance de la Agencia para el Desarrollo Econ\u00f3mico de C\u00f3rdoba y conectarla con las ciudades del Ente Metropolitano"},"content":{"rendered":"<div><img src=\"http:\/\/cordobadirecto.com\/wp-content\/uploads\/2024\/10\/passerini-busca-ampliar-el-alcance-de-la-agencia-para-el-desarrollo-economico-de-cordoba-y-conectarla-con-las-ciudades-del-ente-metropolitano.jpg\" class=\"ff-og-image-inserted\"><\/div>\n<p>El intendente de la ciudad de C\u00f3rdoba, y presidente de ADEC, Daniel Passerini, se reuni\u00f3 con integrantes de la Agencia para el Desarrollo Econ\u00f3mico de C\u00f3rdoba. El objetivo: extender el alcance del organismo y conectarlo con el Ente Metropolitano, que hoy agrupa a 15 ciudades junto a la Capital.<\/p>\n<p>\u201cHoy le proponemos a la ADEC el desaf\u00edo de que este desarrollo sea metropolitano, que veamos a C\u00f3rdoba como algo m\u00e1s que la ciudad. Queremos ampliar su \u00e1rea de operaciones\u201d, expres\u00f3 Passerini a sala llena en el edificio del organismo en Capitalinas, frente a representantes del sector p\u00fablico, las empresas, universidades, colegios profesionales y otros actores estrat\u00e9gicos los integran.<\/p>\n<p>El intendente tiene a la metropolizaci\u00f3n de los servicios y a la integraci\u00f3n de las ciudades del conglomerado urbano de C\u00f3rdoba, como uno de los ejes de su gesti\u00f3n, canalizado fuertemente a trav\u00e9s del Ente Metropolitano.<\/p>\n<p>De esta manera, las 16 localidades miembro podr\u00e1n acceder a herramientas para la formulaci\u00f3n de proyectos y el acceso a financiamiento.<\/p>\n<p>\u201cCon los intendentes del \u00e1rea metropolitana tenemos diferencias de procedencia pero coincidencia de objetivos, en la soluci\u00f3n que hay que emprender\u201d, explic\u00f3 Passerini respecto a la forma de gobernar y augur\u00f3: la ADEC crece en su agenda y es un desaf\u00edo que tenemos que llevar adelante.<\/p>\n<p>El intendente inst\u00f3 a seguir avanzando en el proceso de modificaci\u00f3n del estatuto para la incorporaci\u00f3n de dos concejales, uno por la mayor\u00eda y otro por la minor\u00eda; al mismo tiempo que abog\u00f3 por el trabajo conjunto con los diferentes sectores pol\u00edticos para lograr m\u00e1s y mejores acciones para los vecinos y vecinas.<\/p>\n<p>Respecto a la generaci\u00f3n de nuevas oportunidades de crecimiento, el intendente anunci\u00f3 que augura que la ciudad adhiera al R\u00e9gimen de Incentivos para Grandes Inversiones (RIGI) de la provincia de C\u00f3rdoba, incorporando aspectos propios de la ciudad.<\/p>\n<p>\u201cEntiendo que frente a una enorme crisis que atraviesa la Argentina, nosotros queremos ver la crisis tambi\u00e9n como una oportunidad para C\u00f3rdoba. Entendemos que es la oportunidad de captar inversiones, mejorar la calidad de la oferta para que las inversiones vengan a aqu\u00ed\u201d, defini\u00f3 el intendente.<\/p>\n<p>La metropolizaci\u00f3n de la ADEC implicar\u00e1 ampliar el diagn\u00f3stico de las problem\u00e1ticas comunes, la generaci\u00f3n de nuevos proyectos a esa escala, as\u00ed como el acceso a los fondos necesarios para la implementaci\u00f3n de las soluciones consensuadas.<\/p>\n<p>Del acto participaron tambi\u00e9n el vicepresidente primero de ADEC, Ricardo Ruival, junto al concejal y vicepresidente segundo, Nicol\u00e1s Piloni, el secretario del organismo, Pablo Balian, entre otros funcionarios y autoridades presentes.<\/p>\n","protected":false},"excerpt":{"rendered":"<p>El intendente de la ciudad de C\u00f3rdoba, y presidente de ADEC, Daniel Passerini, se reuni\u00f3 con integrantes de la Agencia para el Desarrollo Econ\u00f3mico de C\u00f3rdoba. El objetivo: extender el alcance del organismo y conectarlo con el Ente Metropolitano, que hoy agrupa a 15 ciudades junto a la Capital. \u201cHoy le proponemos a la ADEC [&hellip;]<\/p>\n","protected":false},"author":1,"featured_media":157531,"comment_status":"closed","ping_status":"closed","sticky":false,"template":"","format":"standard","meta":[],"categories":[44],"tags":[],"_links":{"self":[{"href":"http:\/\/cordobadirecto.com\/index.php\/wp-json\/wp\/v2\/posts\/157530"}],"collection":[{"href":"http:\/\/cordobadirecto.com\/index.php\/wp-json\/wp\/v2\/posts"}],"about":[{"href":"http:\/\/cordobadirecto.com\/index.php\/wp-json\/wp\/v2\/types\/post"}],"author":[{"embeddable":true,"href":"http:\/\/cordobadirecto.com\/index.php\/wp-json\/wp\/v2\/users\/1"}],"replies":[{"embeddable":true,"href":"http:\/\/cordobadirecto.com\/index.php\/wp-json\/wp\/v2\/comments?post=157530"}],"version-history":[{"count":0,"href":"http:\/\/cordobadirecto.com\/index.php\/wp-json\/wp\/v2\/posts\/157530\/revisions"}],"wp:featuredmedia":[{"embeddable":true,"href":"http:\/\/cordobadirecto.com\/index.php\/wp-json\/wp\/v2\/media\/157531"}],"wp:attachment":[{"href":"http:\/\/cordobadirecto.com\/index.php\/wp-json\/wp\/v2\/media?parent=157530"}],"wp:term":[{"taxonomy":"category","embeddable":true,"href":"http:\/\/cordobadirecto.com\/index.php\/wp-json\/wp\/v2\/categories?post=157530"},{"taxonomy":"post_tag","embeddable":true,"href":"http:\/\/cordobadirecto.com\/index.php\/wp-json\/wp\/v2\/tags?post=157530"}],"curies":[{"name":"wp","href":"https:\/\/api.w.org\/{rel}","templated":true}]}}