{"id":157534,"date":"2024-10-30T02:08:56","date_gmt":"2024-10-30T02:08:56","guid":{"rendered":"https:\/\/puntoapunto.com.ar\/?p=366634"},"modified":"2024-10-30T02:08:56","modified_gmt":"2024-10-30T02:08:56","slug":"carrefour-abrio-nuevo-local-express-en-el-interior-y-ya-suma-60-bocas","status":"publish","type":"post","link":"http:\/\/cordobadirecto.com\/index.php\/2024\/10\/30\/carrefour-abrio-nuevo-local-express-en-el-interior-y-ya-suma-60-bocas\/","title":{"rendered":"Carrefour abri\u00f3 nuevo local Express en el interior y ya suma 60 bocas"},"content":{"rendered":"<div><img src=\"http:\/\/cordobadirecto.com\/wp-content\/uploads\/2024\/10\/carrefour-abrio-nuevo-local-express-en-el-interior-y-ya-suma-60-bocas.jpg\" class=\"ff-og-image-inserted\"><\/div>\n<p dir=\"ltr\">Carrefour Argentina, la cadena l\u00edder de supermercados del pa\u00eds, celebr\u00f3 el viernes la apertura de su nueva tienda Express en Jes\u00fas Mar\u00eda, en la provincia de C\u00f3rdoba, ubicada en calle Julio A. Roca 177, siendo as\u00ed la primera en la localidad.<\/p>\n<p dir=\"ltr\">\u201cUna apertura significa una nueva celebraci\u00f3n para nosotros, ya que mantenemos el compromiso de apostar en la provincia de C\u00f3rdoba y en el pa\u00eds en general, como venimos haciendo hace 42 a\u00f1os\u201d,&nbsp;remarc\u00f3 Carlos Velasco, Director de formato Express, y enfatiz\u00f3 en el objetivo de&nbsp;\u201cllegar a cada rinc\u00f3n con nuestra propuesta de accesibilidad y cercan\u00eda con los productos de nuestra marca Carrefour, que ya pueden ver en las g\u00f3ndolas del nuevo Express y que son garant\u00eda de calidad\u201d.<\/p>\n<p dir=\"ltr\">Esta nueva tienda en Jes\u00fas Mar\u00eda significa la llegada de Carrefour Express a una octava localidad cordobesa, luego de las aperturas en Ciudad de C\u00f3rdoba, Alta Gracia, Cosqu\u00edn, La Cumbre, La Falda, R\u00edo Ceballos y Villa Carlos Paz, que hab\u00eda sido la \u00faltima en sumarse. De esta manera, la provincia de C\u00f3rdoba ya suma 61 locales de este formato, que tiene una propuesta de cercan\u00eda, con m\u00e1s de 3000 referencias para cubrir las necesidades de compra de reposici\u00f3n diaria de nuestros clientes y clientas.<\/p>\n<p dir=\"ltr\">Adem\u00e1s, esta es la 16\u00b0 tienda Express que se abre este a\u00f1o en C\u00f3rdoba y la trig\u00e9sima que se realiza en todo el pa\u00eds: el formato tiene m\u00e1s de 475 locales, con nuevas aperturas en Ciudad de Buenos Aires, Gran Buenos Aires y Mendoza.<\/p>\n<p dir=\"ltr\"><strong>Avances en el plan de expansi\u00f3n de Carrefour Argentina<\/strong> La compa\u00f1\u00eda est\u00e1 trabajando en la apertura de sucursales de los formatos Maxi y Express, que son los m\u00e1s valorados por clientes y clientas. As\u00ed, apunta a nuevos locales para aperturas de Express en CABA, GBA, Mendoza y C\u00f3rdoba, mientras que, para el formato Maxi, las zonas de inter\u00e9s son Capital Federal, GBA, San Juan, Corrientes, San Luis, Neuqu\u00e9n, Chubut y C\u00f3rdoba.<\/p>\n<p dir=\"ltr\">Entre las requerimientos, se detalla:<\/p>\n<ul readability=\"-0.5\">\n<li dir=\"ltr\" readability=\"-1\">\n<p dir=\"ltr\" role=\"presentation\">Que est\u00e9n ubicados en las zonas de inter\u00e9s identificadas por Carrefour<\/p>\n<\/li>\n<li dir=\"ltr\" readability=\"0\">\n<p dir=\"ltr\" role=\"presentation\">Superficies de entre 140 y 300 m2 (ideal 250 m2) en planta baja y zonas de alta densidad para formatos Express.<\/p>\n<\/li>\n<\/ul>\n","protected":false},"excerpt":{"rendered":"<p>Carrefour Argentina, la cadena l\u00edder de supermercados del pa\u00eds, celebr\u00f3 el viernes la apertura de su nueva tienda Express en Jes\u00fas Mar\u00eda, en la provincia de C\u00f3rdoba, ubicada en calle Julio A. Roca 177, siendo as\u00ed la primera en la localidad. \u201cUna apertura significa una nueva celebraci\u00f3n para nosotros, ya que mantenemos el compromiso de [&hellip;]<\/p>\n","protected":false},"author":1,"featured_media":157535,"comment_status":"closed","ping_status":"closed","sticky":false,"template":"","format":"standard","meta":[],"categories":[25],"tags":[],"_links":{"self":[{"href":"http:\/\/cordobadirecto.com\/index.php\/wp-json\/wp\/v2\/posts\/157534"}],"collection":[{"href":"http:\/\/cordobadirecto.com\/index.php\/wp-json\/wp\/v2\/posts"}],"about":[{"href":"http:\/\/cordobadirecto.com\/index.php\/wp-json\/wp\/v2\/types\/post"}],"author":[{"embeddable":true,"href":"http:\/\/cordobadirecto.com\/index.php\/wp-json\/wp\/v2\/users\/1"}],"replies":[{"embeddable":true,"href":"http:\/\/cordobadirecto.com\/index.php\/wp-json\/wp\/v2\/comments?post=157534"}],"version-history":[{"count":0,"href":"http:\/\/cordobadirecto.com\/index.php\/wp-json\/wp\/v2\/posts\/157534\/revisions"}],"wp:featuredmedia":[{"embeddable":true,"href":"http:\/\/cordobadirecto.com\/index.php\/wp-json\/wp\/v2\/media\/157535"}],"wp:attachment":[{"href":"http:\/\/cordobadirecto.com\/index.php\/wp-json\/wp\/v2\/media?parent=157534"}],"wp:term":[{"taxonomy":"category","embeddable":true,"href":"http:\/\/cordobadirecto.com\/index.php\/wp-json\/wp\/v2\/categories?post=157534"},{"taxonomy":"post_tag","embeddable":true,"href":"http:\/\/cordobadirecto.com\/index.php\/wp-json\/wp\/v2\/tags?post=157534"}],"curies":[{"name":"wp","href":"https:\/\/api.w.org\/{rel}","templated":true}]}}