{"id":157539,"date":"2024-10-30T15:00:04","date_gmt":"2024-10-30T15:00:04","guid":{"rendered":"https:\/\/cordoba.gob.ar\/?p=62920"},"modified":"2024-10-30T15:00:04","modified_gmt":"2024-10-30T15:00:04","slug":"madres-de-la-escuela-municipal-donato-latella-frias-realizaron-un-taller-sobre-ciudadania-digital","status":"publish","type":"post","link":"http:\/\/cordobadirecto.com\/index.php\/2024\/10\/30\/madres-de-la-escuela-municipal-donato-latella-frias-realizaron-un-taller-sobre-ciudadania-digital\/","title":{"rendered":"Madres de la escuela municipal Donato Latella Fr\u00edas realizaron un taller sobre Ciudadan\u00eda Digital"},"content":{"rendered":"<div><img src=\"http:\/\/cordobadirecto.com\/wp-content\/uploads\/2024\/10\/madres-de-la-escuela-municipal-donato-latella-frias-realizaron-un-taller-sobre-ciudadania-digital.jpg\" class=\"ff-og-image-inserted\"><\/div>\n<ul>\n<li><strong><strong>Se abordaron temas como control parental, tiempos de pantalla, restricciones en plataformas y uso de datos durante el taller.<\/strong><\/strong><br \/>\n<hr>\n<\/li>\n<\/ul>\n<p>Madres de la escuela municipal Dr. Donato Latella Fr\u00edas, ubicada en barrio Patricios, participaron de un taller sobre Ciudadan\u00eda Digital, enfocado en la protecci\u00f3n de ni\u00f1as y ni\u00f1os en el contexto de redes sociales, juegos en l\u00ednea y el uso responsable de la tecnolog\u00eda.<\/p>\n<p>El taller, que se enmarca en nuestro proyecto \u201cCiudadan\u00eda Digital en la Escuela\u201d, abord\u00f3 temas de gran relevancia para las familias, tales como control parental, tiempos de pantalla, restricciones en plataformas y el uso seguro de los datos personales en entornos digitales.<\/p>\n<p>La jornada es organizada por el equipo de EDIPRO (Educaci\u00f3n Digital, Programaci\u00f3n y Rob\u00f3tica) de la Direcci\u00f3n General de Aprendizaje y Desarrollo Profesional de la Secretar\u00eda de Educaci\u00f3n.<\/p>\n<p>Este encuentro forma parte de un proyecto institucional de la escuela, que comenz\u00f3 dentro del aula junto a las y los estudiantes, con el objetivo de promover un uso consciente y seguro de la tecnolog\u00eda y las redes sociales.<\/p>\n<p>La iniciativa busca no solo educar a los estudiantes, sino tambi\u00e9n involucrar a las familias para que puedan acompa\u00f1ar a sus hijos en el manejo de las herramientas digitales.<\/p>\n<p>La formaci\u00f3n es una de las muchas acciones que la Escuela Municipal Donato Latella Fr\u00edas est\u00e1 llevando a cabo en el marco de su 40\u00ba aniversario, a celebrarse en 2024, reafirmando su compromiso con la educaci\u00f3n y la seguridad digital.<\/p>\n<p>\u00abHemos sido convocados por otras escuelas debido a la creciente preocupaci\u00f3n por los tiempos de pantalla. Como educadores, es nuestra responsabilidad fomentar estos espacios de cuidado\u201d, expres\u00f3 Ileana G\u00f3mez, integrante del equipo EDIPRO.<\/p>\n<p>Por su parte, Mariana P\u00e9rez, referente del equipo t\u00e9cnico de EDIPRO de la Secretar\u00eda de Educaci\u00f3n, se\u00f1al\u00f3: \u00abEl objetivo es prevenir, acompa\u00f1ar y repensar el uso que las infancias le dan a la tecnolog\u00eda\u00bb.<\/p>\n","protected":false},"excerpt":{"rendered":"<p>Se abordaron temas como control parental, tiempos de pantalla, restricciones en plataformas y uso de datos durante el taller. Madres de la escuela municipal Dr. Donato Latella Fr\u00edas, ubicada en barrio Patricios, participaron de un taller sobre Ciudadan\u00eda Digital, enfocado en la protecci\u00f3n de ni\u00f1as y ni\u00f1os en el contexto de redes sociales, juegos en [&hellip;]<\/p>\n","protected":false},"author":1,"featured_media":157540,"comment_status":"closed","ping_status":"closed","sticky":false,"template":"","format":"standard","meta":[],"categories":[44],"tags":[],"_links":{"self":[{"href":"http:\/\/cordobadirecto.com\/index.php\/wp-json\/wp\/v2\/posts\/157539"}],"collection":[{"href":"http:\/\/cordobadirecto.com\/index.php\/wp-json\/wp\/v2\/posts"}],"about":[{"href":"http:\/\/cordobadirecto.com\/index.php\/wp-json\/wp\/v2\/types\/post"}],"author":[{"embeddable":true,"href":"http:\/\/cordobadirecto.com\/index.php\/wp-json\/wp\/v2\/users\/1"}],"replies":[{"embeddable":true,"href":"http:\/\/cordobadirecto.com\/index.php\/wp-json\/wp\/v2\/comments?post=157539"}],"version-history":[{"count":0,"href":"http:\/\/cordobadirecto.com\/index.php\/wp-json\/wp\/v2\/posts\/157539\/revisions"}],"wp:featuredmedia":[{"embeddable":true,"href":"http:\/\/cordobadirecto.com\/index.php\/wp-json\/wp\/v2\/media\/157540"}],"wp:attachment":[{"href":"http:\/\/cordobadirecto.com\/index.php\/wp-json\/wp\/v2\/media?parent=157539"}],"wp:term":[{"taxonomy":"category","embeddable":true,"href":"http:\/\/cordobadirecto.com\/index.php\/wp-json\/wp\/v2\/categories?post=157539"},{"taxonomy":"post_tag","embeddable":true,"href":"http:\/\/cordobadirecto.com\/index.php\/wp-json\/wp\/v2\/tags?post=157539"}],"curies":[{"name":"wp","href":"https:\/\/api.w.org\/{rel}","templated":true}]}}