{"id":157541,"date":"2024-10-30T14:22:32","date_gmt":"2024-10-30T14:22:32","guid":{"rendered":"https:\/\/cordoba.gob.ar\/?p=63124"},"modified":"2024-10-30T14:22:32","modified_gmt":"2024-10-30T14:22:32","slug":"kenneth-luques-sosa-campeon-nacional-en-poesia","status":"publish","type":"post","link":"http:\/\/cordobadirecto.com\/index.php\/2024\/10\/30\/kenneth-luques-sosa-campeon-nacional-en-poesia\/","title":{"rendered":"Kenneth Luques Sosa: campe\u00f3n nacional en poes\u00eda"},"content":{"rendered":"<div><img src=\"http:\/\/cordobadirecto.com\/wp-content\/uploads\/2024\/10\/kenneth-luques-sosa-campeon-nacional-en-poesia.jpg\" class=\"ff-og-image-inserted\"><\/div>\n<p>En el marco del 28\u00ba Concurso Nacional de Literatura y Matem\u00e1tica \u201cCuentos con Cuentas\u201d, el joven estudiante Kenneth Luques Sosa se consagr\u00f3 como campe\u00f3n en la categor\u00eda de Poes\u00eda, representando a la Escuela Municipal Dr. Pedro Carande Carro.<\/p>\n<p>Este destacado certamen fue organizado por la Organizaci\u00f3n Matem\u00e1tica Argentina (OMA) y tuvo lugar en el Hotel FATSA de La Falda, C\u00f3rdoba, reuniendo a j\u00f3venes talentos de todo el pa\u00eds.<\/p>\n<p>\u201cEstaba muy emocionado. Llegu\u00e9 hasta expresar las emociones con l\u00e1grimas. A la generaci\u00f3n futura le aconsejo que se esfuercen a\u00fan m\u00e1s, ya que hay mucho por aprender para avanzar en el camino del conocimiento\u201d, expres\u00f3 Kenneth.<\/p>\n<p>Kenneth Luques Sosa, al igual que otros estudiantes de las escuelas municipales, logr\u00f3 sobresalir tras superar distintas instancias eliminatorias, demostrando no solo su habilidad literaria, sino tambi\u00e9n su destreza en la resoluci\u00f3n de problemas matem\u00e1ticos.<\/p>\n<p>El concurso fomenta la interdisciplinariedad entre lengua y matem\u00e1tica, retando a los participantes a integrar ambas \u00e1reas en relatos creativos.<\/p>\n<p>El concurso, dirigido a estudiantes de entre 5 y 12 a\u00f1os, se desarroll\u00f3 en varias rondas a lo largo del a\u00f1o, culminando con la participaci\u00f3n de los finalistas en C\u00f3rdoba.<\/p>\n","protected":false},"excerpt":{"rendered":"<p>En el marco del 28\u00ba Concurso Nacional de Literatura y Matem\u00e1tica \u201cCuentos con Cuentas\u201d, el joven estudiante Kenneth Luques Sosa se consagr\u00f3 como campe\u00f3n en la categor\u00eda de Poes\u00eda, representando a la Escuela Municipal Dr. Pedro Carande Carro. Este destacado certamen fue organizado por la Organizaci\u00f3n Matem\u00e1tica Argentina (OMA) y tuvo lugar en el Hotel [&hellip;]<\/p>\n","protected":false},"author":1,"featured_media":157542,"comment_status":"closed","ping_status":"closed","sticky":false,"template":"","format":"standard","meta":[],"categories":[44],"tags":[],"_links":{"self":[{"href":"http:\/\/cordobadirecto.com\/index.php\/wp-json\/wp\/v2\/posts\/157541"}],"collection":[{"href":"http:\/\/cordobadirecto.com\/index.php\/wp-json\/wp\/v2\/posts"}],"about":[{"href":"http:\/\/cordobadirecto.com\/index.php\/wp-json\/wp\/v2\/types\/post"}],"author":[{"embeddable":true,"href":"http:\/\/cordobadirecto.com\/index.php\/wp-json\/wp\/v2\/users\/1"}],"replies":[{"embeddable":true,"href":"http:\/\/cordobadirecto.com\/index.php\/wp-json\/wp\/v2\/comments?post=157541"}],"version-history":[{"count":0,"href":"http:\/\/cordobadirecto.com\/index.php\/wp-json\/wp\/v2\/posts\/157541\/revisions"}],"wp:featuredmedia":[{"embeddable":true,"href":"http:\/\/cordobadirecto.com\/index.php\/wp-json\/wp\/v2\/media\/157542"}],"wp:attachment":[{"href":"http:\/\/cordobadirecto.com\/index.php\/wp-json\/wp\/v2\/media?parent=157541"}],"wp:term":[{"taxonomy":"category","embeddable":true,"href":"http:\/\/cordobadirecto.com\/index.php\/wp-json\/wp\/v2\/categories?post=157541"},{"taxonomy":"post_tag","embeddable":true,"href":"http:\/\/cordobadirecto.com\/index.php\/wp-json\/wp\/v2\/tags?post=157541"}],"curies":[{"name":"wp","href":"https:\/\/api.w.org\/{rel}","templated":true}]}}