{"id":157558,"date":"2024-10-30T12:53:08","date_gmt":"2024-10-30T12:53:08","guid":{"rendered":"https:\/\/www.ole.com.ar\/autos\/campana-argentina-redes-franco-colapinto-piloto-dia-gp-brasil_0_PryCwsl22z.html"},"modified":"2024-10-30T12:53:08","modified_gmt":"2024-10-30T12:53:08","slug":"la-campana-argentina-en-redes-para-que-franco-colapinto-sea-piloto-del-dia-en-el-gp-de-brasil","status":"publish","type":"post","link":"http:\/\/cordobadirecto.com\/index.php\/2024\/10\/30\/la-campana-argentina-en-redes-para-que-franco-colapinto-sea-piloto-del-dia-en-el-gp-de-brasil\/","title":{"rendered":"La campa\u00f1a argentina en redes para que Franco Colapinto sea Piloto del D\u00eda en el GP de Brasil"},"content":{"rendered":"<p><span class=\"createDate\">30\/10\/2024 09:53hs.<\/span><time class=\"modificatedDate\" datetime=\"2024-10-30T09:55:14-03:00\"> Actualizado al 30\/10\/2024 09:55hs.<\/time><\/p>\n<div id=\"storyBody\">\n<div class=\"custom-text \" readability=\"32.427983539095\">\n<p><a href=\"https:\/\/www.ole.com.ar\/autos\/franco-colapinto-vivo-gran-premio-mexico-formula-1_0_QaQlAyRvdV.html\" target=\"_blank\" title=\"Tras el Gran Premio de M\u00e9xico, donde Franco Colapinto finaliz\u00f3 12\u00b0 (hab\u00eda largado 16\u00b0),\" alt=\"Tras el Gran Premio de M\u00e9xico, donde Franco Colapinto finaliz\u00f3 12\u00b0 (hab\u00eda largado 16\u00b0),\" rel=\"noopener\">Tras el Gran Premio de M\u00e9xico, donde Franco Colapinto finaliz\u00f3 12\u00b0 (hab\u00eda largado 16\u00b0),<\/a> todos los ojos ya posan <strong>sobre el Gran Premio de Brasil, el m\u00e1s cercano a la Argentina para el corredor de Pilar.<\/strong> Los fan\u00e1ticos ya esperan ansiosos al domingo 3 de noviembre, d\u00eda en el que se llevar\u00e1 a cabo la carrera en la pista de Interlagos, y hasta empiezan a mover las aguas en redes sociales con un objetivo: <strong>lograr que el joven de 21 a\u00f1os sea elegido Piloto del D\u00eda en esta parada.<\/strong><\/p>\n<\/div>\n<div class=\"custom-text \" readability=\"35.353092783505\">\n<p>Varias cuentas fan\u00e1ticas del argentino comenzaron a llevar adelante, por ejemplo, en X (ex Twitter), esta idea que ya se reflej\u00f3 en el Gran Premio de M\u00e9xico, <a href=\"https:\/\/www.ole.com.ar\/autos\/formula-1-franco-colapinto-piloto-dia-gp-mexico-fanaticos-votacion-podio_0_JU8hnNF0PF.html\" target=\"_blank\" title=\"donde Colapinto termin\u00f3 entre los m\u00e1s votados para Piloto del D\u00eda, \" alt=\"donde Colapinto termin\u00f3 entre los m\u00e1s votados para Piloto del D\u00eda, \" rel=\"noopener\">donde Colapinto termin\u00f3 entre los m\u00e1s votados para Piloto del D\u00eda, <\/a>aunque la votaci\u00f3n termin\u00f3 llev\u00e1ndosela Carlos Sainz, ganador de la carrera. <strong>Y ahora, con varios d\u00edas de anticipaci\u00f3n, buscan no fallar en el de Brasil.<\/strong><\/p>\n<\/div>\n<div class=\"custom-text \" readability=\"37\">\n<p>Ahora bien, \u00bfc\u00f3mo funciona este proceso y c\u00f3mo se vota? Al Piloto del D\u00eda lo elijen ni m\u00e1s ni menos que los fan\u00e1ticos, <strong>y la votaci\u00f3n se abre en las \u00faltimas 10 vueltas de cada carrera.<\/strong> Para votar no se requiere de nada, ni siquiera de un registro: <strong>es completamente gratis y de f\u00e1cil acceso. <\/strong><\/p>\n<\/div>\n<div class=\"custom-text \" readability=\"35.7734375\">\n<p>Para votar, basta con dirigirse al apartado de votos de la p\u00e1gina web oficial de la F\u00f3rmula 1<a href=\"https:\/\/www.formula1.com\/en\/page\/vote\" target=\"_blank\" title=\" (ver link ac\u00e1) \" alt=\" (ver link ac\u00e1) \" rel=\"noopener\"> (ver link ac\u00e1) <\/a>y, desde all\u00ed, cada usuario puede elegir por el que considera el mejor Piloto del D\u00eda. En este caso, <strong>Colapinto en esta iniciativa argentina&#8230;<\/strong><\/p>\n<\/div>\n<div class=\"sc-e7b891c4-0 ifHnQL image-embed\"><img alt=\"Colapinto ya est\u00e1 en Brasil\" loading=\"lazy\" width=\"720\" height=\"100\" decoding=\"async\" data-nimg=\"1\" src=\"http:\/\/cordobadirecto.com\/wp-content\/uploads\/2024\/10\/la-campana-argentina-en-redes-para-que-franco-colapinto-sea-piloto-del-dia-en-el-gp-de-brasil.jpg\"><span class=\"epigraphe\">Colapinto ya est\u00e1 en Brasil<\/span><\/div>\n<div class=\"sc-e7b891c4-0 ifHnQL image-embed\"><img alt=\"El Williams de Colapinto. (Foto: EFE)\" loading=\"lazy\" width=\"720\" height=\"100\" decoding=\"async\" data-nimg=\"1\" src=\"http:\/\/cordobadirecto.com\/wp-content\/uploads\/2024\/10\/la-campana-argentina-en-redes-para-que-franco-colapinto-sea-piloto-del-dia-en-el-gp-de-brasil-1.jpg\"><span class=\"epigraphe\">El Williams de Colapinto. (Foto: EFE)<\/span><\/div>\n<p><h2><strong>Algunos tuits de esta iniciativa<\/strong><\/h2>\n<\/p>\n<div class=\"custom-embedhtml\" readability=\"7.1395348837209\">\n<blockquote class=\"twitter-tweet\" readability=\"8.031976744186\">\n<p lang=\"es\" dir=\"ltr\"><a href=\"https:\/\/twitter.com\/hashtag\/FrancoDriverOfTheDay?src=hash&amp;ref_src=twsrc%5Etfw\">#FrancoDriverOfTheDay<\/a> <br \/>El domingo en las \u00faltimas 10 vueltas antes de que finalice la carrera se vota para &#8220;Piloto del D\u00eda&#8221;. Es gratis y se hace a trav\u00e9s del link que les adjunto en la publicaci\u00f3n. <\/p>\n<p>Propongo votar todos Franco, ya que va ser la carrera m\u00e1s cerca de casa. Den Rt\u2026<\/p>\n<p>\u2014 Colapinto News\ud83c\udde6\ud83c\uddf7 (@Colapinto_news) <a href=\"https:\/\/twitter.com\/Colapinto_news\/status\/1851405861190590676?ref_src=twsrc%5Etfw\">October 29, 2024<\/a><\/p><\/blockquote><\/div>\n<div class=\"custom-embedhtml\" readability=\"5.2380952380952\">\n<blockquote class=\"twitter-tweet\" readability=\"4.3650793650794\">\n<p lang=\"es\" dir=\"ltr\">ATENCI\u00d3N COLAPINTO \u2757<\/p>\n<p>Franco tiene que ser piloto del d\u00eda en brasil.<\/p>\n<p>\u2014 val \ud83c\udfce\ufe0f \ud83c\udfc1 19\/10 (@vvalenn_1) <a href=\"https:\/\/twitter.com\/vvalenn_1\/status\/1851310667199910259?ref_src=twsrc%5Etfw\">October 29, 2024<\/a><\/p><\/blockquote><\/div>\n<p><h2><strong>El cronograma para Colapinto en el GP de Brasil <\/strong><\/h2>\n<\/p>\n<div class=\"custom-text \" readability=\"40\">\n<p>El aut\u00f3dromo Jos\u00e9 Carlos Pace de San Pablo (popularmente conocido como Interlagos) ser\u00e1 el escenario de la sexta carrera para el argentino, en una fecha que estar\u00e1 cargada de actividad: al igual que en el GP de Estados Unidos, habr\u00e1 sprint. <strong>La actividad comenzar\u00e1 el viernes a las 11.30 con las pr\u00e1cticas libres 1 y seguir\u00e1 a las 15.30 con la clasificaci\u00f3n para la sprint: <\/strong>ser\u00e1 importante quedar bien posicionado para intentar pelear por conseguir alg\u00fan punto, algo dif\u00edcil dado que suman solo los primeros ocho (ocho al ganador, siete al segundo, etc.).<\/p>\n<\/div>\n<div class=\"custom-text \" readability=\"40\">\n<p>El s\u00e1bado a las 11 se correr\u00e1 la sprint y cuatro horas despu\u00e9s saldr\u00e1n nuevamente todos los pilotos a la pista para la clasificaci\u00f3n, en la que Colapinto intentar\u00e1 superar lo hecho en M\u00e9xico, donde se qued\u00f3 afuera en la Q1 y larg\u00f3 16\u00b0. La carrera, el plato fuerte del fin de semana en Brasil, <strong>ser\u00e1 el domingo 3 de noviembre a las 14 (ser\u00e1n 71 vueltas). <\/strong>Toda la acci\u00f3n se podr\u00e1 ver en vivo y en directo por Fox Sports y Disney+ Premium, aunque tambi\u00e9n en la web de Ol\u00e9 estar\u00e1 el minuto a minuto de todo lo que suceda y los momentos m\u00e1s destacados.<\/p>\n<\/div>\n<div type=\"embed\" class=\"sc-3f46f5ae-0 djVTgz\">\n<div class=\"sc-3f46f5ae-1 fTjZec videoText\" id=\"contentTitleembedyNXeCcle\" type=\"embed\"><svg fill=\"#ffffff\"><symbol id=\"play\" viewBox=\"0 0 512 512\"><path d=\"M512 256C512 397.4 397.4 512 256 512C114.6 512 0 397.4 0 256C0 114.6 114.6 0 256 0C397.4 0 512 114.6 512 256zM176 168V344C176 352.7 180.7 360.7 188.3 364.9C195.8 369.2 205.1 369 212.5 364.5L356.5 276.5C363.6 272.1 368 264.4 368 256C368 247.6 363.6 239.9 356.5 235.5L212.5 147.5C205.1 142.1 195.8 142.8 188.3 147.1C180.7 151.3 176 159.3 176 168V168z\" \/><\/symbol><use xlink:href=\"#play\" \/><\/svg><\/p>\n<div class=\"right\">\n<p>Franco Colapinto<!-- --> &#8211;<!-- --> <span>&nbsp;<\/span><\/p>\n<h2 class=\"title-vid\">Colapinto pas\u00f3 a Lawson<\/h2>\n<\/div>\n<\/div>\n<p><span class=\"back\" id=\"spanBackembedyNXeCcle\"><\/span><\/div>\n<div type=\"embed\" class=\"sc-3f46f5ae-0 djVTgz\">\n<div class=\"sc-3f46f5ae-1 fTjZec videoText\" id=\"contentTitleembedzrTS3kRp\" type=\"embed\"><svg fill=\"#ffffff\"><symbol id=\"play\" viewBox=\"0 0 512 512\"><path d=\"M512 256C512 397.4 397.4 512 256 512C114.6 512 0 397.4 0 256C0 114.6 114.6 0 256 0C397.4 0 512 114.6 512 256zM176 168V344C176 352.7 180.7 360.7 188.3 364.9C195.8 369.2 205.1 369 212.5 364.5L356.5 276.5C363.6 272.1 368 264.4 368 256C368 247.6 363.6 239.9 356.5 235.5L212.5 147.5C205.1 142.1 195.8 142.8 188.3 147.1C180.7 151.3 176 159.3 176 168V168z\" \/><\/symbol><use xlink:href=\"#play\" \/><\/svg><\/p>\n<div class=\"right\">\n<p>Franco Colapinto<!-- --> &#8211;<!-- --> <span>&nbsp;<\/span><\/p>\n<h2 class=\"title-vid\">Qu\u00e9 dijo Liam Lawson del toque con Franco Colapinto<\/h2>\n<\/div>\n<\/div>\n<p><span class=\"back\" id=\"spanBackembedzrTS3kRp\"><\/span><\/div>\n<div type=\"embed\" class=\"sc-3f46f5ae-0 djVTgz\">\n<div class=\"sc-3f46f5ae-1 fTjZec videoText\" id=\"contentTitleembedHcLboyff\" type=\"embed\"><svg fill=\"#ffffff\"><symbol id=\"play\" viewBox=\"0 0 512 512\"><path d=\"M512 256C512 397.4 397.4 512 256 512C114.6 512 0 397.4 0 256C0 114.6 114.6 0 256 0C397.4 0 512 114.6 512 256zM176 168V344C176 352.7 180.7 360.7 188.3 364.9C195.8 369.2 205.1 369 212.5 364.5L356.5 276.5C363.6 272.1 368 264.4 368 256C368 247.6 363.6 239.9 356.5 235.5L212.5 147.5C205.1 142.1 195.8 142.8 188.3 147.1C180.7 151.3 176 159.3 176 168V168z\" \/><\/symbol><use xlink:href=\"#play\" \/><\/svg><\/p>\n<div class=\"right\">\n<p>Franco Colapinto<!-- --> &#8211;<!-- --> <span>&nbsp;<\/span><\/p>\n<h2 class=\"title-vid\">El elogio de Verstappen a Colapinto<\/h2>\n<\/div>\n<\/div>\n<p><span class=\"back\" id=\"spanBackembedHcLboyff\"><\/span><\/div>\n<div class=\"sc-a7166897-0 eoLsBE\" readability=\"6\">\n<section readability=\"2\"><picture><img alt=\"\u00bfColapinto a Red Bull junto a Verstappen? La bomba que sacudi\u00f3 a la F1\" loading=\"lazy\" width=\"290\" height=\"290\" decoding=\"async\" data-nimg=\"1\" src=\"http:\/\/cordobadirecto.com\/wp-content\/uploads\/2024\/10\/la-campana-argentina-en-redes-para-que-franco-colapinto-sea-piloto-del-dia-en-el-gp-de-brasil-2.jpg\"><\/picture>\n<p><span>Mir\u00e1 tambi\u00e9n<\/span><\/p>\n<hr>\n<h3>\u00bfColapinto a Red Bull junto a Verstappen? La bomba que sacudi\u00f3 a la F1<\/h3>\n<\/p>\n<\/section>\n<\/div>\n<div class=\"sc-a7166897-0 eoLsBE\" readability=\"6\">\n<section readability=\"2\"><picture><img alt=\"La F\u00f3rmula 1 y su homenaje a Senna en el GP de Brasil\" loading=\"lazy\" width=\"290\" height=\"290\" decoding=\"async\" data-nimg=\"1\" src=\"http:\/\/cordobadirecto.com\/wp-content\/uploads\/2024\/10\/la-campana-argentina-en-redes-para-que-franco-colapinto-sea-piloto-del-dia-en-el-gp-de-brasil-3.jpg\"><\/picture>\n<p><span>Mir\u00e1 tambi\u00e9n<\/span><\/p>\n<hr>\n<h3>La F\u00f3rmula 1 y su homenaje a Senna en el GP de Brasil<\/h3>\n<\/p>\n<\/section>\n<\/div>\n<div class=\"sc-a7166897-0 eoLsBE\" readability=\"6\">\n<section readability=\"2\"><picture><img alt=\"Colapinto ya lleg\u00f3 a Brasil y causa furor: toda la gente pregunta por \u00e9l\" loading=\"lazy\" width=\"290\" height=\"290\" decoding=\"async\" data-nimg=\"1\" src=\"http:\/\/cordobadirecto.com\/wp-content\/uploads\/2024\/10\/la-campana-argentina-en-redes-para-que-franco-colapinto-sea-piloto-del-dia-en-el-gp-de-brasil-4.jpg\"><\/picture>\n<p><span>Mir\u00e1 tambi\u00e9n<\/span><\/p>\n<hr>\n<h3>Colapinto ya lleg\u00f3 a Brasil y causa furor: toda la gente pregunta por \u00e9l<\/h3>\n<\/p>\n<\/section>\n<\/div>\n<\/div>\n","protected":false},"excerpt":{"rendered":"<p>30\/10\/2024 09:53hs. Actualizado al 30\/10\/2024 09:55hs. Tras el Gran Premio de M\u00e9xico, donde Franco Colapinto finaliz\u00f3 12\u00b0 (hab\u00eda largado 16\u00b0), todos los ojos ya posan sobre el Gran Premio de Brasil, el m\u00e1s cercano a la Argentina para el corredor de Pilar. Los fan\u00e1ticos ya esperan ansiosos al domingo 3 de noviembre, d\u00eda en el [&hellip;]<\/p>\n","protected":false},"author":1,"featured_media":157559,"comment_status":"closed","ping_status":"closed","sticky":false,"template":"","format":"standard","meta":[],"categories":[21],"tags":[],"_links":{"self":[{"href":"http:\/\/cordobadirecto.com\/index.php\/wp-json\/wp\/v2\/posts\/157558"}],"collection":[{"href":"http:\/\/cordobadirecto.com\/index.php\/wp-json\/wp\/v2\/posts"}],"about":[{"href":"http:\/\/cordobadirecto.com\/index.php\/wp-json\/wp\/v2\/types\/post"}],"author":[{"embeddable":true,"href":"http:\/\/cordobadirecto.com\/index.php\/wp-json\/wp\/v2\/users\/1"}],"replies":[{"embeddable":true,"href":"http:\/\/cordobadirecto.com\/index.php\/wp-json\/wp\/v2\/comments?post=157558"}],"version-history":[{"count":0,"href":"http:\/\/cordobadirecto.com\/index.php\/wp-json\/wp\/v2\/posts\/157558\/revisions"}],"wp:featuredmedia":[{"embeddable":true,"href":"http:\/\/cordobadirecto.com\/index.php\/wp-json\/wp\/v2\/media\/157559"}],"wp:attachment":[{"href":"http:\/\/cordobadirecto.com\/index.php\/wp-json\/wp\/v2\/media?parent=157558"}],"wp:term":[{"taxonomy":"category","embeddable":true,"href":"http:\/\/cordobadirecto.com\/index.php\/wp-json\/wp\/v2\/categories?post=157558"},{"taxonomy":"post_tag","embeddable":true,"href":"http:\/\/cordobadirecto.com\/index.php\/wp-json\/wp\/v2\/tags?post=157558"}],"curies":[{"name":"wp","href":"https:\/\/api.w.org\/{rel}","templated":true}]}}