{"id":157562,"date":"2024-10-30T21:02:24","date_gmt":"2024-10-30T21:02:24","guid":{"rendered":"https:\/\/www.ole.com.ar\/ascenso\/ascenso-primera-nacional-ferro-anibal-biggeri_0_mrpqBfrT8R.html"},"modified":"2024-10-30T21:02:24","modified_gmt":"2024-10-30T21:02:24","slug":"tras-no-ingresar-al-reducido-ferro-se-quedo-sin-entrenador","status":"publish","type":"post","link":"http:\/\/cordobadirecto.com\/index.php\/2024\/10\/30\/tras-no-ingresar-al-reducido-ferro-se-quedo-sin-entrenador\/","title":{"rendered":"Tras no ingresar al Reducido, Ferro se qued\u00f3 sin entrenador"},"content":{"rendered":"<p><time class=\"createDate\" datetime=\"2024-10-30T17:22:45-03:00\">30\/10\/2024 17:22hs.<\/time><\/p>\n<div id=\"storyBody\">\n<div class=\"custom-text \" readability=\"37.077464788732\">\n<p><strong>El pasado domingo en Escalada, tras empatar sin goles ante <a href=\"https:\/\/www.ole.com.ar\/tema\/talleres-re.html\" title=\"Talleres (RE)\" alt=\"Talleres (RE)\" class=\"slug\">Talleres<\/a>, se firm\u00f3 un nuevo fracaso para <a href=\"https:\/\/www.ole.com.ar\/tema\/ferro-carril-oeste.html\" title=\"Ferro Carril Oeste\" alt=\"Ferro Carril Oeste\" class=\"slug\">Ferro<\/a><\/strong>. O as\u00ed lo entendieron sus hinchas, que el martes por la tarde se autoconvocaron en la Sede Social para reclamar contra la Comisi\u00f3n Directiva por el mal presente deportivo.<strong> Claro, porque qued\u00f3 afuera del <a href=\"https:\/\/www.ole.com.ar\/tema\/primera-nacional.html\" title=\"Primera Nacional\" alt=\"Primera Nacional\" class=\"slug\">Reducido<\/a> por el segundo ascenso y cumplir\u00e1 \u00a125 a\u00f1os! sin jugar en la m\u00e1xima categor\u00eda del f\u00fatbol argentino. <\/strong><\/p>\n<\/div>\n<div class=\"custom-text \" readability=\"34.256055363322\">\n<p>Por este motivo es que, de com\u00fan acuerdo entre la dirigencia y el Cuerpo T\u00e9cnico,<strong> se tom\u00f3 la decisi\u00f3n de que <a href=\"https:\/\/www.ole.com.ar\/tema\/anibal-biggeri.html\" title=\"An\u00edbal Biggeri\" alt=\"An\u00edbal Biggeri\" class=\"slug\">Anibal Biggeri<\/a> no siga al mando del equipo de cara al 2025<\/strong>. Dur\u00f3 apenas tres meses y el objetivo de meter al Verde en la pelea por volver a la Liga Profesional no se cumpli\u00f3. <\/p>\n<\/div>\n<div class=\"sc-e7b891c4-0 ifHnQL image-embed\"><img alt=\"Anibal Biggeri no sigue en el Verde (Foto: Prensa Ferro)\" loading=\"lazy\" width=\"720\" height=\"100\" decoding=\"async\" data-nimg=\"1\" src=\"http:\/\/cordobadirecto.com\/wp-content\/uploads\/2024\/10\/tras-no-ingresar-al-reducido-ferro-se-quedo-sin-entrenador.jpg\"><span class=\"epigraphe\">Anibal Biggeri no sigue en el Verde (Foto: Prensa Ferro)<\/span><\/div>\n<div class=\"custom-text \" readability=\"38\">\n<p>Ahora, Oeste estar\u00e1 hasta febrero sin competencias oficiales, por lo que habr\u00e1 tiempo de sobra para cerrar la llegada de un nuevo entrenador, rearmar el plantel y planficar la pr\u00f3xima temporada. Pero claro,<strong> ya sin Biggeri. <\/strong><\/p>\n<\/div>\n<p><h2><strong>Los n\u00fameros del ciclo de Anibal Biggeri en Ferro<\/strong><\/h2>\n<\/p>\n<div class=\"custom-text \" readability=\"38\">\n<p>La realidad es que el ciclo del ex Chacarita en Caballito<strong> fue de m\u00e1s a menos. Agarr\u00f3 al equipo 8\u00b0, en zona de Reducido y Copa Argentina, tras la salida de Jorge Cord\u00f3n.<\/strong> Comenz\u00f3 con una goleada en casa ante Agropecuario y hasta lleg\u00f3 a estar cuarto tras la victoria en Mar del Plata ante Alvarado,<strong> pero la mala racha en la recta final (cuatro puntos de 21 en juego) decretaron que el Verde se haya quedado afuera de todo. <\/strong><\/p>\n<\/div>\n<div class=\"sc-e7b891c4-0 ifHnQL image-embed\"><img alt=\"Bajo la conducci\u00f3n de Biggeri, Oeste sac\u00f3 el 42% de los puntos (Foto: Prensa Ferro)\" loading=\"lazy\" width=\"720\" height=\"100\" decoding=\"async\" data-nimg=\"1\" src=\"http:\/\/cordobadirecto.com\/wp-content\/uploads\/2024\/10\/tras-no-ingresar-al-reducido-ferro-se-quedo-sin-entrenador-1.jpg\"><span class=\"epigraphe\">Bajo la conducci\u00f3n de Biggeri, Oeste sac\u00f3 el 42% de los puntos (Foto: Prensa Ferro)<\/span><\/div>\n<div class=\"custom-text \" readability=\"36\">\n<p>En total <strong>dirigi\u00f3 una docena de partidos, en los cuales consigui\u00f3 cuatro triunfos, tres empates y cuatro ca\u00eddas<\/strong>. Efectividad del 42%. No alcanz\u00f3. A continuaci\u00f3n, el detalle de su paso por Ferro. <\/p>\n<\/div>\n<div class=\"custom-text \">\n<ul>\n<li>Ferro 3-0 Agropecuario. <\/li>\n<li>All Boys 3-0 Ferro. <\/li>\n<li>Ferro 2-2 Trist\u00e1n Su\u00e1rez. <\/li>\n<li>Patronato 1-3 Ferro. <\/li>\n<li>Ferro 2-0 Racing de C\u00f3rdoba.<\/li>\n<li>Alvarado 0-2 Ferro. <\/li>\n<li>Ferro 1-1 G\u00fcemes de Santiago del Estero.<\/li>\n<li>Gimnasia de Jujuy 1-0 Ferro. <\/li>\n<li>Ferro 2-2 Deportivo Maip\u00fa. <\/li>\n<li>Ferro 1-2 Nueva Chicago. <\/li>\n<li>San Miguel 0-0 Ferro. <\/li>\n<li>Ferro 0-2 Quilmes. <\/li>\n<li>Talleres de Remedios de Escalada 0-0 Ferro.<\/li>\n<\/ul>\n<\/div>\n<p><h2><strong>El comunicado de Ferro en sus redes sociales<\/strong><\/h2>\n<\/p>\n<div class=\"custom-text \" readability=\"38\">\n<p>&#8220;Desde el Club Ferro Carril Oeste informamos que <strong>An\u00edbal Biggeri dej\u00f3 de ser el entrenador del plantel de f\u00fatbol profesional. La decisi\u00f3n fue tomada de com\u00fan acuerdo con las autoridades<\/strong>. Le agradecemos a An\u00edbal y a su equipo la dedicaci\u00f3n, el trabajo y el profesionalismo, y les deseamos lo mejor en sus futuros proyectos.&#8221;, public\u00f3 Oeste en X. <\/p>\n<\/div>\n<div class=\"custom-embedhtml\" readability=\"7.9700272479564\">\n<blockquote class=\"twitter-tweet\" readability=\"9.7411444141689\">\n<p lang=\"es\" dir=\"ltr\">Desde el Club Ferro Carril Oeste informamos que An\u00edbal Biggeri dej\u00f3 de ser el entrenador del plantel de f\u00fatbol profesional. La decisi\u00f3n fue tomada de com\u00fan acuerdo con las autoridades.<\/p>\n<p>Le agradecemos a An\u00edbal y a su equipo la dedicaci\u00f3n, el trabajo y el profesionalismo, y les\u2026 <a href=\"https:\/\/t.co\/HAxFTzbVZ6\">pic.twitter.com\/HAxFTzbVZ6<\/a><\/p>\n<p>\u2014 Ferro Carril Oeste (@FerroOficial) <a href=\"https:\/\/twitter.com\/FerroOficial\/status\/1851629634544173056?ref_src=twsrc%5Etfw\">October 30, 2024<\/a><\/p><\/blockquote><\/div>\n<div class=\"sc-a7166897-0 eoLsBE\" readability=\"6.5\">\n<section readability=\"3\"><picture><img alt=\"Con gol y asistencia de Lautaro Mart\u00ednez, Inter venci\u00f3 al Empoli 3-0\" loading=\"lazy\" width=\"290\" height=\"290\" decoding=\"async\" data-nimg=\"1\" src=\"http:\/\/cordobadirecto.com\/wp-content\/uploads\/2024\/10\/tras-no-ingresar-al-reducido-ferro-se-quedo-sin-entrenador-2.jpg\"><\/picture>\n<p><span>Mir\u00e1 tambi\u00e9n<\/span><\/p>\n<hr>\n<h3>Con gol y asistencia de Lautaro Mart\u00ednez, Inter venci\u00f3 al Empoli 3-0<\/h3>\n<\/p>\n<\/section>\n<\/div>\n<div class=\"sc-a7166897-0 eoLsBE\" readability=\"6\">\n<section readability=\"2\"><picture><img alt=\"La chicana de un ex Boca que elimin\u00f3 a River con Mineiro\" loading=\"lazy\" width=\"290\" height=\"290\" decoding=\"async\" data-nimg=\"1\" src=\"http:\/\/cordobadirecto.com\/wp-content\/uploads\/2024\/10\/tras-no-ingresar-al-reducido-ferro-se-quedo-sin-entrenador-3.jpg\"><\/picture>\n<p><span>Mir\u00e1 tambi\u00e9n<\/span><\/p>\n<hr>\n<h3>La chicana de un ex Boca que elimin\u00f3 a River con Mineiro<\/h3>\n<\/p>\n<\/section>\n<\/div>\n<div class=\"sc-a7166897-0 eoLsBE\" readability=\"7\">\n<section readability=\"4\"><picture><img alt=\"De acuerdo a los antecedentes, a cu\u00e1nto podr\u00eda ascender la multa de Conmebol a River por la fiesta \" loading=\"lazy\" width=\"290\" height=\"290\" decoding=\"async\" data-nimg=\"1\" src=\"http:\/\/cordobadirecto.com\/wp-content\/uploads\/2024\/10\/tras-no-ingresar-al-reducido-ferro-se-quedo-sin-entrenador-4.jpg\"><\/picture>\n<p><span>Mir\u00e1 tambi\u00e9n<\/span><\/p>\n<hr>\n<h3>De acuerdo a los antecedentes, a cu\u00e1nto podr\u00eda ascender la multa de Conmebol a River por la fiesta <\/h3>\n<\/p>\n<\/section>\n<\/div>\n<div class=\"sc-a7166897-0 eoLsBE\" readability=\"6\">\n<section readability=\"2\"><picture><img alt=\"El palito del nieto de Bianchi tras la eliminaci\u00f3n de River\" loading=\"lazy\" width=\"290\" height=\"290\" decoding=\"async\" data-nimg=\"1\" src=\"http:\/\/cordobadirecto.com\/wp-content\/uploads\/2024\/10\/tras-no-ingresar-al-reducido-ferro-se-quedo-sin-entrenador-5.jpg\"><\/picture>\n<p><span>Mir\u00e1 tambi\u00e9n<\/span><\/p>\n<hr>\n<h3>El palito del nieto de Bianchi tras la eliminaci\u00f3n de River<\/h3>\n<\/p>\n<\/section>\n<\/div>\n<\/div>\n","protected":false},"excerpt":{"rendered":"<p>30\/10\/2024 17:22hs. El pasado domingo en Escalada, tras empatar sin goles ante Talleres, se firm\u00f3 un nuevo fracaso para Ferro. O as\u00ed lo entendieron sus hinchas, que el martes por la tarde se autoconvocaron en la Sede Social para reclamar contra la Comisi\u00f3n Directiva por el mal presente deportivo. Claro, porque qued\u00f3 afuera del Reducido [&hellip;]<\/p>\n","protected":false},"author":1,"featured_media":157563,"comment_status":"closed","ping_status":"closed","sticky":false,"template":"","format":"standard","meta":[],"categories":[21],"tags":[],"_links":{"self":[{"href":"http:\/\/cordobadirecto.com\/index.php\/wp-json\/wp\/v2\/posts\/157562"}],"collection":[{"href":"http:\/\/cordobadirecto.com\/index.php\/wp-json\/wp\/v2\/posts"}],"about":[{"href":"http:\/\/cordobadirecto.com\/index.php\/wp-json\/wp\/v2\/types\/post"}],"author":[{"embeddable":true,"href":"http:\/\/cordobadirecto.com\/index.php\/wp-json\/wp\/v2\/users\/1"}],"replies":[{"embeddable":true,"href":"http:\/\/cordobadirecto.com\/index.php\/wp-json\/wp\/v2\/comments?post=157562"}],"version-history":[{"count":0,"href":"http:\/\/cordobadirecto.com\/index.php\/wp-json\/wp\/v2\/posts\/157562\/revisions"}],"wp:featuredmedia":[{"embeddable":true,"href":"http:\/\/cordobadirecto.com\/index.php\/wp-json\/wp\/v2\/media\/157563"}],"wp:attachment":[{"href":"http:\/\/cordobadirecto.com\/index.php\/wp-json\/wp\/v2\/media?parent=157562"}],"wp:term":[{"taxonomy":"category","embeddable":true,"href":"http:\/\/cordobadirecto.com\/index.php\/wp-json\/wp\/v2\/categories?post=157562"},{"taxonomy":"post_tag","embeddable":true,"href":"http:\/\/cordobadirecto.com\/index.php\/wp-json\/wp\/v2\/tags?post=157562"}],"curies":[{"name":"wp","href":"https:\/\/api.w.org\/{rel}","templated":true}]}}