{"id":157570,"date":"2024-10-31T03:46:26","date_gmt":"2024-10-31T03:46:26","guid":{"rendered":"http:\/\/cordobadirecto.com\/index.php\/2024\/10\/31\/milei-en-cordoba-pondero-su-gestion-y-recibio-un-fuerte-aval-empresarial-la-voz\/"},"modified":"2024-10-31T03:46:26","modified_gmt":"2024-10-31T03:46:26","slug":"milei-en-cordoba-pondero-su-gestion-y-recibio-un-fuerte-aval-empresarial-la-voz","status":"publish","type":"post","link":"http:\/\/cordobadirecto.com\/index.php\/2024\/10\/31\/milei-en-cordoba-pondero-su-gestion-y-recibio-un-fuerte-aval-empresarial-la-voz\/","title":{"rendered":"Milei en <b>C\u00f3rdoba<\/b>: ponder\u00f3 su gesti\u00f3n y recibi\u00f3 un fuerte aval empresarial &#8211; La Voz"},"content":{"rendered":"<p>Se refiri\u00f3 a su plan econ\u00f3mico frente a m\u00e1s de 2000 empresarios. Atac\u00f3 a Ra\u00fal Alfons\u00edn y dijo que hab\u00eda \u201capoyado un golpe de Estado\u201d. <\/p>\n","protected":false},"excerpt":{"rendered":"<p>Se refiri\u00f3 a su plan econ\u00f3mico frente a m\u00e1s de 2000 empresarios. Atac\u00f3 a Ra\u00fal Alfons\u00edn y dijo que hab\u00eda \u201capoyado un golpe de Estado\u201d.<\/p>\n","protected":false},"author":1,"featured_media":0,"comment_status":"closed","ping_status":"closed","sticky":false,"template":"","format":"standard","meta":[],"categories":[40],"tags":[],"_links":{"self":[{"href":"http:\/\/cordobadirecto.com\/index.php\/wp-json\/wp\/v2\/posts\/157570"}],"collection":[{"href":"http:\/\/cordobadirecto.com\/index.php\/wp-json\/wp\/v2\/posts"}],"about":[{"href":"http:\/\/cordobadirecto.com\/index.php\/wp-json\/wp\/v2\/types\/post"}],"author":[{"embeddable":true,"href":"http:\/\/cordobadirecto.com\/index.php\/wp-json\/wp\/v2\/users\/1"}],"replies":[{"embeddable":true,"href":"http:\/\/cordobadirecto.com\/index.php\/wp-json\/wp\/v2\/comments?post=157570"}],"version-history":[{"count":0,"href":"http:\/\/cordobadirecto.com\/index.php\/wp-json\/wp\/v2\/posts\/157570\/revisions"}],"wp:attachment":[{"href":"http:\/\/cordobadirecto.com\/index.php\/wp-json\/wp\/v2\/media?parent=157570"}],"wp:term":[{"taxonomy":"category","embeddable":true,"href":"http:\/\/cordobadirecto.com\/index.php\/wp-json\/wp\/v2\/categories?post=157570"},{"taxonomy":"post_tag","embeddable":true,"href":"http:\/\/cordobadirecto.com\/index.php\/wp-json\/wp\/v2\/tags?post=157570"}],"curies":[{"name":"wp","href":"https:\/\/api.w.org\/{rel}","templated":true}]}}