{"id":157590,"date":"2024-10-31T17:41:19","date_gmt":"2024-10-31T17:41:19","guid":{"rendered":"https:\/\/www.ole.com.ar\/autos\/franco-colapinto-gran-premio-brasil-interlagos-formula-1-apoyo-max-verstappen-yuki-tsunoda-lewis-hamilton-williams_0_iWUHUy8XN7.html"},"modified":"2024-10-31T17:41:19","modified_gmt":"2024-10-31T17:41:19","slug":"verstappen-y-hamilton-pidieron-por-colapinto-en-la-formula1-merece-un-asiento","status":"publish","type":"post","link":"http:\/\/cordobadirecto.com\/index.php\/2024\/10\/31\/verstappen-y-hamilton-pidieron-por-colapinto-en-la-formula1-merece-un-asiento\/","title":{"rendered":"Verstappen y Hamilton pidieron por Colapinto en la F\u00f3rmula1: &#8220;Merece un asiento&#8221;"},"content":{"rendered":"<p><span class=\"createDate\">31\/10\/2024 14:41hs.<\/span><time class=\"modificatedDate\" datetime=\"2024-10-31T15:12:11-03:00\"> Actualizado al 31\/10\/2024 15:12hs.<\/time><\/p>\n<div id=\"storyBody\">\n<div class=\"custom-text \" readability=\"37.457212713936\">\n<p>En la previa del <strong>Gran Premio de Brasil<\/strong>, en Interlagos, destacados pilotos de <strong><a href=\"https:\/\/www.ole.com.ar\/tema\/formula-1.html\" title=\"F\u00f3rmula 1\" alt=\"F\u00f3rmula 1\" class=\"slug\">F\u00f3rmula 1<\/a><\/strong> elogiaron al argentino<a href=\"https:\/\/www.ole.com.ar\/tema\/franco-colapinto.html\" title=\"Franco Colapinto\" alt=\"Franco Colapinto\" class=\"slug\"> Franco Colapinto<\/a>, reconociendo su talento y resaltando sus posibilidades de llegar a ocupar un lugar fijo en la m\u00e1xima categor\u00eda. El joven de 21 a\u00f1os logr\u00f3 la atenci\u00f3n no solo de los fan\u00e1ticos, sino tambi\u00e9n de figuras de peso en el paddock, quienes ven en \u00e9l un potencial futuro competidor.<\/p>\n<\/div>\n<div class=\"custom-text \" readability=\"36\">\n<p>Este jueves, en una conferencia de prensa organizada por la FIA, varios pilotos de F1 respondieron preguntas de los medios, incluyendo temas relacionados con el piloto argentino.<\/p>\n<\/div>\n<p><h2><strong>\u00bfQu\u00e9 dijeron Verstappen, Hamilton y Tsunoda de Colapinto?<\/strong><\/h2>\n<\/p>\n<div class=\"custom-text \" readability=\"40.727642276423\">\n<p>El actual tricampe\u00f3n del mundo y piloto de Red Bull, <a href=\"https:\/\/www.ole.com.ar\/tema\/max-verstappen.html\" title=\"Max Verstappen\" alt=\"Max Verstappen\" class=\"slug\">Max Verstappen<\/a>, fue uno de los primeros en pronunciarse sobre el nacido en Pilar: <strong>&#8220;Franco Colapinto merece un asiento con lo que ya ha demostrado&#8221;<\/strong>, afirm\u00f3 de manera enf\u00e1tica, destacando su potencial y habilidades en la pista. En la misma l\u00ednea, el piloto japon\u00e9s de Alpha Tauri, <a href=\"https:\/\/www.ole.com.ar\/tema\/yuki-tsunoda.html\" title=\"Yuki Tsunoda\" alt=\"Yuki Tsunoda\" class=\"slug\">Yuki Tsunoda<\/a>, coment\u00f3: <strong>&#8220;Me sorprender\u00eda que no consideren a Colapinto&#8221;<\/strong>, remarcando el impacto que ha generado el joven argentino en el ambiente de la F1.<\/p>\n<\/div>\n<div class=\"sc-e7b891c4-0 ifHnQL image-embed\"><img alt=\"Conferencia prensa Max Verstappen (FTP CLARIN)\" loading=\"lazy\" width=\"720\" height=\"100\" decoding=\"async\" data-nimg=\"1\" src=\"http:\/\/cordobadirecto.com\/wp-content\/uploads\/2024\/10\/verstappen-y-hamilton-pidieron-por-colapinto-en-la-formula1-merece-un-asiento.jpg\"><span class=\"epigraphe\">Conferencia prensa Max Verstappen (FTP CLARIN)<\/span><\/div>\n<div class=\"custom-text \" readability=\"36.948616600791\">\n<p>El piloto de Mercedes y siete veces campe\u00f3n del mundo, <a href=\"https:\/\/www.ole.com.ar\/tema\/lewis-hamilton.html\" title=\"Lewis Hamilton\" alt=\"Lewis Hamilton\" class=\"slug\">Lewis Hamilton<\/a>, es una de las palabras autorizadas dentro del automovilismo y tambi\u00e9n tuvo palabras de reconocimiento para el argentino:<strong> &#8220;Creo que Franco se merece estar aqu\u00ed en la F\u00f3rmula 1. Hay un asiento disponible; mi consejo es que siga presionando y se concentre en hacer su trabajo. Yo estar\u00e9 presionando de mi lado para asegurarle un asiento&#8221;<\/strong>, expres\u00f3 dandole una sugerencia basada en su experiencia y buscando el crecimiento del piloto.<\/p>\n<\/div>\n<div class=\"sc-e7b891c4-0 ifHnQL image-embed\"><img alt=\"Lewis Hamilton en conferencia de prensa antes del GP de Brasil (AP Photo)\" loading=\"lazy\" width=\"720\" height=\"100\" decoding=\"async\" data-nimg=\"1\" src=\"http:\/\/cordobadirecto.com\/wp-content\/uploads\/2024\/10\/verstappen-y-hamilton-pidieron-por-colapinto-en-la-formula1-merece-un-asiento-1.jpg\"><span class=\"epigraphe\">Lewis Hamilton en conferencia de prensa antes del GP de Brasil (AP Photo)<\/span><\/div>\n<p><h2><strong>\u00bfQu\u00e9 dijo Franco sobre ocupar un lugar en la F1?<\/strong><\/h2>\n<\/p>\n<div class=\"custom-text \" readability=\"38\">\n<p>Por su parte, Colapinto no dej\u00f3 pasar la oportunidad de expresar sus deseos y coment\u00f3 con humildad: <strong>&#8220;Intento hacerlo lo mejor posible para mostrar que merezco un asiento. Si no es en 2025, espero que sea en 2026 o 2027. No tengo presi\u00f3n ni nada parecido&#8221;,<\/strong> dijo reflejando determinaci\u00f3n y paciencia.<\/p>\n<\/div>\n<div class=\"custom-text \" readability=\"39\">\n<p>Aunque la expectativa por verlo en un monoplaza de F\u00f3rmula 1 es alta para todo el pueblo argentino, la situaci\u00f3n actual sigue siendo incierta. El joven de 21 a\u00f1os mantiene un v\u00ednculo con el equipo Williams, pero tambi\u00e9n expres\u00f3 su deseo de avanzar: <strong>&#8220;Si Williams no puede darme un asiento, lo normal ser\u00eda que me dejaran ir a otro lado&#8221;<\/strong>, afirm\u00f3.<\/p>\n<\/div>\n<div class=\"custom-text \" readability=\"38\">\n<p>Adem\u00e1s, <strong>se espera un recibimiento \u00fanico e irrepetible este fin de semana de carrera para Franco<\/strong>: aprovechando la cercan\u00eda geogr\u00e1fica entre Brasil y Argentina, se espera que una gran cantidad de seguidores argentinos (m\u00e1s los que ya se encuentran all\u00ed) asistan al evento en San Pablo, sumando su apoyo a Colapinto.<\/p>\n<\/div>\n<div class=\"custom-text \" readability=\"32\">\n<p><strong>SAN PABLO (ENVIADO ESPECIAL).<\/strong><\/p>\n<\/div>\n<div class=\"sc-e7b891c4-0 ifHnQL image-embed\"><img alt=\"Conferencia prensa Franco Colapinto junto a Lewis Hamilton y Lance Stroll (FTP CLARIN)\" loading=\"lazy\" width=\"720\" height=\"100\" decoding=\"async\" data-nimg=\"1\" src=\"http:\/\/cordobadirecto.com\/wp-content\/uploads\/2024\/10\/verstappen-y-hamilton-pidieron-por-colapinto-en-la-formula1-merece-un-asiento-2.jpg\"><span class=\"epigraphe\">Conferencia prensa Franco Colapinto junto a Lewis Hamilton y Lance Stroll (FTP CLARIN)<\/span><\/div>\n<div class=\"sc-a7166897-0 eoLsBE\" readability=\"6\">\n<section readability=\"2\"><picture><img alt=\"C\u00f3mo viene la recuperaci\u00f3n de Aliendro y la fecha que analizan en River \" loading=\"lazy\" width=\"290\" height=\"290\" decoding=\"async\" data-nimg=\"1\" src=\"http:\/\/cordobadirecto.com\/wp-content\/uploads\/2024\/10\/verstappen-y-hamilton-pidieron-por-colapinto-en-la-formula1-merece-un-asiento-3.jpg\"><\/picture>\n<p><span>Mir\u00e1 tambi\u00e9n<\/span><\/p>\n<hr>\n<h3>C\u00f3mo viene la recuperaci\u00f3n de Aliendro y la fecha que analizan en River <\/h3>\n<\/p>\n<\/section>\n<\/div>\n<div class=\"sc-a7166897-0 eoLsBE\" readability=\"6\">\n<section readability=\"2\"><picture><img alt=\"Francisco Cerundolo qued\u00f3 eliminado del Masters 1000 de Par\u00eds\" loading=\"lazy\" width=\"290\" height=\"290\" decoding=\"async\" data-nimg=\"1\" src=\"http:\/\/cordobadirecto.com\/wp-content\/uploads\/2024\/10\/verstappen-y-hamilton-pidieron-por-colapinto-en-la-formula1-merece-un-asiento-4.jpg\"><\/picture>\n<p><span>Mir\u00e1 tambi\u00e9n<\/span><\/p>\n<hr>\n<h3>Francisco Cerundolo qued\u00f3 eliminado del Masters 1000 de Par\u00eds<\/h3>\n<\/p>\n<\/section>\n<\/div>\n<div class=\"sc-a7166897-0 eoLsBE\" readability=\"7\">\n<section readability=\"4\"><picture><img alt=\"Dibu Mart\u00ednez: jugar hasta los 42, pilates y &quot;ser la mejor selecci\u00f3n de la historia&quot;\" loading=\"lazy\" width=\"290\" height=\"290\" decoding=\"async\" data-nimg=\"1\" src=\"http:\/\/cordobadirecto.com\/wp-content\/uploads\/2024\/10\/verstappen-y-hamilton-pidieron-por-colapinto-en-la-formula1-merece-un-asiento-5.jpg\"><\/picture>\n<p><span>Mir\u00e1 tambi\u00e9n<\/span><\/p>\n<hr>\n<h3>Dibu Mart\u00ednez: jugar hasta los 42, pilates y &#8220;ser la mejor selecci\u00f3n de la historia&#8221;<\/h3>\n<\/p>\n<\/section>\n<\/div>\n<\/div>\n","protected":false},"excerpt":{"rendered":"<p>31\/10\/2024 14:41hs. Actualizado al 31\/10\/2024 15:12hs. En la previa del Gran Premio de Brasil, en Interlagos, destacados pilotos de F\u00f3rmula 1 elogiaron al argentino Franco Colapinto, reconociendo su talento y resaltando sus posibilidades de llegar a ocupar un lugar fijo en la m\u00e1xima categor\u00eda. El joven de 21 a\u00f1os logr\u00f3 la atenci\u00f3n no solo de [&hellip;]<\/p>\n","protected":false},"author":1,"featured_media":157591,"comment_status":"closed","ping_status":"closed","sticky":false,"template":"","format":"standard","meta":[],"categories":[21],"tags":[],"_links":{"self":[{"href":"http:\/\/cordobadirecto.com\/index.php\/wp-json\/wp\/v2\/posts\/157590"}],"collection":[{"href":"http:\/\/cordobadirecto.com\/index.php\/wp-json\/wp\/v2\/posts"}],"about":[{"href":"http:\/\/cordobadirecto.com\/index.php\/wp-json\/wp\/v2\/types\/post"}],"author":[{"embeddable":true,"href":"http:\/\/cordobadirecto.com\/index.php\/wp-json\/wp\/v2\/users\/1"}],"replies":[{"embeddable":true,"href":"http:\/\/cordobadirecto.com\/index.php\/wp-json\/wp\/v2\/comments?post=157590"}],"version-history":[{"count":0,"href":"http:\/\/cordobadirecto.com\/index.php\/wp-json\/wp\/v2\/posts\/157590\/revisions"}],"wp:featuredmedia":[{"embeddable":true,"href":"http:\/\/cordobadirecto.com\/index.php\/wp-json\/wp\/v2\/media\/157591"}],"wp:attachment":[{"href":"http:\/\/cordobadirecto.com\/index.php\/wp-json\/wp\/v2\/media?parent=157590"}],"wp:term":[{"taxonomy":"category","embeddable":true,"href":"http:\/\/cordobadirecto.com\/index.php\/wp-json\/wp\/v2\/categories?post=157590"},{"taxonomy":"post_tag","embeddable":true,"href":"http:\/\/cordobadirecto.com\/index.php\/wp-json\/wp\/v2\/tags?post=157590"}],"curies":[{"name":"wp","href":"https:\/\/api.w.org\/{rel}","templated":true}]}}