{"id":157592,"date":"2024-10-31T16:50:35","date_gmt":"2024-10-31T16:50:35","guid":{"rendered":"https:\/\/www.ole.com.ar\/autos\/franco-colapinto-red-bull-formula-1-f1-brasil-gp-interlagos-futuro-quedarse_0_xIdd7DfHYP.html"},"modified":"2024-10-31T16:50:35","modified_gmt":"2024-10-31T16:50:35","slug":"franco-colapinto-si-williams-no-puede-darme-un-asiento-lo-normal-seria-que-me-dejaran-ir-a-otro-lado","status":"publish","type":"post","link":"http:\/\/cordobadirecto.com\/index.php\/2024\/10\/31\/franco-colapinto-si-williams-no-puede-darme-un-asiento-lo-normal-seria-que-me-dejaran-ir-a-otro-lado\/","title":{"rendered":"Franco Colapinto: &#8220;Si Williams no puede darme un asiento, lo normal ser\u00eda que me dejaran ir a otro lado&#8221;"},"content":{"rendered":"<p><span class=\"createDate\">31\/10\/2024 13:50hs.<\/span><time class=\"modificatedDate\" datetime=\"2024-10-31T15:13:13-03:00\"> Actualizado al 31\/10\/2024 15:13hs.<\/time><\/p>\n<div id=\"storyBody\">\n<div class=\"custom-text \" readability=\"38.859180035651\">\n<p>El futuro de <strong><a href=\"https:\/\/www.ole.com.ar\/tema\/franco-colapinto.html\" title=\"Franco Colapinto\" alt=\"Franco Colapinto\" class=\"slug\">Franco Colapinto<\/a> <\/strong>en la F\u00f3rmula 1 es una incertidumbre de la cual mucha gente dentro de la categor\u00eda est\u00e1 hablando. En el medio del revuelo de informaci\u00f3n y rumores, varios personajes de la M\u00e1xima dieron su opini\u00f3n sobre lo que deber\u00eda pasar con el pilarense en la temporada que viene. Esta vez, el que habl\u00f3 es el propio Colapinto, que lejos de quedarse en el molde, dej\u00f3 una postura clara en cuando a la butaca que ocupe una vez terminado este a\u00f1o: <strong>&#8220;Si Williams no puede darme un asiento, lo normal ser\u00eda que me dejaran ir a otro lado&#8221;<\/strong>.<\/p>\n<\/div>\n<div class=\"custom-text \" readability=\"37\">\n<p>Siguien con esa l\u00ednea, ampli\u00f3: &#8220;Lo m\u00e1s normal es que me permitan ir a otro lugar y que encuentren la mejor oportunidad para m\u00ed, para el futuro. Pero no soy la persona adecuada para contestarlo, deber\u00eda ser la \u00faltima&#8221;.<\/p>\n<\/div>\n<div class=\"custom-text \" readability=\"42\">\n<p>En la conferencia de prensa previa al comienzo de la actividad en Interlagos, en la que tambi\u00e9n participaron Lewis Hamilton y Lance Stroll, el pilarense se refiri\u00f3 al lugar que ocupar\u00e1 en la temporada que viene, y le mand\u00f3 un fuerte mensaje a su equipo, tomando partido y asegurando que <strong>quiere ocupar un asiento como piloto principal de alguna escuder\u00eda<\/strong>. De las que ya se hablan es Sauber, RB, mismo Williams (por ahora como piloto de reserva), y en las \u00faltimas horas lo que movi\u00f3 todo fue la aparici\u00f3n de <strong>Red Bull <\/strong>como posible horizonte.<\/p>\n<\/div>\n<div class=\"sc-e7b891c4-0 ifHnQL image-embed\"><img alt=\"Franco Colapinto en el GP de M\u00e9xico. (Foto: @WilliamsRacing).\" loading=\"lazy\" width=\"720\" height=\"100\" decoding=\"async\" data-nimg=\"1\" src=\"http:\/\/cordobadirecto.com\/wp-content\/uploads\/2024\/10\/franco-colapinto-si-williams-no-puede-darme-un-asiento-lo-normal-seria-que-me-dejaran-ir-a-otro-lado.jpg\"><span class=\"epigraphe\">Franco Colapinto en el GP de M\u00e9xico. (Foto: @WilliamsRacing).<\/span><\/div>\n<div class=\"custom-text \" readability=\"41\">\n<p>&#8220;<strong>Me gustar\u00eda estar en la F1<\/strong>. Lo intento hacer lo mejor posible para mostrar que merezco un asiento. Si no es el a\u00f1o que viene, espero que sea en el 26 o el 27&#8243;, afirm\u00f3 Franco, sereno. Adem\u00e1s, ocurrente por su presencia en suelo brasile\u00f1o, fue consultado por <strong>Ayrton Senna<\/strong>, y dijo que <strong>&#8220;es definitivamente una gran inspiraci\u00f3n para m\u00ed&#8221;<\/strong>.<\/p>\n<\/div>\n<div class=\"custom-text \" readability=\"36\">\n<p>Respecto del supuesto inter\u00e9s de Red Bull, tambi\u00e9n le preguntaron, y esto contest\u00f3: &#8220;Creo que no deber\u00eda ser yo a la persona que se le pregunte sobre eso. Por supuesto, no s\u00e9 la respuesta&#8221;.<\/p>\n<\/div>\n<div class=\"custom-text \" readability=\"39\">\n<p>Franco es uno de los pilotos m\u00e1s requeridos por la prensa internacional, no solo por los argentinos. Su fresca irrupci\u00f3n en la M\u00e1xima y resultados (<strong>nunca baj\u00f3 del 12\u00b0 puesto en sus cinco carreras ya disputadas<\/strong>, le faltan cuatro para termionar la temporada) genera hasta curiosidad, y por eso le preguntaron por su \u00e9poca de adolescente, cuando se mud\u00f3 solo a Espa\u00f1a para correr.<\/p>\n<\/div>\n<div class=\"sc-e7b891c4-0 ifHnQL image-embed\"><img alt=\"Franco Colapinto y Lewis Hamilton a pura selfie.\" loading=\"lazy\" width=\"720\" height=\"100\" decoding=\"async\" data-nimg=\"1\" src=\"http:\/\/cordobadirecto.com\/wp-content\/uploads\/2024\/10\/franco-colapinto-si-williams-no-puede-darme-un-asiento-lo-normal-seria-que-me-dejaran-ir-a-otro-lado-1.jpg\"><span class=\"epigraphe\">Franco Colapinto y Lewis Hamilton a pura selfie.<\/span><\/div>\n<div class=\"custom-text \" readability=\"44\">\n<p>Franco, as\u00ed, record\u00f3 sus primeros a\u00f1os lejos de su casa, viviendo solo en Europa y la diferencia que existe con los pilotos locales en la vida fuera de la pista: &#8220;Ser\u00eda genial tener otro sudamericano, las cosas est\u00e1n mejorando, me cost\u00f3 mucho abandonar mi pa\u00eds e irme a Europa. <strong>Cuando sos europeo terminas la carrera, te tomas un avi\u00f3n y en una hora est\u00e1s en tu casa con tu familia<\/strong>, mientras que yo ten\u00eda 14 a\u00f1os, viv\u00eda solo, y despu\u00e9s de un fin de semana complicado necesitaba un abrazo&#8221;. <\/p>\n<\/div>\n<div class=\"custom-text \" readability=\"41\">\n<p>&#8220;Hay mucho talento en Sudam\u00e9rica y lo mostramos cuando alguien tiene una oportunidad de rendir. Ahora est\u00e1n mejorando, Lewis habl\u00f3 de lo importante que es ser bienvenido, y el habl\u00f3 de c\u00f3mo no fue tan bienvenido y ahora da lo que \u00e9l no tuvo, <strong>pero me encontr\u00e9 una parrilla muy abierta que me dio la bienvenida<\/strong>, y es emocionante ver como estamos progresando como sociedad&#8221;, valor\u00f3 a los corredores de Sudam\u00e9rica, y cit\u00f3 a Hamilton sobre sus primeras semanas en el paddock de la F1.<\/p>\n<\/div>\n<div class=\"custom-text \" readability=\"38\">\n<p>Por supuesto, destac\u00f3 a su equipo, y por eso elogio: &#8220;Me dieron una oportunidad incre\u00edble, gracias a James (Vowles). Todo el equipo me dio mucha confianza. No esperaba conseguirlo este a\u00f1o y trato de hacer lo mejor posible, tener los mejores resultados para demostrar que merezco estar aqu\u00ed&#8221;.<\/p>\n<\/div>\n<div class=\"custom-text \" readability=\"38\">\n<p>Finalmente, bajando los decibeles de los rumores y todo lo que se escribe con o sin fundamento sonre su futuro, eligi\u00f3 apoyarse en el presente y ser realista: &#8220;Pienso que no voy a correr en F\u00f3rmula 1 el a\u00f1o que viene, y esa sigue siendo mi primera opini\u00f3n. Realmente no me emociono por lo que sea que est\u00e9n hablando&#8221;.<\/p>\n<\/div>\n<div class=\"custom-text \" readability=\"32\">\n<p><strong>SAN PABLO (ENVIADO ESPECIAL).<\/strong><\/p>\n<\/div>\n<div class=\"sc-a7166897-0 eoLsBE\" readability=\"6\">\n<section readability=\"2\"><picture><img alt=\"El jefe de Red Bull confirm\u00f3 su inter\u00e9s por Franco Colapinto\" loading=\"lazy\" width=\"290\" height=\"290\" decoding=\"async\" data-nimg=\"1\" src=\"http:\/\/cordobadirecto.com\/wp-content\/uploads\/2024\/10\/franco-colapinto-si-williams-no-puede-darme-un-asiento-lo-normal-seria-que-me-dejaran-ir-a-otro-lado-2.jpg\"><\/picture>\n<p><span>Mir\u00e1 tambi\u00e9n<\/span><\/p>\n<hr>\n<h3>El jefe de Red Bull confirm\u00f3 su inter\u00e9s por Franco Colapinto<\/h3>\n<\/p>\n<\/section>\n<\/div>\n<div class=\"sc-a7166897-0 eoLsBE\" readability=\"6\">\n<section readability=\"2\"><picture><img alt=\"Ralf Schumacher y un comentario que puede influir en el futuro de Colapinto\" loading=\"lazy\" width=\"290\" height=\"290\" decoding=\"async\" data-nimg=\"1\" src=\"http:\/\/cordobadirecto.com\/wp-content\/uploads\/2024\/10\/franco-colapinto-si-williams-no-puede-darme-un-asiento-lo-normal-seria-que-me-dejaran-ir-a-otro-lado-3.jpg\"><\/picture>\n<p><span>Mir\u00e1 tambi\u00e9n<\/span><\/p>\n<hr>\n<h3>Ralf Schumacher y un comentario que puede influir en el futuro de Colapinto<\/h3>\n<\/p>\n<\/section>\n<\/div>\n<div class=\"sc-a7166897-0 eoLsBE\" readability=\"6\">\n<section readability=\"2\"><picture><img alt=\"Video: el hit con el que Franco Colapinto lleg\u00f3 cantando a Interlagos\" loading=\"lazy\" width=\"290\" height=\"290\" decoding=\"async\" data-nimg=\"1\" src=\"http:\/\/cordobadirecto.com\/wp-content\/uploads\/2024\/10\/franco-colapinto-si-williams-no-puede-darme-un-asiento-lo-normal-seria-que-me-dejaran-ir-a-otro-lado-4.jpg\"><\/picture>\n<p><span>Mir\u00e1 tambi\u00e9n<\/span><\/p>\n<hr>\n<h3>Video: el hit con el que Franco Colapinto lleg\u00f3 cantando a Interlagos<\/h3>\n<\/p>\n<\/section>\n<\/div>\n<\/div>\n","protected":false},"excerpt":{"rendered":"<p>31\/10\/2024 13:50hs. Actualizado al 31\/10\/2024 15:13hs. El futuro de Franco Colapinto en la F\u00f3rmula 1 es una incertidumbre de la cual mucha gente dentro de la categor\u00eda est\u00e1 hablando. En el medio del revuelo de informaci\u00f3n y rumores, varios personajes de la M\u00e1xima dieron su opini\u00f3n sobre lo que deber\u00eda pasar con el pilarense en [&hellip;]<\/p>\n","protected":false},"author":1,"featured_media":157593,"comment_status":"closed","ping_status":"closed","sticky":false,"template":"","format":"standard","meta":[],"categories":[21],"tags":[],"_links":{"self":[{"href":"http:\/\/cordobadirecto.com\/index.php\/wp-json\/wp\/v2\/posts\/157592"}],"collection":[{"href":"http:\/\/cordobadirecto.com\/index.php\/wp-json\/wp\/v2\/posts"}],"about":[{"href":"http:\/\/cordobadirecto.com\/index.php\/wp-json\/wp\/v2\/types\/post"}],"author":[{"embeddable":true,"href":"http:\/\/cordobadirecto.com\/index.php\/wp-json\/wp\/v2\/users\/1"}],"replies":[{"embeddable":true,"href":"http:\/\/cordobadirecto.com\/index.php\/wp-json\/wp\/v2\/comments?post=157592"}],"version-history":[{"count":0,"href":"http:\/\/cordobadirecto.com\/index.php\/wp-json\/wp\/v2\/posts\/157592\/revisions"}],"wp:featuredmedia":[{"embeddable":true,"href":"http:\/\/cordobadirecto.com\/index.php\/wp-json\/wp\/v2\/media\/157593"}],"wp:attachment":[{"href":"http:\/\/cordobadirecto.com\/index.php\/wp-json\/wp\/v2\/media?parent=157592"}],"wp:term":[{"taxonomy":"category","embeddable":true,"href":"http:\/\/cordobadirecto.com\/index.php\/wp-json\/wp\/v2\/categories?post=157592"},{"taxonomy":"post_tag","embeddable":true,"href":"http:\/\/cordobadirecto.com\/index.php\/wp-json\/wp\/v2\/tags?post=157592"}],"curies":[{"name":"wp","href":"https:\/\/api.w.org\/{rel}","templated":true}]}}