{"id":157606,"date":"2024-10-31T15:13:37","date_gmt":"2024-10-31T15:13:37","guid":{"rendered":"https:\/\/cordoba.gob.ar\/?p=63183"},"modified":"2024-10-31T15:13:37","modified_gmt":"2024-10-31T15:13:37","slug":"un-mercado-embrujado-en-el-centro-cultural-san-vicente","status":"publish","type":"post","link":"http:\/\/cordobadirecto.com\/index.php\/2024\/10\/31\/un-mercado-embrujado-en-el-centro-cultural-san-vicente\/","title":{"rendered":"Un Mercado Embrujado en el Centro Cultural San Vicente"},"content":{"rendered":"<div><img src=\"http:\/\/cordobadirecto.com\/wp-content\/uploads\/2024\/10\/un-mercado-embrujado-en-el-centro-cultural-san-vicente.jpg\" class=\"ff-og-image-inserted\"><\/div>\n<ul>\n<li><strong>Comenzar\u00e1 a las 17:00 y se extender\u00e1 hasta las 22:00 horas.<\/strong><\/li>\n<li><strong><strong>La entrada es libre y gratuita y est\u00e1 destinada a ni\u00f1os, adolescentes, familias, visitantes y turistas y todo aquel vecino con ganas de pasar una tarde terror\u00edfica llena de historia.<\/strong><\/strong><br \/>\n<hr>\n<\/li>\n<\/ul>\n<p>Este jueves el Centro Cultural San Vicente (San Jer\u00f3nimo 2850), se transformar\u00e1 en un \u201cMercado Embrujado\u201d con recorridos que se realizar\u00e1n por el edificio a partir de las 17:00 y hasta las 22:00 horas.<\/p>\n<p>En su cuarto a\u00f1o de realizaci\u00f3n, la iniciativa articulada entre el \u00e1rea de Cultura y la Subsecretaria de Coordinaci\u00f3n del Municipio invita a conocer los mitos y leyendas escondidas en el legendario barrio de la capital cordobesa.<\/p>\n<p>A\u00f1os anteriores las tem\u00e1ticas fueron cine de terror, luego la Leyenda del Lobiz\u00f3n y en el 2023 fue la historia de la Llorona. Cada edici\u00f3n convoc\u00f3 a grandes y a chicos a pasar una tarde con historia y terror.<\/p>\n<p>Este a\u00f1o, la propuesta har\u00e1 retroceder en el tiempo, y el Centro Cultural volver\u00e1 a 1929, a\u00f1o de su inauguraci\u00f3n cuando se transform\u00f3 en un Mercado de frutas y verduras. En ese espacio se sucedieron varios acontecimientos que se mantienen en el imaginario colectivo junto a diferentes leyendas urbanas como las del Puestero Don Pascual y la de la Dama de San Vicente.<\/p>\n<p>\u201cHalloween se ha convertido en un cl\u00e1sico de la Rep\u00fablica de San Vicente, se acerca la fecha y las consultas sobre las actividades propuestas son innumerables. La tem\u00e1tica de este a\u00f1o m\u00e1s all\u00e1 del entretenimiento busca que los ni\u00f1os conozcan la historia del tradicional Mercado de frutas y verduras. Con la leyenda de Pascual cerraremos con un mensaje de la importancia de mantener las cosas en orden\u201d explic\u00f3 Santiago G\u00f3mez, director General de Cultura de la Municipalidad de C\u00f3rdoba.<\/p>\n<p>Por su parte, la subsecretaria de Gobierno, Carolina Martin, a\u00f1adi\u00f3: \u201cExploramos la posibilidad de llevar la actividad al Cementerio San Vicente, pero finalmente decidimos mantener como una tradici\u00f3n para el barrio que el lugar sea en el Centro Cultural\u201d.<\/p>\n<p>En la noche de Halloween el edificio estar\u00e1 ambientado como en sus comienzos. Habr\u00e1 una carnicera y puestos de frutas y verduras embrujados, y se realizar\u00e1n recorridos donde se cruzar\u00e1n con estos personajes que regresan de la muerte.<\/p>\n<p>Seg\u00fan la leyenda, Don Pascual, un puestero reservado y obsesivo, proteg\u00eda incansablemente su puesto de frutas y verduras: obsesivo de que todo estuviera bien acomodado.<\/p>\n<p>Su paranoia de que otros puesteros le quitar\u00edan clientela lo llev\u00f3 a trabajar hasta altas horas. Una noche, tras escuchar un grito desgarrador, los vecinos lo encontraron muerto, con una expresi\u00f3n de terror. Desde entonces, algunos aseguran ver su sombra revisando los puestos o sentir un fr\u00edo helado y susurros que exigen mantener todo en orden.<\/p>\n<p>Otra de las leyendas del antiguo Mercado es la de La Dama de San Vicente, una clienta famosa por sus constantes quejas, tambi\u00e9n desaparecida tras la muerte de Don Pascual.<\/p>\n<p>Algunos testigos dicen haberla visto vagando entre los puestos con una expresi\u00f3n de tristeza y ojos hundidos.<\/p>\n<p>Los organizadores sugieren que los menores de 12 a\u00f1os vayan acompa\u00f1ados, ya que aquellos valientes que visiten el lugar podr\u00edan cruzarse con las inquietantes presencias de Don Pascual y La Dama de San Vicente.<\/p>\n<p>La propuesta es libre y gratuita, y al final del recorrido se repartir\u00e1n dulces a los participantes.<\/p>\n","protected":false},"excerpt":{"rendered":"<p>Comenzar\u00e1 a las 17:00 y se extender\u00e1 hasta las 22:00 horas. La entrada es libre y gratuita y est\u00e1 destinada a ni\u00f1os, adolescentes, familias, visitantes y turistas y todo aquel vecino con ganas de pasar una tarde terror\u00edfica llena de historia. Este jueves el Centro Cultural San Vicente (San Jer\u00f3nimo 2850), se transformar\u00e1 en un [&hellip;]<\/p>\n","protected":false},"author":1,"featured_media":157607,"comment_status":"closed","ping_status":"closed","sticky":false,"template":"","format":"standard","meta":[],"categories":[44],"tags":[],"_links":{"self":[{"href":"http:\/\/cordobadirecto.com\/index.php\/wp-json\/wp\/v2\/posts\/157606"}],"collection":[{"href":"http:\/\/cordobadirecto.com\/index.php\/wp-json\/wp\/v2\/posts"}],"about":[{"href":"http:\/\/cordobadirecto.com\/index.php\/wp-json\/wp\/v2\/types\/post"}],"author":[{"embeddable":true,"href":"http:\/\/cordobadirecto.com\/index.php\/wp-json\/wp\/v2\/users\/1"}],"replies":[{"embeddable":true,"href":"http:\/\/cordobadirecto.com\/index.php\/wp-json\/wp\/v2\/comments?post=157606"}],"version-history":[{"count":0,"href":"http:\/\/cordobadirecto.com\/index.php\/wp-json\/wp\/v2\/posts\/157606\/revisions"}],"wp:featuredmedia":[{"embeddable":true,"href":"http:\/\/cordobadirecto.com\/index.php\/wp-json\/wp\/v2\/media\/157607"}],"wp:attachment":[{"href":"http:\/\/cordobadirecto.com\/index.php\/wp-json\/wp\/v2\/media?parent=157606"}],"wp:term":[{"taxonomy":"category","embeddable":true,"href":"http:\/\/cordobadirecto.com\/index.php\/wp-json\/wp\/v2\/categories?post=157606"},{"taxonomy":"post_tag","embeddable":true,"href":"http:\/\/cordobadirecto.com\/index.php\/wp-json\/wp\/v2\/tags?post=157606"}],"curies":[{"name":"wp","href":"https:\/\/api.w.org\/{rel}","templated":true}]}}