{"id":157613,"date":"2024-10-31T20:26:48","date_gmt":"2024-10-31T20:26:48","guid":{"rendered":"https:\/\/es.digitaltrends.com\/?p=1046035"},"modified":"2024-10-31T20:26:48","modified_gmt":"2024-10-31T20:26:48","slug":"welcome-to-derry-adelanta-los-origenes-de-pennywise","status":"publish","type":"post","link":"http:\/\/cordobadirecto.com\/index.php\/2024\/10\/31\/welcome-to-derry-adelanta-los-origenes-de-pennywise\/","title":{"rendered":"Welcome to Derry adelanta los or\u00edgenes de Pennywise"},"content":{"rendered":"<figure id=\"attachment_3754029\" class=\"wp-caption alignnone\" aria-describedby=\"caption-attachment-3754029\"><img decoding=\"async\" class=\" size-large wp-image-3754029 h-lightbox is-zoomable dt-lazy-no h-lightbox is-zoomable\" src=\"http:\/\/cordobadirecto.com\/wp-content\/uploads\/2024\/11\/welcome-to-derry-adelanta-los-origenes-de-pennywise.jpg\" sizes=\"(max-width: 650px) 414px\" srcset=\"http:\/\/cordobadirecto.com\/wp-content\/uploads\/2024\/11\/welcome-to-derry-adelanta-los-origenes-de-pennywise-1.jpg 414w, http:\/\/cordobadirecto.com\/wp-content\/uploads\/2024\/11\/welcome-to-derry-adelanta-los-origenes-de-pennywise.jpg\" alt=\"Un miembro de la Fuerza A\u00e9rea saluda mientras su camarada est\u00e1 de pie a su lado.\" data-dt-lazy-src><figcaption id=\"caption-attachment-3754029\" class=\"wp-caption-text\"><span class=\"credit\">HBO<\/span><\/figcaption><\/figure>\n<p>No ser\u00eda Halloween sin el payaso menos favorito de todos, Pennywise. En honor a la festividad, Max ha presentado ocho primeras im\u00e1genes de<a href=\"https:\/\/es.digitaltrends.com\/entretenimiento\/bill-skarsgard-pennywise-it-precuela\/\"><strong>&nbsp;<em>It: Welcome to Derry<\/em><\/strong><\/a><em>,&nbsp;<\/em>la pr\u00f3xima serie precuela de&nbsp;<em>It&nbsp;<\/em>de HBO de Andy Muschietti, Barbara Muschietti y Jason Fuchs.<\/p>\n<p>Ambientada en 1962,&nbsp;<em>It: Welcome to Derry&nbsp;<\/em>est\u00e1 ambientada 27 a\u00f1os antes de los eventos de&nbsp;<em>It<\/em>, de Muschietti. La serie explora los interludios escritos por Mike Hanlon, quien entrevista a personas mayores, espec\u00edficamente a su padre, Will, que vivieron en la ciudad en la d\u00e9cada de 1960. Will y sus amigos de la Fuerza A\u00e9rea abrieron The Black Spot, un club nocturno que atend\u00eda a clientes negros.<\/p>\n<div class=\"b-connatix b-connatix--video\" id=\"dt-cnx-container-6723ef1b93bdc\">\n<div class=\"b-connatix__label\"> Recommended Videos <\/div>\n<div class=\"b-connatix__container\"> <\/div>\n<\/div>\n<p>En 1962, un grupo supremacista blanco conocido como la Legi\u00f3n de la Decencia Blanca de Maine incendi\u00f3 la Mancha Negra, matando a varias personas en su interior. A trav\u00e9s de su investigaci\u00f3n, Mike se entera de que Pennywise apareci\u00f3 en esa tr\u00e1gica noche de 1962. En lugar de un payaso, Pennywise apareci\u00f3 como un p\u00e1jaro gigante y arrebat\u00f3 a una v\u00edctima con sus garras.<\/p>\n<p>\u00abVeintisiete a\u00f1os es el per\u00edodo de inactividad de Pennywise\u00bb, escribieron los Muschietti en un correo electr\u00f3nico a&nbsp;<a href=\"https:\/\/ew.com\/it-welcome-to-derry-first-look-black-spot-hanlon-family-jovan-adepo-taylour-paige-exclusive-8736735\" target=\"_blank\" rel=\"nofollow noopener\">EW.<\/a>&nbsp;\u00abEs una parte diferente de la historia de Estados Unidos con un nuevo conjunto de temores para los ni\u00f1os, as\u00ed como para los adultos, teniendo en cuenta el costo de la Guerra Fr\u00eda. Nuestra l\u00ednea de base es 1962, pero hacemos algunos saltos al pasado\u2026 Cada 27 a\u00f1os, cuando aparece, su ciclo est\u00e1 marcado por dos eventos catastr\u00f3ficos, uno al principio y otro al final. Estamos utilizando el Black Spot como un evento en torno al cual se construyen muchas historias\u00bb.<\/p>\n<blockquote class=\"twitter-tweet\" data-width=\"500\" data-dnt=\"true\">\n<p lang=\"zxx\" dir=\"ltr\"><a href=\"https:\/\/t.co\/xk22XADTwu\">pic.twitter.com\/xk22XADTwu<\/a><\/p>\n<p>&amp;mdash; Max (@StreamOnMax) <a href=\"https:\/\/twitter.com\/StreamOnMax\/status\/1852018320662225271?ref_src=twsrc%5Etfw\">October 31, 2024<\/a><\/p>\n<\/blockquote>\n<p><em>It: Welcome to Derry&nbsp;<\/em>est\u00e1 protagonizada por Jovan Adepo, Taylour Paige, Chris Chalk, James Remar, Stephen Rider, Madeleine Stowe y Rudy Mancuso.&nbsp;Bill Skarsg\u00e5rd&nbsp;regresa como Pennywise de las pel\u00edculas de&nbsp;<em>It<\/em>. La serie de precuelas explorar\u00e1 los or\u00edgenes de Pennywise. Los detalles del personaje permanecen ocultos. Sin embargo, Adepo lleva un uniforme militar con la etiqueta de identificaci\u00f3n \u00abHanlon\u00bb, lo que sugiere que podr\u00eda estar interpretando a Will Hanlon.<\/p>\n<p>Andy dirigir\u00e1 cuatro de los nueve episodios. Basada en&nbsp;<em>It<\/em> de <a href=\"https:\/\/es.digitaltrends.com\/entretenimiento\/carrie-stephen-king-amazon-prime-video\/\"><strong>Stephen King<\/strong><\/a>,&nbsp;<em>Welcome to Derry se estrena&nbsp;<\/em>en HBO y se transmite en Max en 2025.<\/p>\n<p> <span id=\"publisher-md\" itemprop=\"publisher\" itemscope itemtype=\"https:\/\/schema.org\/Organization\"> <span itemprop=\"url\" itemtype=\"https:\/\/schema.org\/Url\" content=\"https:\/\/es.digitaltrends.com\"> <span itemprop=\"logo\" itemscope itemtype=\"https:\/\/schema.org\/ImageObject\"> <meta itemprop=\"url\" content=\"https:\/\/cdn.dtcn.com\/dt\/dt-logo-small.png\"> <meta itemprop=\"width\" content=\"0\"> <meta itemprop=\"height\" content=\"0\"> <\/span> <meta itemprop=\"name\" content=\"Digital Trends Espa\u00f1ol\"> <\/span> <span itemprop=\"image\" itemscope itemtype=\"https:\/\/schema.org\/ImageObject\"> <meta itemprop=\"url\" content=\"https:\/\/es.digitaltrends.com\/wp-content\/uploads\/2024\/10\/Welcome-to-Derry.jpeg?p=1\"> <\/span> <\/span> <\/p>\n","protected":false},"excerpt":{"rendered":"<p>HBO No ser\u00eda Halloween sin el payaso menos favorito de todos, Pennywise. En honor a la festividad, Max ha presentado ocho primeras im\u00e1genes de&nbsp;It: Welcome to Derry,&nbsp;la pr\u00f3xima serie precuela de&nbsp;It&nbsp;de HBO de Andy Muschietti, Barbara Muschietti y Jason Fuchs. Ambientada en 1962,&nbsp;It: Welcome to Derry&nbsp;est\u00e1 ambientada 27 a\u00f1os antes de los eventos de&nbsp;It, de [&hellip;]<\/p>\n","protected":false},"author":1,"featured_media":157614,"comment_status":"closed","ping_status":"closed","sticky":false,"template":"","format":"standard","meta":[],"categories":[18],"tags":[],"_links":{"self":[{"href":"http:\/\/cordobadirecto.com\/index.php\/wp-json\/wp\/v2\/posts\/157613"}],"collection":[{"href":"http:\/\/cordobadirecto.com\/index.php\/wp-json\/wp\/v2\/posts"}],"about":[{"href":"http:\/\/cordobadirecto.com\/index.php\/wp-json\/wp\/v2\/types\/post"}],"author":[{"embeddable":true,"href":"http:\/\/cordobadirecto.com\/index.php\/wp-json\/wp\/v2\/users\/1"}],"replies":[{"embeddable":true,"href":"http:\/\/cordobadirecto.com\/index.php\/wp-json\/wp\/v2\/comments?post=157613"}],"version-history":[{"count":0,"href":"http:\/\/cordobadirecto.com\/index.php\/wp-json\/wp\/v2\/posts\/157613\/revisions"}],"wp:featuredmedia":[{"embeddable":true,"href":"http:\/\/cordobadirecto.com\/index.php\/wp-json\/wp\/v2\/media\/157614"}],"wp:attachment":[{"href":"http:\/\/cordobadirecto.com\/index.php\/wp-json\/wp\/v2\/media?parent=157613"}],"wp:term":[{"taxonomy":"category","embeddable":true,"href":"http:\/\/cordobadirecto.com\/index.php\/wp-json\/wp\/v2\/categories?post=157613"},{"taxonomy":"post_tag","embeddable":true,"href":"http:\/\/cordobadirecto.com\/index.php\/wp-json\/wp\/v2\/tags?post=157613"}],"curies":[{"name":"wp","href":"https:\/\/api.w.org\/{rel}","templated":true}]}}