{"id":157850,"date":"2024-11-06T20:25:40","date_gmt":"2024-11-06T20:25:40","guid":{"rendered":"https:\/\/www.ole.com.ar\/autos\/franco-colapinto-impacto-redes-sociales-formula1-argentino_0_uGXYuwHTm4.html"},"modified":"2024-11-06T20:25:40","modified_gmt":"2024-11-06T20:25:40","slug":"el-impresionante-crecimiento-de-colapinto-en-redes-desde-que-llego-a-la-formula-1","status":"publish","type":"post","link":"http:\/\/cordobadirecto.com\/index.php\/2024\/11\/06\/el-impresionante-crecimiento-de-colapinto-en-redes-desde-que-llego-a-la-formula-1\/","title":{"rendered":"El impresionante crecimiento de Colapinto en redes desde que lleg\u00f3 a la F\u00f3rmula 1"},"content":{"rendered":"<p><time class=\"createDate\" datetime=\"2024-11-06T17:25:40-03:00\">06\/11\/2024 17:25hs.<\/time><\/p>\n<div id=\"storyBody\">\n<div class=\"custom-text \" readability=\"39\">\n<p>Desde su llegada a la <strong>F\u00f3rmula 1<\/strong>, <strong>Franco Colapinto <\/strong>se convirti\u00f3 en toda una sensaci\u00f3n. Porque el pilarense, quien le devolvi\u00f3 al automovilismo nacional un piloto en la M\u00e1xima tras 23 a\u00f1os, revolucion\u00f3 al p\u00fablico argentino y atrajo nuevas masas a la comunidad del deporte motor. Tras su debut en Monza, el nacido en Pilar que corre para la escuder\u00eda Williams llam\u00f3 la atenci\u00f3n de buena parte del mundo y <strong>eso se vio reflejado principalmente en las redes sociales.<\/strong><\/p>\n<\/div>\n<div class=\"custom-text \" readability=\"40\">\n<p>Antes de confirmarse que formar\u00eda parte de la categor\u00eda reina, el representante albiceleste contaba con un aproximado de 600.000 seguidores en su cuenta de Instagram, y <strong>ahora supera los 3.800.000, incrementando esa cantidad en un 516%<\/strong>. Y este fin de semana, en la previa del Gran Premio de Brasil, fue el integrante de la parrilla con m\u00e1s menciones en X (ex Twitter).<\/p>\n<\/div>\n<div class=\"custom-text \" readability=\"33.492307692308\">\n<p>Asimismo, durante el fin de semana en Interlagos <strong><a href=\"https:\/\/www.ole.com.ar\/tema\/C8djAMYYUo.html\" title=\"(donde choc\u00f3 dos veces y abandon\u00f3 por primera vez en la F1)\" alt=\"(donde choc\u00f3 dos veces y abandon\u00f3 por primera vez en la F1)\">(donde no la pas\u00f3 bien, choc\u00f3 dos veces y abandon\u00f3 por primera vez en la F1)<\/a><\/strong>, <strong>las b\u00fasquedas relacionadas a Colapinto en Google crecieron un 600%<\/strong>, principalmente en las que se lo vinculaba con Red Bull. De hecho, durante ese per\u00edodo, <strong>fue el argentino m\u00e1s buscado en todo el continente sudamericano, <\/strong>seg\u00fan datos de Marketing Registrado.<\/p>\n<\/div>\n<div class=\"sc-e7b891c4-0 ifHnQL image-embed\"><img alt=\"El impacto de Colapinto desde su llegada a la F\u00f3rmula 1.\" loading=\"lazy\" width=\"720\" height=\"100\" decoding=\"async\" data-nimg=\"1\" src=\"http:\/\/cordobadirecto.com\/wp-content\/uploads\/2024\/11\/el-impresionante-crecimiento-de-colapinto-en-redes-desde-que-llego-a-la-formula-1.jpg\"><span class=\"epigraphe\">El impacto de Colapinto desde su llegada a la F\u00f3rmula 1.<\/span><\/div>\n<div class=\"custom-text \" readability=\"31.894736842105\">\n<p>Pero la realidad es que estas estad\u00edsticas ya no sorprenden a nadie. Basta con ver la cantidad de hinchas argentinos que coparon el evento brasile\u00f1o, en donde Franco se sinti\u00f3 local. A\u00fan sin un lugar asegurado para la F1 el a\u00f1o que viene, y con la <strong><a href=\"https:\/\/www.ole.com.ar\/tema\/otPMxhIzjS.html\" title=\"mala noticia de que se le cerr\u00f3 una posibilidad en un equipo\" alt=\"mala noticia de que se le cerr\u00f3 una posibilidad en un equipo\">mala noticia de que se le cerr\u00f3 una puerta en otro equipo<\/a><\/strong>, el futuro de Colapinto sigue siendo un misterio.<\/p>\n<\/div>\n<div class=\"custom-text \" readability=\"36\">\n<p>\u00bfSe quedar\u00e1 en Williams como piloto de reserva? \u00bfSe ir\u00e1 a Red Bull o a Racing Bulls? De momento, no hay nada concreto. Pero lo que s\u00ed podemos afirmar, es que el furor que caus\u00f3 el argentino en la M\u00e1xima fue impactante.<\/p>\n<\/div>\n<div class=\"sc-e7b891c4-0 ifHnQL image-embed\"><img alt=\"Los hinchas argentinos coparon Interlagos. (REVISION)\" loading=\"lazy\" width=\"720\" height=\"100\" decoding=\"async\" data-nimg=\"1\" src=\"http:\/\/cordobadirecto.com\/wp-content\/uploads\/2024\/11\/el-impresionante-crecimiento-de-colapinto-en-redes-desde-que-llego-a-la-formula-1-1.jpg\"><span class=\"epigraphe\">Los hinchas argentinos coparon Interlagos. (REVISION)<\/span><\/div>\n<p><h2><strong>\u00bfCu\u00e1ndo vuelve a correr Franco Colapinto?<\/strong><\/h2>\n<\/p>\n<div class=\"custom-text \" readability=\"39\">\n<p>El <strong>Gran Premio de Las Vegas<\/strong> ser\u00e1 la pr\u00f3xima parada del argentino en la M\u00e1xima. En esta oportunidad, la antepen\u00faltima fecha del calendario se disputar\u00e1 en un circuito callejero, que recorre muchos de los puntos m\u00e1s emblem\u00e1ticos de la ciudad, y ser\u00e1 una carrera nocturna, por lo que los fan\u00e1ticos deber\u00e1n trasnochar para disfrutar del espect\u00e1culo desde Argentina.<\/p>\n<\/div>\n<div class=\"sc-e7b891c4-0 ifHnQL image-embed\"><img alt=\"El GP de Las Vegas ser\u00e1 la pr\u00f3xima parada de Colapinto en la F1.\" loading=\"lazy\" width=\"720\" height=\"100\" decoding=\"async\" data-nimg=\"1\" src=\"http:\/\/cordobadirecto.com\/wp-content\/uploads\/2024\/11\/el-impresionante-crecimiento-de-colapinto-en-redes-desde-que-llego-a-la-formula-1-2.jpg\"><span class=\"epigraphe\">El GP de Las Vegas ser\u00e1 la pr\u00f3xima parada de Colapinto en la F1.<\/span><\/div>\n<div class=\"custom-text \" readability=\"40\">\n<p>\u00bfCu\u00e1ndo ser\u00e1 la cita? La acci\u00f3n se iniciar\u00e1 el 21 de noviembre, con la primera tanda de entrenamientos. La clasificaci\u00f3n, en tanto, se desarrollar\u00e1 el s\u00e1bado entre las 3 y las 4 de la ma\u00f1ana, y <strong>la carrera ser\u00e1 el domingo 24 de noviembre, a las 3<\/strong>. Todo se podr\u00e1 ver en vivo por <strong>Fox Sports<\/strong> y<strong> Disney+ Premium<\/strong>.<\/p>\n<\/div>\n<div class=\"sc-a7166897-0 eoLsBE\" readability=\"6\">\n<section readability=\"2\"><picture><img alt=\"F\u00f3rmula 1 2025: todos los pilotos y equipos confirmados para la pr\u00f3xima temporada\" loading=\"lazy\" width=\"290\" height=\"290\" decoding=\"async\" data-nimg=\"1\" src=\"http:\/\/cordobadirecto.com\/wp-content\/uploads\/2024\/11\/el-impresionante-crecimiento-de-colapinto-en-redes-desde-que-llego-a-la-formula-1-3.jpg\"><\/picture>\n<p><span>Mir\u00e1 tambi\u00e9n<\/span><\/p>\n<hr>\n<h3>F\u00f3rmula 1 2025: todos los pilotos y equipos confirmados para la pr\u00f3xima temporada<\/h3>\n<\/p>\n<\/section>\n<\/div>\n<div class=\"sc-a7166897-0 eoLsBE\" readability=\"6\">\n<section readability=\"2\"><picture><img alt=\"El gran gesto de Colapinto tras el anuncio de la llegada de Bortoleto a Sauber\" loading=\"lazy\" width=\"290\" height=\"290\" decoding=\"async\" data-nimg=\"1\" src=\"http:\/\/cordobadirecto.com\/wp-content\/uploads\/2024\/11\/el-impresionante-crecimiento-de-colapinto-en-redes-desde-que-llego-a-la-formula-1-4.jpg\"><\/picture>\n<p><span>Mir\u00e1 tambi\u00e9n<\/span><\/p>\n<hr>\n<h3>El gran gesto de Colapinto tras el anuncio de la llegada de Bortoleto a Sauber<\/h3>\n<\/p>\n<\/section>\n<\/div>\n<div class=\"sc-a7166897-0 eoLsBE\" readability=\"6\">\n<section readability=\"2\"><picture><img alt=\"Malas noticias para Franco Colapinto: se le cerr\u00f3 una puerta de la F\u00f3rmula 1\" loading=\"lazy\" width=\"290\" height=\"290\" decoding=\"async\" data-nimg=\"1\" src=\"http:\/\/cordobadirecto.com\/wp-content\/uploads\/2024\/11\/el-impresionante-crecimiento-de-colapinto-en-redes-desde-que-llego-a-la-formula-1-5.jpg\"><\/picture>\n<p><span>Mir\u00e1 tambi\u00e9n<\/span><\/p>\n<hr>\n<h3>Malas noticias para Franco Colapinto: se le cerr\u00f3 una puerta de la F\u00f3rmula 1<\/h3>\n<\/p>\n<\/section>\n<\/div>\n<div class=\"sc-a7166897-0 eoLsBE\" readability=\"6.5\">\n<section readability=\"3\"><picture><img alt=\"El desesperado mensaje de un piloto de la F\u00f3rmula 1 bajo la lluvia en San Pablo: &quot;\u00a1Estoy tratando de no morir!&quot;\" loading=\"lazy\" width=\"290\" height=\"290\" decoding=\"async\" data-nimg=\"1\" src=\"http:\/\/cordobadirecto.com\/wp-content\/uploads\/2024\/11\/el-impresionante-crecimiento-de-colapinto-en-redes-desde-que-llego-a-la-formula-1-6.jpg\"><\/picture>\n<p><span>Mir\u00e1 tambi\u00e9n<\/span><\/p>\n<hr>\n<h3>El desesperado mensaje de un piloto de la F\u00f3rmula 1 bajo la lluvia en San Pablo: &#8220;\u00a1Estoy tratando de no morir!&#8221;<\/h3>\n<\/p>\n<\/section>\n<\/div>\n<\/div>\n","protected":false},"excerpt":{"rendered":"<p>06\/11\/2024 17:25hs. Desde su llegada a la F\u00f3rmula 1, Franco Colapinto se convirti\u00f3 en toda una sensaci\u00f3n. Porque el pilarense, quien le devolvi\u00f3 al automovilismo nacional un piloto en la M\u00e1xima tras 23 a\u00f1os, revolucion\u00f3 al p\u00fablico argentino y atrajo nuevas masas a la comunidad del deporte motor. Tras su debut en Monza, el nacido [&hellip;]<\/p>\n","protected":false},"author":1,"featured_media":157851,"comment_status":"closed","ping_status":"closed","sticky":false,"template":"","format":"standard","meta":[],"categories":[21],"tags":[],"_links":{"self":[{"href":"http:\/\/cordobadirecto.com\/index.php\/wp-json\/wp\/v2\/posts\/157850"}],"collection":[{"href":"http:\/\/cordobadirecto.com\/index.php\/wp-json\/wp\/v2\/posts"}],"about":[{"href":"http:\/\/cordobadirecto.com\/index.php\/wp-json\/wp\/v2\/types\/post"}],"author":[{"embeddable":true,"href":"http:\/\/cordobadirecto.com\/index.php\/wp-json\/wp\/v2\/users\/1"}],"replies":[{"embeddable":true,"href":"http:\/\/cordobadirecto.com\/index.php\/wp-json\/wp\/v2\/comments?post=157850"}],"version-history":[{"count":0,"href":"http:\/\/cordobadirecto.com\/index.php\/wp-json\/wp\/v2\/posts\/157850\/revisions"}],"wp:featuredmedia":[{"embeddable":true,"href":"http:\/\/cordobadirecto.com\/index.php\/wp-json\/wp\/v2\/media\/157851"}],"wp:attachment":[{"href":"http:\/\/cordobadirecto.com\/index.php\/wp-json\/wp\/v2\/media?parent=157850"}],"wp:term":[{"taxonomy":"category","embeddable":true,"href":"http:\/\/cordobadirecto.com\/index.php\/wp-json\/wp\/v2\/categories?post=157850"},{"taxonomy":"post_tag","embeddable":true,"href":"http:\/\/cordobadirecto.com\/index.php\/wp-json\/wp\/v2\/tags?post=157850"}],"curies":[{"name":"wp","href":"https:\/\/api.w.org\/{rel}","templated":true}]}}